{"id":62854,"date":"2025-12-29T12:14:58","date_gmt":"2025-12-29T15:14:58","guid":{"rendered":"https:\/\/radiorevelacionfm.cl\/?p=62854"},"modified":"2025-12-29T12:14:58","modified_gmt":"2025-12-29T15:14:58","slug":"malotun-ortiga-descentraliza-la-accion-cultural-comunitaria-74-actividades-y-un-total-de-12-000-participantes-durante-2025","status":"publish","type":"post","link":"https:\/\/radiorevelacionfm.cl\/?p=62854","title":{"rendered":"Malotun Ortiga descentraliza la acci\u00f3n cultural comunitaria: 74 actividades y un total de 12.000 participantes durante 2025"},"content":{"rendered":"<div class=\"flex_column av_one_full  flex_column_div av-zero-column-padding first  avia-builder-el-0  el_before_av_one_full  avia-builder-el-first  \" style='border-radius:0px; '><div  class='avia-image-container  av-styling-    avia-builder-el-1  avia-builder-el-no-sibling  avia-align-center '  itemprop=\"image\" itemscope=\"itemscope\" itemtype=\"https:\/\/schema.org\/ImageObject\"  ><div class='avia-image-container-inner'><div class='avia-image-overlay-wrap'><img decoding=\"async\" class='wp-image-62855 avia-img-lazy-loading-not-62855 avia_image' src=\"https:\/\/radiorevelacionfm.cl\/wp-content\/uploads\/2025\/12\/taller-de-produccion-1_optimized-1-1.jpg\" alt='' title='taller-de-producci\u00f3n-(1)_optimized (1) (1)' height=\"600\" width=\"800\"  itemprop=\"thumbnailUrl\" srcset=\"https:\/\/radiorevelacionfm.cl\/wp-content\/uploads\/2025\/12\/taller-de-produccion-1_optimized-1-1.jpg 800w, https:\/\/radiorevelacionfm.cl\/wp-content\/uploads\/2025\/12\/taller-de-produccion-1_optimized-1-1-300x225.jpg 300w, https:\/\/radiorevelacionfm.cl\/wp-content\/uploads\/2025\/12\/taller-de-produccion-1_optimized-1-1-768x576.jpg 768w, https:\/\/radiorevelacionfm.cl\/wp-content\/uploads\/2025\/12\/taller-de-produccion-1_optimized-1-1-705x529.jpg 705w, https:\/\/radiorevelacionfm.cl\/wp-content\/uploads\/2025\/12\/taller-de-produccion-1_optimized-1-1-450x338.jpg 450w, https:\/\/radiorevelacionfm.cl\/wp-content\/uploads\/2025\/12\/taller-de-produccion-1_optimized-1-1-600x450.jpg 600w\" sizes=\"(max-width: 800px) 100vw, 800px\" \/><\/div><\/div><\/div><\/div><div class=\"flex_column av_one_full  flex_column_div av-zero-column-padding first  avia-builder-el-2  el_after_av_one_full  el_before_av_one_full  column-top-margin\" style='border-radius:0px; '><section class=\"av_textblock_section \"  itemscope=\"itemscope\" itemtype=\"https:\/\/schema.org\/BlogPosting\" itemprop=\"blogPost\" ><div class='avia_textblock  '   itemprop=\"text\" ><p dir=\"ltr\" style=\"text-align: center;\"><strong><span style=\"font-size: 18pt;\">Malotun Ortiga descentraliza la acci\u00f3n cultural comunitaria:\u00a074 actividades y un total de 12.000 participantes durante 2025<\/span><\/strong><\/p>\n<div id=\"gtx-trans\" style=\"position: absolute; left: -50px; top: 4.31534px;\">\n<div class=\"gtx-trans-icon\"><\/div>\n<\/div>\n<\/div><\/section><\/div><div class=\"flex_column av_one_full  flex_column_div av-zero-column-padding first  avia-builder-el-4  el_after_av_one_full  el_before_av_hr  column-top-margin\" style='border-radius:0px; '><section class=\"av_textblock_section \"  itemscope=\"itemscope\" itemtype=\"https:\/\/schema.org\/BlogPosting\" itemprop=\"blogPost\" ><div class='avia_textblock  '   itemprop=\"text\" ><p dir=\"ltr\" style=\"text-align: justify;\">Este 2025 la Agrupaci\u00f3n Cultural Malotun Ortiga cumpli\u00f3 15 a\u00f1os de vida haciendo acci\u00f3n cultural comunitaria en la Regi\u00f3n de Ays\u00e9n. Durante este a\u00f1o, Malotun realiz\u00f3 un total de 74 actividades culturales en distintos puntos de nuestro territorio, las que contaron con m\u00e1s de 12.000 participantes. Cada una de estas instancias fueron posibles gracias a diversos financiamientos, como el Programa de Apoyo a Organizaciones Culturales Colaboradoras del Ministerio de las Culturas, las Artes y el Patrimonio, del cual la agrupaci\u00f3n es parte; el 8% FNDR del Gobierno Regional de Ays\u00e9n y Su Consejo; y el FICCOY de la Ilustre Municipalidad de Coyhaique.<\/p>\n<p dir=\"ltr\" style=\"text-align: justify;\">Robustecer la creaci\u00f3n art\u00edstica, fomentar la descentralizaci\u00f3n de las actividades, el respeto por el medio ambiente y adem\u00e1s valorar el trabajo colaborativo con instituciones, organizaciones y colaboradores, son prioridad a la hora de hablar de Malotun Ortiga. Una agrupaci\u00f3n que en 15 a\u00f1os ha democratizado el acceso a iniciativas art\u00edsticas, reduciendo las brechas existentes en la Regi\u00f3n de Ays\u00e9n y de paso, fortaleciendo el desarrollo integral de las personas y comunidades del territorio.<\/p>\n<p dir=\"ltr\" style=\"text-align: justify;\">Si vamos directamente a los n\u00fameros, este 2025 Malotun desarroll\u00f3 un total de 74 actividades, las que abarcaron artes esc\u00e9nicas, m\u00fasica, formaci\u00f3n y artes visuales, todas con acceso 100% gratuito. Estas se realizaron en diversos puntos de la regi\u00f3n con el fin \u00faltimo de materializar la convicci\u00f3n de que la cultura debe ser descentralizada. Es as\u00ed como durante este a\u00f1o se increment\u00f3 la programaci\u00f3n de actividades fuera de la capital regional, manteniendo actividades en territorios habituales como Puerto Ays\u00e9n y Villa Ortega, pero logrando este a\u00f1o llegar a Villa La Tapera, comuna de Lago Verde, Villa Ma\u00f1ihuales, comuna de Ays\u00e9n y Puerto Cisnes, comuna de Cisnes.<\/p>\n<p dir=\"ltr\" style=\"text-align: justify;\">Adem\u00e1s, este a\u00f1o Malot\u00fan decidi\u00f3 focalizar esfuerzos en fortalecer y dar continuidad a las actividades dirigidas a comunidades educativas para la formaci\u00f3n temprana de audiencias, contando con actividades en Coyhaique y en localidades rurales, convencidos de que la cultura es un pilar fundamental para el desarrollo y bienestar de las personas. En este contexto se realizaron 14 actividades focalizadas en comunidades educativas, las que contaron con 1.223 participantes, lo que engloba un trabajo serio, responsable y comprometido.<\/p>\n<p dir=\"ltr\" style=\"text-align: justify;\">Ver\u00f3nica Ibieta Basilli, directora de Malotun, se refiri\u00f3 a la exitosa traves\u00eda que result\u00f3 ser el 2025 para la destacada agrupaci\u00f3n cultural: \u201cEstamos muy contentos porque ha sido un a\u00f1o sumamente intenso y fruct\u00edfero. Cumplimos 15 a\u00f1os y hemo desarrollado una programaci\u00f3n continua desde enero a diciembre, donde se destacan\u00a0 iniciativas como el Festival de Teatro Patagonia en Escena que se desarrolla no solamente en su versi\u00f3n tradicional de noviembre, sino que tambi\u00e9n tuvimos extensiones. Estuvimos en Tapera, en Puerto Cisnes y en distintas localidades, donde aportamos a la descentralizaci\u00f3n. Tuvimos The Dark Side Of The Sur,\u00a0 que este 2025 cumpli\u00f3 10 a\u00f1os y que se desarroll\u00f3 bastante a pulso, porque uno de los financiamientos m\u00e1s importantes que es el FNDR no logr\u00f3 ser adjudicado, as\u00ed que tuvimos que generar varios auspicios y trabajo voluntario para que esto se desarrollara. Logramos desarrollar conciertos y tambi\u00e9n obras de teatro que se llevaron a cabo en distintas localidades, apuntando a un p\u00fablico no solamente general, sino que tambi\u00e9n estudiantes lo que nos satisface mucho, porque da la posibilidad de generar nuevas audiencias que quiz\u00e1s nunca han estado en el teatro o en un concierto, as\u00ed que de alguna manera tambi\u00e9n eso es algo destacar en el resumen de este a\u00f1o\u201d.<\/p>\n<p dir=\"ltr\" style=\"text-align: justify;\">Al mismo tiempo, Ibieta subray\u00f3 los grandes desaf\u00edos para el 2026: \u201cEl desaf\u00edo es siempre conseguir el financiamiento, ya hay algunos fondos adjudicados, pero siempre estamos en la incertidumbre constante. Queremos seguir fortaleciendo el \u00e1rea de formaci\u00f3n de manera continua a lo largo del a\u00f1o y para ello tambi\u00e9n hacemos un llamado a todas las autoridades para que podamos incluir distintos criterios que posibiliten el desarrollo de actividades en Coyhaique, y tambi\u00e9n en localidades rurales\u201d.<\/p>\n<p dir=\"ltr\" style=\"text-align: justify;\">En el 2025 Malotun trabaj\u00f3 con 44 compa\u00f1\u00edas, bandas y artistas, sum\u00f3 a 33 personas en equipo t\u00e9cnico, producci\u00f3n y comunicaciones. Finalmente, de cara al 2026, se avecinan nuevos desaf\u00edos y proyectos para Malotun Ortiga, junto con\u00a0 grandes oportunidades para seguir creciendo junto a la comunidad que es, finalmente, protagonista principal de toda iniciativa cultural.<\/p>\n<\/div><\/section><\/div><div  style='height:50px' class='hr hr-invisible   avia-builder-el-6  el_after_av_one_full  el_before_av_social_share '><span class='hr-inner ' ><span class='hr-inner-style'><\/span><\/span><\/div><\/p>\n<div  class='av-social-sharing-box  avia-builder-el-7  el_after_av_hr  el_before_av_hr  '><div class='av-share-box'><h5 class='av-share-link-description av-no-toc '>Compartir esta noticia<\/h5><ul class='av-share-box-list noLightbox'><li class='av-share-link av-social-link-facebook' ><a target=\"_blank\" aria-label=\"Compartir en Facebook\" href='https:\/\/www.facebook.com\/sharer.php?u=https:\/\/radiorevelacionfm.cl\/?p=62854&#038;t=Malotun%20Ortiga%20descentraliza%20la%20acci%C3%B3n%20cultural%20comunitaria%3A%2074%20actividades%20y%20un%20total%20de%2012.000%20participantes%20durante%202025' aria-hidden='false' data-av_icon='\ue8f3' data-av_iconfont='entypo-fontello' title='' data-avia-related-tooltip='Compartir en Facebook' rel=\"noopener\"><span class='avia_hidden_link_text'>Compartir en Facebook<\/span><\/a><\/li><li class='av-share-link av-social-link-twitter' ><a target=\"_blank\" aria-label=\"Compartir en Twitter\" href='https:\/\/twitter.com\/share?text=Malotun%20Ortiga%20descentraliza%20la%20acci%C3%B3n%20cultural%20comunitaria%3A%2074%20actividades%20y%20un%20total%20de%2012.000%20participantes%20durante%202025&#038;url=https:\/\/radiorevelacionfm.cl\/?p=62854' aria-hidden='false' data-av_icon='\ue8f1' data-av_iconfont='entypo-fontello' title='' data-avia-related-tooltip='Compartir en Twitter' rel=\"noopener\"><span class='avia_hidden_link_text'>Compartir en Twitter<\/span><\/a><\/li><li class='av-share-link av-social-link-whatsapp' ><a target=\"_blank\" aria-label=\"Compartir en Whatsapp\" href='https:\/\/api.whatsapp.com\/send?text=https:\/\/radiorevelacionfm.cl\/?p=62854' aria-hidden='false' data-av_icon='\uf232' data-av_iconfont='entypo-fontello' title='' data-avia-related-tooltip='Compartir en Whatsapp' rel=\"noopener\"><span class='avia_hidden_link_text'>Compartir en Whatsapp<\/span><\/a><\/li><li class='av-share-link av-social-link-linkedin' ><a target=\"_blank\" aria-label=\"Compartir en LinkedIn\" href='https:\/\/linkedin.com\/shareArticle?mini=true&#038;title=Malotun%20Ortiga%20descentraliza%20la%20acci%C3%B3n%20cultural%20comunitaria%3A%2074%20actividades%20y%20un%20total%20de%2012.000%20participantes%20durante%202025&#038;url=https:\/\/radiorevelacionfm.cl\/?p=62854' aria-hidden='false' data-av_icon='\ue8fc' data-av_iconfont='entypo-fontello' title='' data-avia-related-tooltip='Compartir en LinkedIn' rel=\"noopener\"><span class='avia_hidden_link_text'>Compartir en LinkedIn<\/span><\/a><\/li><li class='av-share-link av-social-link-mail' ><a  aria-label=\"Compartir por correo\" href='mailto:?subject=Malotun%20Ortiga%20descentraliza%20la%20acci%C3%B3n%20cultural%20comunitaria%3A%2074%20actividades%20y%20un%20total%20de%2012.000%20participantes%20durante%202025&#038;body=https:\/\/radiorevelacionfm.cl\/?p=62854' aria-hidden='false' data-av_icon='\ue805' data-av_iconfont='entypo-fontello' title='' data-avia-related-tooltip='Compartir por correo'><span class='avia_hidden_link_text'>Compartir por correo<\/span><\/a><\/li><\/ul><\/div><\/div>\n<div  style='height:50px' class='hr hr-invisible   avia-builder-el-8  el_after_av_social_share  el_before_av_comments_list '><span class='hr-inner ' ><span class='hr-inner-style'><\/span><\/span><\/div>\n<div  class='av-buildercomment  av-blog-meta-html-info-disabled av-blog-meta-tag-disabled  '><\/div>\n","protected":false},"excerpt":{"rendered":"","protected":false},"author":1,"featured_media":62855,"comment_status":"closed","ping_status":"closed","sticky":false,"template":"","format":"standard","meta":{"footnotes":""},"categories":[52],"tags":[],"class_list":["post-62854","post","type-post","status-publish","format-standard","has-post-thumbnail","hentry","category-cultura"],"jetpack_featured_media_url":"https:\/\/radiorevelacionfm.cl\/wp-content\/uploads\/2025\/12\/taller-de-produccion-1_optimized-1-1.jpg","_links":{"self":[{"href":"https:\/\/radiorevelacionfm.cl\/index.php?rest_route=\/wp\/v2\/posts\/62854","targetHints":{"allow":["GET"]}}],"collection":[{"href":"https:\/\/radiorevelacionfm.cl\/index.php?rest_route=\/wp\/v2\/posts"}],"about":[{"href":"https:\/\/radiorevelacionfm.cl\/index.php?rest_route=\/wp\/v2\/types\/post"}],"author":[{"embeddable":true,"href":"https:\/\/radiorevelacionfm.cl\/index.php?rest_route=\/wp\/v2\/users\/1"}],"replies":[{"embeddable":true,"href":"https:\/\/radiorevelacionfm.cl\/index.php?rest_route=%2Fwp%2Fv2%2Fcomments&post=62854"}],"version-history":[{"count":2,"href":"https:\/\/radiorevelacionfm.cl\/index.php?rest_route=\/wp\/v2\/posts\/62854\/revisions"}],"predecessor-version":[{"id":62857,"href":"https:\/\/radiorevelacionfm.cl\/index.php?rest_route=\/wp\/v2\/posts\/62854\/revisions\/62857"}],"wp:featuredmedia":[{"embeddable":true,"href":"https:\/\/radiorevelacionfm.cl\/index.php?rest_route=\/wp\/v2\/media\/62855"}],"wp:attachment":[{"href":"https:\/\/radiorevelacionfm.cl\/index.php?rest_route=%2Fwp%2Fv2%2Fmedia&parent=62854"}],"wp:term":[{"taxonomy":"category","embeddable":true,"href":"https:\/\/radiorevelacionfm.cl\/index.php?rest_route=%2Fwp%2Fv2%2Fcategories&post=62854"},{"taxonomy":"post_tag","embeddable":true,"href":"https:\/\/radiorevelacionfm.cl\/index.php?rest_route=%2Fwp%2Fv2%2Ftags&post=62854"}],"curies":[{"name":"wp","href":"https:\/\/api.w.org\/{rel}","templated":true}]}}