{"id":62850,"date":"2025-12-29T12:01:37","date_gmt":"2025-12-29T15:01:37","guid":{"rendered":"https:\/\/radiorevelacionfm.cl\/?p=62850"},"modified":"2025-12-29T12:01:37","modified_gmt":"2025-12-29T15:01:37","slug":"aprueban-uso-gratuito-de-inmuebles-fiscales-a-nueve-organizaciones-y-dos-municipios-de-la-region","status":"publish","type":"post","link":"https:\/\/radiorevelacionfm.cl\/?p=62850","title":{"rendered":"Aprueban uso gratuito de inmuebles fiscales a nueve organizaciones y dos municipios de la regi\u00f3n"},"content":{"rendered":"<div class=\"flex_column av_one_full  flex_column_div av-zero-column-padding first  avia-builder-el-0  el_before_av_one_full  avia-builder-el-first  \" style='border-radius:0px; '><div  class='avia-image-container  av-styling-    avia-builder-el-1  avia-builder-el-no-sibling  avia-align-center '  itemprop=\"image\" itemscope=\"itemscope\" itemtype=\"https:\/\/schema.org\/ImageObject\"  ><div class='avia-image-container-inner'><div class='avia-image-overlay-wrap'><img decoding=\"async\" class='wp-image-62851 avia-img-lazy-loading-not-62851 avia_image' src=\"https:\/\/radiorevelacionfm.cl\/wp-content\/uploads\/2025\/12\/20251219_113132-1_optimized.jpg\" alt='' title='20251219_113132-(1)_optimized' height=\"600\" width=\"800\"  itemprop=\"thumbnailUrl\" srcset=\"https:\/\/radiorevelacionfm.cl\/wp-content\/uploads\/2025\/12\/20251219_113132-1_optimized.jpg 800w, https:\/\/radiorevelacionfm.cl\/wp-content\/uploads\/2025\/12\/20251219_113132-1_optimized-300x225.jpg 300w, https:\/\/radiorevelacionfm.cl\/wp-content\/uploads\/2025\/12\/20251219_113132-1_optimized-768x576.jpg 768w, https:\/\/radiorevelacionfm.cl\/wp-content\/uploads\/2025\/12\/20251219_113132-1_optimized-705x529.jpg 705w, https:\/\/radiorevelacionfm.cl\/wp-content\/uploads\/2025\/12\/20251219_113132-1_optimized-450x338.jpg 450w, https:\/\/radiorevelacionfm.cl\/wp-content\/uploads\/2025\/12\/20251219_113132-1_optimized-600x450.jpg 600w\" sizes=\"(max-width: 800px) 100vw, 800px\" \/><\/div><\/div><\/div><\/div><div class=\"flex_column av_one_full  flex_column_div av-zero-column-padding first  avia-builder-el-2  el_after_av_one_full  el_before_av_one_full  column-top-margin\" style='border-radius:0px; '><section class=\"av_textblock_section \"  itemscope=\"itemscope\" itemtype=\"https:\/\/schema.org\/BlogPosting\" itemprop=\"blogPost\" ><div class='avia_textblock  '   itemprop=\"text\" ><p style=\"text-align: center;\"><strong><span style=\"font-size: 18pt;\">Aprueban uso gratuito de inmuebles fiscales a nueve organizaciones y dos municipios de la regi\u00f3n<\/span><\/strong><\/p>\n<div id=\"gtx-trans\" style=\"position: absolute; left: -50px; top: 4.31534px;\">\n<div class=\"gtx-trans-icon\"><\/div>\n<\/div>\n<\/div><\/section><\/div><div class=\"flex_column av_one_full  flex_column_div av-zero-column-padding first  avia-builder-el-4  el_after_av_one_full  el_before_av_hr  column-top-margin\" style='border-radius:0px; '><section class=\"av_textblock_section \"  itemscope=\"itemscope\" itemtype=\"https:\/\/schema.org\/BlogPosting\" itemprop=\"blogPost\" ><div class='avia_textblock  '   itemprop=\"text\" ><p style=\"text-align: justify;\"><em>Seremi de Bienes Nacionales destac\u00f3 que cinco comunas son las beneficiadas.<\/em><\/p>\n<p style=\"text-align: justify;\">Uno de los lineamientos del Ministerio de Bienes Nacionales que m\u00e1s beneficia a los territorios donde existe propiedad fiscal, tiene que ver con la entrega de concesiones gratuitas de inmuebles fiscales, con el fin de impulsar proyectos liderados por organizaciones sociales sin fines de lucro, servicios p\u00fablicos y tambi\u00e9n, municipalidades.<\/p>\n<p style=\"text-align: justify;\">En ese contexto, es que, desde la Seremi de Bienes Nacionales de Ays\u00e9n, destacaron que hace unos d\u00edas, fueron presentadas al plenario del Consejo Regional, once solicitudes de concesi\u00f3n, las que recibieron aprobaci\u00f3n un\u00e1nime por parte de los consejeros de las cuatro provincias de la regi\u00f3n, quienes tomaron conocimiento de aquellos proyectos que se implementar\u00e1n en los territorios que representan.<\/p>\n<p style=\"text-align: justify;\">La Seremi de la cartera, Irina Morend Valdebenito, destac\u00f3 que, \u201cel Ministerio de Bienes Nacionales cumple un rol muy importante con ir disponiendo suelo fiscal para organizaciones sociales, y en este caso, beneficiando a cinco territorios. En el caso de Villa Los Torreones, a la asociaci\u00f3n gremial campesina, en Villa Ortega, a su junta de vecinos, en el caso de Cochrane, una concesi\u00f3n a la municipalidad que beneficiar\u00e1 a la organizaci\u00f3n de rayuela. Y en Coyhaique, tambi\u00e9n aportamos suelo fiscal para la asociaci\u00f3n de tejo plano, club de motos, igualmente a dos organizaciones de adultos mayores: Siempre J\u00f3venes y Los Colonos\u2026\u201d, dijo la autoridad, agregando en su presentaci\u00f3n ante los Cores, que, Bienes Nacionales es un socio estrat\u00e9gico, tanto de las organizaciones sociales, como de los municipios, servicios p\u00fablicos e incluso del propio Gobierno Regional, ya que, del total de recursos que la instituci\u00f3n entrega para la concreci\u00f3n de proyectos de diversa \u00edndole, un n\u00famero importante se ejecuta sobre suelo fiscal, convirti\u00e9ndose \u00e9ste patrimonio, en un pilar fundamental para el desarrollo de los territorios de Ays\u00e9n.<\/p>\n<p style=\"text-align: justify;\">Luisa Hern\u00e1ndez Mansilla junto a las representantes de la Asociaci\u00f3n Gremial de Campesinos y Ganaderos de Villa Los Torreones, agradecieron la oportunidad de contar con una concesi\u00f3n gratuita del inmueble fiscal donde opera su centro de actividades y reuniones, y, adem\u00e1s, destacaron que, el contar con la resoluci\u00f3n por cinco a\u00f1os, les permitir\u00e1 \u201cobtener la resoluci\u00f3n sanitaria para poder hacer otro tipo de actividades dentro de la A.G.\u201d.<\/p>\n<p style=\"text-align: justify;\">Alejandra Carrillo, presidenta de la A.G. de Mujeres Campesinas de la Patagonia, agradeci\u00f3 que se les haya otorgado una nueva concesi\u00f3n por cinco a\u00f1os m\u00e1s. \u201cLlevamos desde 2015 en la sede y ah\u00ed hacemos talleres, reuniones, encuentros, capacitaciones y tambi\u00e9n sirve como hospedaje para las mujeres que vienen desde distintos puntos de la regi\u00f3n y se evitan de estar pagando pensi\u00f3n y todos esos gastos que conlleva hacer tr\u00e1mites en Coyhaique\u201d, sostuvo.<\/p>\n<p style=\"text-align: justify;\">Finalmente, desde la Seremi de Bienes Nacionales de Ays\u00e9n, informaron que, tras un exitoso proceso de postulaci\u00f3n, y con la aprobaci\u00f3n un\u00e1nime por parte del Consejo Regional, se otorgar\u00e1n concesiones de uso gratuito de inmueble fiscal a: Cuerpo de Bomberos de Cochrane, Municipalidad de Cochrane (espacio para rayuela), A.G. Campesinos y Ganaderos Los Torreones, Fundaci\u00f3n \u00c1rea Marina Protegida Pitipalena A\u00f1ihue de Puerto Ra\u00fal Mar\u00edn Balmaceda, Club de Adultos Mayores Los Colonos, Agrupaci\u00f3n Siempre J\u00f3venes, Club de Motos Coyhaique, Asociaci\u00f3n Gremial de Mujeres Campesinas de la Patagonia Ays\u00e9n, Municipalidad de Coyhaique (Sede JJ.VV. Corvi), Junta de Vecinos de Villa Ortega y a la Agrupaci\u00f3n de Rayuela Tejo Plano de Coyhaique.<\/p>\n<\/div><\/section><\/div><div  style='height:50px' class='hr hr-invisible   avia-builder-el-6  el_after_av_one_full  el_before_av_social_share '><span class='hr-inner ' ><span class='hr-inner-style'><\/span><\/span><\/div><\/p>\n<div  class='av-social-sharing-box  avia-builder-el-7  el_after_av_hr  el_before_av_hr  '><div class='av-share-box'><h5 class='av-share-link-description av-no-toc '>Compartir esta noticia<\/h5><ul class='av-share-box-list noLightbox'><li class='av-share-link av-social-link-facebook' ><a target=\"_blank\" aria-label=\"Compartir en Facebook\" href='https:\/\/www.facebook.com\/sharer.php?u=https:\/\/radiorevelacionfm.cl\/?p=62850&#038;t=Aprueban%20uso%20gratuito%20de%20inmuebles%20fiscales%20a%20nueve%20organizaciones%20y%20dos%20municipios%20de%20la%20regi%C3%B3n' aria-hidden='false' data-av_icon='\ue8f3' data-av_iconfont='entypo-fontello' title='' data-avia-related-tooltip='Compartir en Facebook' rel=\"noopener\"><span class='avia_hidden_link_text'>Compartir en Facebook<\/span><\/a><\/li><li class='av-share-link av-social-link-twitter' ><a target=\"_blank\" aria-label=\"Compartir en Twitter\" href='https:\/\/twitter.com\/share?text=Aprueban%20uso%20gratuito%20de%20inmuebles%20fiscales%20a%20nueve%20organizaciones%20y%20dos%20municipios%20de%20la%20regi%C3%B3n&#038;url=https:\/\/radiorevelacionfm.cl\/?p=62850' aria-hidden='false' data-av_icon='\ue8f1' data-av_iconfont='entypo-fontello' title='' data-avia-related-tooltip='Compartir en Twitter' rel=\"noopener\"><span class='avia_hidden_link_text'>Compartir en Twitter<\/span><\/a><\/li><li class='av-share-link av-social-link-whatsapp' ><a target=\"_blank\" aria-label=\"Compartir en Whatsapp\" href='https:\/\/api.whatsapp.com\/send?text=https:\/\/radiorevelacionfm.cl\/?p=62850' aria-hidden='false' data-av_icon='\uf232' data-av_iconfont='entypo-fontello' title='' data-avia-related-tooltip='Compartir en Whatsapp' rel=\"noopener\"><span class='avia_hidden_link_text'>Compartir en Whatsapp<\/span><\/a><\/li><li class='av-share-link av-social-link-linkedin' ><a target=\"_blank\" aria-label=\"Compartir en LinkedIn\" href='https:\/\/linkedin.com\/shareArticle?mini=true&#038;title=Aprueban%20uso%20gratuito%20de%20inmuebles%20fiscales%20a%20nueve%20organizaciones%20y%20dos%20municipios%20de%20la%20regi%C3%B3n&#038;url=https:\/\/radiorevelacionfm.cl\/?p=62850' aria-hidden='false' data-av_icon='\ue8fc' data-av_iconfont='entypo-fontello' title='' data-avia-related-tooltip='Compartir en LinkedIn' rel=\"noopener\"><span class='avia_hidden_link_text'>Compartir en LinkedIn<\/span><\/a><\/li><li class='av-share-link av-social-link-mail' ><a  aria-label=\"Compartir por correo\" href='mailto:?subject=Aprueban%20uso%20gratuito%20de%20inmuebles%20fiscales%20a%20nueve%20organizaciones%20y%20dos%20municipios%20de%20la%20regi%C3%B3n&#038;body=https:\/\/radiorevelacionfm.cl\/?p=62850' aria-hidden='false' data-av_icon='\ue805' data-av_iconfont='entypo-fontello' title='' data-avia-related-tooltip='Compartir por correo'><span class='avia_hidden_link_text'>Compartir por correo<\/span><\/a><\/li><\/ul><\/div><\/div>\n<div  style='height:50px' class='hr hr-invisible   avia-builder-el-8  el_after_av_social_share  el_before_av_comments_list '><span class='hr-inner ' ><span class='hr-inner-style'><\/span><\/span><\/div>\n<div  class='av-buildercomment  av-blog-meta-html-info-disabled av-blog-meta-tag-disabled  '><\/div>\n","protected":false},"excerpt":{"rendered":"","protected":false},"author":1,"featured_media":62851,"comment_status":"closed","ping_status":"closed","sticky":false,"template":"","format":"standard","meta":{"footnotes":""},"categories":[38],"tags":[],"class_list":["post-62850","post","type-post","status-publish","format-standard","has-post-thumbnail","hentry","category-regional"],"jetpack_featured_media_url":"https:\/\/radiorevelacionfm.cl\/wp-content\/uploads\/2025\/12\/20251219_113132-1_optimized.jpg","_links":{"self":[{"href":"https:\/\/radiorevelacionfm.cl\/index.php?rest_route=\/wp\/v2\/posts\/62850","targetHints":{"allow":["GET"]}}],"collection":[{"href":"https:\/\/radiorevelacionfm.cl\/index.php?rest_route=\/wp\/v2\/posts"}],"about":[{"href":"https:\/\/radiorevelacionfm.cl\/index.php?rest_route=\/wp\/v2\/types\/post"}],"author":[{"embeddable":true,"href":"https:\/\/radiorevelacionfm.cl\/index.php?rest_route=\/wp\/v2\/users\/1"}],"replies":[{"embeddable":true,"href":"https:\/\/radiorevelacionfm.cl\/index.php?rest_route=%2Fwp%2Fv2%2Fcomments&post=62850"}],"version-history":[{"count":2,"href":"https:\/\/radiorevelacionfm.cl\/index.php?rest_route=\/wp\/v2\/posts\/62850\/revisions"}],"predecessor-version":[{"id":62853,"href":"https:\/\/radiorevelacionfm.cl\/index.php?rest_route=\/wp\/v2\/posts\/62850\/revisions\/62853"}],"wp:featuredmedia":[{"embeddable":true,"href":"https:\/\/radiorevelacionfm.cl\/index.php?rest_route=\/wp\/v2\/media\/62851"}],"wp:attachment":[{"href":"https:\/\/radiorevelacionfm.cl\/index.php?rest_route=%2Fwp%2Fv2%2Fmedia&parent=62850"}],"wp:term":[{"taxonomy":"category","embeddable":true,"href":"https:\/\/radiorevelacionfm.cl\/index.php?rest_route=%2Fwp%2Fv2%2Fcategories&post=62850"},{"taxonomy":"post_tag","embeddable":true,"href":"https:\/\/radiorevelacionfm.cl\/index.php?rest_route=%2Fwp%2Fv2%2Ftags&post=62850"}],"curies":[{"name":"wp","href":"https:\/\/api.w.org\/{rel}","templated":true}]}}