{"id":62846,"date":"2025-12-29T11:53:38","date_gmt":"2025-12-29T14:53:38","guid":{"rendered":"https:\/\/radiorevelacionfm.cl\/?p=62846"},"modified":"2025-12-29T11:53:38","modified_gmt":"2025-12-29T14:53:38","slug":"empresa-reciclajes-martino-consolida-gestion-de-residuos-en-la-region-de-aysen","status":"publish","type":"post","link":"https:\/\/radiorevelacionfm.cl\/?p=62846","title":{"rendered":"Empresa Reciclajes Martino consolida gesti\u00f3n de residuos en la regi\u00f3n de Ays\u00e9n"},"content":{"rendered":"<div class=\"flex_column av_one_full  flex_column_div av-zero-column-padding first  avia-builder-el-0  el_before_av_one_full  avia-builder-el-first  \" style='border-radius:0px; '><div  class='avia-image-container  av-styling-    avia-builder-el-1  avia-builder-el-no-sibling  avia-align-center '  itemprop=\"image\" itemscope=\"itemscope\" itemtype=\"https:\/\/schema.org\/ImageObject\"  ><div class='avia-image-container-inner'><div class='avia-image-overlay-wrap'><img decoding=\"async\" class='wp-image-62847 avia-img-lazy-loading-not-62847 avia_image' src=\"https:\/\/radiorevelacionfm.cl\/wp-content\/uploads\/2025\/12\/m1-2-1_optimized-1.jpg\" alt='' title='m1-(2)-(1)_optimized (1)' height=\"600\" width=\"1067\"  itemprop=\"thumbnailUrl\" srcset=\"https:\/\/radiorevelacionfm.cl\/wp-content\/uploads\/2025\/12\/m1-2-1_optimized-1.jpg 1067w, https:\/\/radiorevelacionfm.cl\/wp-content\/uploads\/2025\/12\/m1-2-1_optimized-1-300x169.jpg 300w, https:\/\/radiorevelacionfm.cl\/wp-content\/uploads\/2025\/12\/m1-2-1_optimized-1-1030x579.jpg 1030w, https:\/\/radiorevelacionfm.cl\/wp-content\/uploads\/2025\/12\/m1-2-1_optimized-1-768x432.jpg 768w, https:\/\/radiorevelacionfm.cl\/wp-content\/uploads\/2025\/12\/m1-2-1_optimized-1-705x396.jpg 705w, https:\/\/radiorevelacionfm.cl\/wp-content\/uploads\/2025\/12\/m1-2-1_optimized-1-450x253.jpg 450w, https:\/\/radiorevelacionfm.cl\/wp-content\/uploads\/2025\/12\/m1-2-1_optimized-1-600x337.jpg 600w\" sizes=\"(max-width: 1067px) 100vw, 1067px\" \/><\/div><\/div><\/div><\/div><div class=\"flex_column av_one_full  flex_column_div av-zero-column-padding first  avia-builder-el-2  el_after_av_one_full  el_before_av_one_full  column-top-margin\" style='border-radius:0px; '><section class=\"av_textblock_section \"  itemscope=\"itemscope\" itemtype=\"https:\/\/schema.org\/BlogPosting\" itemprop=\"blogPost\" ><div class='avia_textblock  '   itemprop=\"text\" ><p style=\"text-align: center;\"><strong><span style=\"font-size: 18pt;\">Empresa Reciclajes Martino consolida gesti\u00f3n de residuos en la regi\u00f3n de Ays\u00e9n<\/span><\/strong><\/p>\n<div id=\"gtx-trans\" style=\"position: absolute; left: -50px; top: 4.31534px;\">\n<div class=\"gtx-trans-icon\"><\/div>\n<\/div>\n<\/div><\/section><\/div><div class=\"flex_column av_one_full  flex_column_div av-zero-column-padding first  avia-builder-el-4  el_after_av_one_full  el_before_av_hr  column-top-margin\" style='border-radius:0px; '><section class=\"av_textblock_section \"  itemscope=\"itemscope\" itemtype=\"https:\/\/schema.org\/BlogPosting\" itemprop=\"blogPost\" ><div class='avia_textblock  '   itemprop=\"text\" ><p style=\"text-align: justify;\">M\u00e1s de 500 toneladas de residuos domiciliarios e industriales de tipo inorg\u00e1nico de la Regi\u00f3n de Ays\u00e9n, tuvieron una correcta disposici\u00f3n y destino final, durante este a\u00f1o 2025, como resultado de la gesti\u00f3n de la Empresa Reciclajes Martino.<\/p>\n<p style=\"text-align: justify;\">Desde la Planta de Tratamiento, ubicada en la ruta que une a Puerto Chacabuco y Puerto Ays\u00e9n, fueron recolectados, almacenados de manera temporal y posteriormente \u00a0\u00a0despachados hacia otras plantas recicladoras del pa\u00eds, elementos como vidrio, cart\u00f3n, papel,\u00a0 latas, pl\u00e1stico y fierro, entre otros residuos, provenientes de comunas y localidades tan apartadas como Chile Chico, Cochrane, Puerto Bertrand, Caleta Tortel, Villa O\u2019Higgins, Cerro Castillo, Bah\u00eda Murta, Puerto Tranquilo, Puerto Ingeniero Ib\u00e1\u00f1ez,\u00a0 Puyuhuapi, Islas Huichas, Puerto Cisnes, La Junta, Villa Ma\u00f1ihuales, Puerto Chacabuco y Puerto Ays\u00e9n. Principalmente, mediante convenios de colaboraci\u00f3n entre la empresa y los municipios locales, garantizando con ello, un correcto destino final de dichos elementos en la cadena de reciclaje.<\/p>\n<p style=\"text-align: justify;\">\u201cNuestro balance del a\u00f1o 2025 es muy positivo porque hemos \u00a0ampliado nuestra cobertura regional en materia de gesti\u00f3n de residuos, incorporando a otras comunas de la Regi\u00f3n de Ays\u00e9n en este desaf\u00edo. Eso se traduce en\u00a0 una disminuci\u00f3n de los niveles de contaminaci\u00f3n y un compromiso con la protecci\u00f3n de nuestro medio ambiente, gracias a la participaci\u00f3n activa de todas las comunidades que han ido incorporando en su vida cotidiana\u00a0 la cultura del reciclaje\u201d, afirm\u00f3 Christian Martino, representante de la empresa en Ays\u00e9n.<\/p>\n<p style=\"text-align: justify;\">Al respecto, agreg\u00f3 que la empresa sigue adelante con su misi\u00f3n de promover la econom\u00eda circular y la concientizaci\u00f3n ambiental,\u00a0 contribuyendo al desarrollo sostenible de la regi\u00f3n en el futuro.<\/p>\n<p style=\"text-align: justify;\"><strong>CONCIENCIA EDUCATIVA<\/strong><\/p>\n<p style=\"text-align: justify;\">Una de las iniciativas m\u00e1s destacadas del quehacer\u00a0 de Reciclajes Martino ha sido la implementaci\u00f3n de charlas y talleres de concientizaci\u00f3n ambiental en jardines infantiles,\u00a0 establecimientos\u00a0 educativos y juntas de vecinos.\u00a0 Apoyados por el emblem\u00e1tico y pintoresco \u00a0trencito ecol\u00f3gico y por profesionales del programa \u201cReinventa Ays\u00e9n\u201d, el convoy recorre las calles de distintas ciudades recolectando residuos desde los puntos limpios; mientras las educadoras interact\u00faan con las nuevas generaciones en torno a conceptos como el reciclaje, la reutilizaci\u00f3n y el cuidado del medio ambiente.<\/p>\n<p style=\"text-align: justify;\">Tambi\u00e9n destacan las visitas guiadas de delegaciones de estudiantes a la Planta de Tratamiento de Residuos S\u00f3lidos Domiciliarios e Industriales, ubicada en la comuna de Puerto Ays\u00e9n. Durante el a\u00f1o 2025,\u00a0 por ejemplo, acudieron cursos pertenecientes a instituciones como el Centro de Formaci\u00f3n T\u00e9cnica Estatal de Ays\u00e9n, el Instituto Nacional de Capacitaci\u00f3n y Empleo\u00a0 (INACAP) y la Universidad de Ays\u00e9n, entre otros, donde los estudiantes pudieron conocer in situ el proceso de reciclaje, incorporando herramientas de conocimiento pr\u00e1ctico a su desarrollo profesional futuro.<\/p>\n<p style=\"text-align: justify;\">Al respecto, Christian Martino enfatiza que\u00a0 \u201ceste a\u00f1o tuvimos muchas visitas en nuestra planta de tratamiento de residuos, desde jardines infantiles hasta centros de educaci\u00f3n t\u00e9cnica y\u00a0 superior. Y para nosotros es muy valioso que esto ocurra y sean cada vez m\u00e1s las personas e instituciones que conozcan nuestro quehacer, porque\u00a0 todo parte desde la educaci\u00f3n; sin educaci\u00f3n ambiental ni concientizaci\u00f3n, no veremos los resultados que todos esperamos\u201d, enfatiz\u00f3.<\/p>\n<p style=\"text-align: justify;\"><strong>DESARROLLO PRODUCTIVO Y SUSTENTABLE<\/strong><\/p>\n<p style=\"text-align: justify;\">La empresa Reciclajes Martino ha demostrado que es posible combinar el crecimiento econ\u00f3mico con la protecci\u00f3n del medio ambiente y el desarrollo sostenible.<\/p>\n<p style=\"text-align: justify;\">Durante el 2025, por ejemplo, continu\u00f3\u00a0 desarrollando gestiones de\u00a0 recepci\u00f3n, tratamiento y despacho\u00a0 de residuos pertenecientes a\u00a0 la industria salmonera, con quien se vincula de manera colaborativa\u00a0 en los procesos de reciclaje, mediante el programa \u201cAtando Cabos\u201d.<\/p>\n<p style=\"text-align: justify;\">Tambi\u00e9n fue invitada a la Feria de Sustentabilidad celebrada en Coyhaique con la participaci\u00f3n de actores privados pertenecientes al sector productivo y econ\u00f3mico, como as\u00ed\u00a0 tambi\u00e9n al sector p\u00fablico.<\/p>\n<p style=\"text-align: justify;\">Destacada\u00a0 fue tambi\u00e9n su participaci\u00f3n en el Plan de Desarrollo Tur\u00edstico de la comuna de Ays\u00e9n, donde se hizo presente con un Punto Limpio, un tren ecol\u00f3gico de propulsi\u00f3n el\u00e9ctrica y charlas de concientizaci\u00f3n ambiental.<\/p>\n<p style=\"text-align: justify;\">Del mismo modo, destacaron como hitos del a\u00f1o 2025, la organizaci\u00f3n de una Campa\u00f1a de Recolecci\u00f3n de Bater\u00edas desuso en la comuna de Ays\u00e9n y la participaci\u00f3n de la empresa en el proyecto deportivo \u201cConciencia Ambiental y Econom\u00eda Circular\u201d, convocado por el Club Deportivo Astros de la Patagonia, de la ciudad de Coyhaique.<\/p>\n<p style=\"text-align: justify;\">Con este tipo de acciones, la Empresa\u00a0 Reciclajes Martino busca contribuir al posicionamiento de Ays\u00e9n como una regi\u00f3n comprometida con la protecci\u00f3n del entorno natural y la sustentabilidad.<\/p>\n<\/div><\/section><\/div><div  style='height:50px' class='hr hr-invisible   avia-builder-el-6  el_after_av_one_full  el_before_av_social_share '><span class='hr-inner ' ><span class='hr-inner-style'><\/span><\/span><\/div><\/p>\n<div  class='av-social-sharing-box  avia-builder-el-7  el_after_av_hr  el_before_av_hr  '><div class='av-share-box'><h5 class='av-share-link-description av-no-toc '>Compartir esta noticia<\/h5><ul class='av-share-box-list noLightbox'><li class='av-share-link av-social-link-facebook' ><a target=\"_blank\" aria-label=\"Compartir en Facebook\" href='https:\/\/www.facebook.com\/sharer.php?u=https:\/\/radiorevelacionfm.cl\/?p=62846&#038;t=Empresa%20Reciclajes%20Martino%20consolida%20gesti%C3%B3n%20de%20residuos%20en%20la%20regi%C3%B3n%20de%20Ays%C3%A9n' aria-hidden='false' data-av_icon='\ue8f3' data-av_iconfont='entypo-fontello' title='' data-avia-related-tooltip='Compartir en Facebook' rel=\"noopener\"><span class='avia_hidden_link_text'>Compartir en Facebook<\/span><\/a><\/li><li class='av-share-link av-social-link-twitter' ><a target=\"_blank\" aria-label=\"Compartir en Twitter\" href='https:\/\/twitter.com\/share?text=Empresa%20Reciclajes%20Martino%20consolida%20gesti%C3%B3n%20de%20residuos%20en%20la%20regi%C3%B3n%20de%20Ays%C3%A9n&#038;url=https:\/\/radiorevelacionfm.cl\/?p=62846' aria-hidden='false' data-av_icon='\ue8f1' data-av_iconfont='entypo-fontello' title='' data-avia-related-tooltip='Compartir en Twitter' rel=\"noopener\"><span class='avia_hidden_link_text'>Compartir en Twitter<\/span><\/a><\/li><li class='av-share-link av-social-link-whatsapp' ><a target=\"_blank\" aria-label=\"Compartir en Whatsapp\" href='https:\/\/api.whatsapp.com\/send?text=https:\/\/radiorevelacionfm.cl\/?p=62846' aria-hidden='false' data-av_icon='\uf232' data-av_iconfont='entypo-fontello' title='' data-avia-related-tooltip='Compartir en Whatsapp' rel=\"noopener\"><span class='avia_hidden_link_text'>Compartir en Whatsapp<\/span><\/a><\/li><li class='av-share-link av-social-link-linkedin' ><a target=\"_blank\" aria-label=\"Compartir en LinkedIn\" href='https:\/\/linkedin.com\/shareArticle?mini=true&#038;title=Empresa%20Reciclajes%20Martino%20consolida%20gesti%C3%B3n%20de%20residuos%20en%20la%20regi%C3%B3n%20de%20Ays%C3%A9n&#038;url=https:\/\/radiorevelacionfm.cl\/?p=62846' aria-hidden='false' data-av_icon='\ue8fc' data-av_iconfont='entypo-fontello' title='' data-avia-related-tooltip='Compartir en LinkedIn' rel=\"noopener\"><span class='avia_hidden_link_text'>Compartir en LinkedIn<\/span><\/a><\/li><li class='av-share-link av-social-link-mail' ><a  aria-label=\"Compartir por correo\" href='mailto:?subject=Empresa%20Reciclajes%20Martino%20consolida%20gesti%C3%B3n%20de%20residuos%20en%20la%20regi%C3%B3n%20de%20Ays%C3%A9n&#038;body=https:\/\/radiorevelacionfm.cl\/?p=62846' aria-hidden='false' data-av_icon='\ue805' data-av_iconfont='entypo-fontello' title='' data-avia-related-tooltip='Compartir por correo'><span class='avia_hidden_link_text'>Compartir por correo<\/span><\/a><\/li><\/ul><\/div><\/div>\n<div  style='height:50px' class='hr hr-invisible   avia-builder-el-8  el_after_av_social_share  el_before_av_comments_list '><span class='hr-inner ' ><span class='hr-inner-style'><\/span><\/span><\/div>\n<div  class='av-buildercomment  av-blog-meta-html-info-disabled av-blog-meta-tag-disabled  '><\/div>\n","protected":false},"excerpt":{"rendered":"","protected":false},"author":1,"featured_media":62847,"comment_status":"closed","ping_status":"closed","sticky":false,"template":"","format":"standard","meta":{"footnotes":""},"categories":[38],"tags":[],"class_list":["post-62846","post","type-post","status-publish","format-standard","has-post-thumbnail","hentry","category-regional"],"jetpack_featured_media_url":"https:\/\/radiorevelacionfm.cl\/wp-content\/uploads\/2025\/12\/m1-2-1_optimized-1.jpg","_links":{"self":[{"href":"https:\/\/radiorevelacionfm.cl\/index.php?rest_route=\/wp\/v2\/posts\/62846","targetHints":{"allow":["GET"]}}],"collection":[{"href":"https:\/\/radiorevelacionfm.cl\/index.php?rest_route=\/wp\/v2\/posts"}],"about":[{"href":"https:\/\/radiorevelacionfm.cl\/index.php?rest_route=\/wp\/v2\/types\/post"}],"author":[{"embeddable":true,"href":"https:\/\/radiorevelacionfm.cl\/index.php?rest_route=\/wp\/v2\/users\/1"}],"replies":[{"embeddable":true,"href":"https:\/\/radiorevelacionfm.cl\/index.php?rest_route=%2Fwp%2Fv2%2Fcomments&post=62846"}],"version-history":[{"count":2,"href":"https:\/\/radiorevelacionfm.cl\/index.php?rest_route=\/wp\/v2\/posts\/62846\/revisions"}],"predecessor-version":[{"id":62849,"href":"https:\/\/radiorevelacionfm.cl\/index.php?rest_route=\/wp\/v2\/posts\/62846\/revisions\/62849"}],"wp:featuredmedia":[{"embeddable":true,"href":"https:\/\/radiorevelacionfm.cl\/index.php?rest_route=\/wp\/v2\/media\/62847"}],"wp:attachment":[{"href":"https:\/\/radiorevelacionfm.cl\/index.php?rest_route=%2Fwp%2Fv2%2Fmedia&parent=62846"}],"wp:term":[{"taxonomy":"category","embeddable":true,"href":"https:\/\/radiorevelacionfm.cl\/index.php?rest_route=%2Fwp%2Fv2%2Fcategories&post=62846"},{"taxonomy":"post_tag","embeddable":true,"href":"https:\/\/radiorevelacionfm.cl\/index.php?rest_route=%2Fwp%2Fv2%2Ftags&post=62846"}],"curies":[{"name":"wp","href":"https:\/\/api.w.org\/{rel}","templated":true}]}}