{"id":62841,"date":"2025-12-28T19:14:49","date_gmt":"2025-12-28T22:14:49","guid":{"rendered":"https:\/\/radiorevelacionfm.cl\/?p=62841"},"modified":"2025-12-28T19:25:29","modified_gmt":"2025-12-28T22:25:29","slug":"en-prision-preventiva-quedaron-2-de-los-3-imputados-por-el-delito-de-robo-con-violencia-a-turistas-chinos-ocurrido-en-puerto-aysen","status":"publish","type":"post","link":"https:\/\/radiorevelacionfm.cl\/?p=62841","title":{"rendered":"En prisi\u00f3n preventiva quedaron 2 de los 3 imputados por el delito de robo con violencia a turistas chinos ocurrido en Puerto Ays\u00e9n"},"content":{"rendered":"<div class=\"flex_column av_one_full  flex_column_div av-zero-column-padding first  avia-builder-el-0  el_before_av_one_full  avia-builder-el-first  \" style='border-radius:0px; '><div  class='avia-image-container  av-styling-    avia-builder-el-1  avia-builder-el-no-sibling  avia-align-center '  itemprop=\"image\" itemscope=\"itemscope\" itemtype=\"https:\/\/schema.org\/ImageObject\"  ><div class='avia-image-container-inner'><div class='avia-image-overlay-wrap'><img decoding=\"async\" class='wp-image-54190 avia-img-lazy-loading-not-54190 avia_image' src=\"https:\/\/radiorevelacionfm.cl\/wp-content\/uploads\/2025\/05\/juzgado-aysen-1_optimized-1.jpg\" alt='' title='juzgado-aysen-(1)_optimized (1)' height=\"600\" width=\"941\"  itemprop=\"thumbnailUrl\" srcset=\"https:\/\/radiorevelacionfm.cl\/wp-content\/uploads\/2025\/05\/juzgado-aysen-1_optimized-1.jpg 941w, https:\/\/radiorevelacionfm.cl\/wp-content\/uploads\/2025\/05\/juzgado-aysen-1_optimized-1-300x191.jpg 300w, https:\/\/radiorevelacionfm.cl\/wp-content\/uploads\/2025\/05\/juzgado-aysen-1_optimized-1-768x490.jpg 768w, https:\/\/radiorevelacionfm.cl\/wp-content\/uploads\/2025\/05\/juzgado-aysen-1_optimized-1-705x450.jpg 705w, https:\/\/radiorevelacionfm.cl\/wp-content\/uploads\/2025\/05\/juzgado-aysen-1_optimized-1-450x287.jpg 450w, https:\/\/radiorevelacionfm.cl\/wp-content\/uploads\/2025\/05\/juzgado-aysen-1_optimized-1-600x383.jpg 600w\" sizes=\"(max-width: 941px) 100vw, 941px\" \/><\/div><\/div><\/div><\/div>\n<div class=\"flex_column av_one_full  flex_column_div av-zero-column-padding first  avia-builder-el-2  el_after_av_one_full  el_before_av_one_full  column-top-margin\" style='border-radius:0px; '><section class=\"av_textblock_section \"  itemscope=\"itemscope\" itemtype=\"https:\/\/schema.org\/BlogPosting\" itemprop=\"blogPost\" ><div class='avia_textblock  '   itemprop=\"text\" ><p style=\"text-align: center;\"><strong><span style=\"font-size: 18pt;\">En prisi\u00f3n preventiva quedaron 2 de los 3 imputados por el delito de robo con violencia a turistas chinos <\/span><\/strong><span style=\"font-size: x-large;\"><b>ocurrido en Puerto Ays\u00e9n<\/b><\/span><\/p>\n<div id=\"gtx-trans\" style=\"position: absolute; left: -50px; top: 4.31534px;\">\n<div class=\"gtx-trans-icon\"><\/div>\n<\/div>\n<\/div><\/section><\/div><div class=\"flex_column av_one_full  flex_column_div av-zero-column-padding first  avia-builder-el-4  el_after_av_one_full  el_before_av_hr  column-top-margin\" style='border-radius:0px; '><section class=\"av_textblock_section \"  itemscope=\"itemscope\" itemtype=\"https:\/\/schema.org\/BlogPosting\" itemprop=\"blogPost\" ><div class='avia_textblock  '   itemprop=\"text\" ><p style=\"font-weight: 400; text-align: justify;\"><em>El tercer imputado qued\u00f3 con arresto domiciliario nocturno y firma quincenal, medida a la que el Ministerio P\u00fablico apelar\u00e1 ante la Corte de Apelaciones de Coyhaique.<\/em><\/p>\n<p style=\"font-weight: 400; text-align: justify;\">Este s\u00e1bado -27 de diciembre 2025- en el Juzgado de Letras y Garant\u00eda de Puerto Ays\u00e9n, el Ministerio P\u00fablico formaliz\u00f3 a tres imputados por robo con violencia que tuvo como v\u00edctimas a dos turistas de nacionalidad china, que se encontraban visitando la regi\u00f3n en un crucero que recal\u00f3 en Puerto Chacabuco.<\/p>\n<p style=\"font-weight: 400; text-align: justify;\">Tras los argumentos tanto de la defensa como de la fiscal\u00eda, el juez que dirigi\u00f3 la audiencia determin\u00f3 dejar bajo la medida cautelar de prisi\u00f3n preventiva a dos de los tres sujetos que fueron parte de los hechos, que ocurrieron durante la ma\u00f1ana de Navidad, en las inmediaciones del puente Presidente Ib\u00e1\u00f1ez.<\/p>\n<p style=\"font-weight: 400; text-align: justify;\">\u00abSe llev\u00f3 a efecto la audiencia de formalizaci\u00f3n ante el Tribunal de Garant\u00eda de Puerto Ays\u00e9n, contra los tres imputados sindicados por el delito de robo con violencia cometido en contra de dos ciudadanos chinos. Al efecto el tribunal dio por acreditado el hecho punible, la participaci\u00f3n de dos de los imputados y dispuso respecto a ellos la medida cautelar de prisi\u00f3n preventiva\u00bb, indic\u00f3 el fiscal Alex Olivero.<\/p>\n<p style=\"font-weight: 400; text-align: justify;\">El persecutor a\u00f1adi\u00f3 que el tercer imputado qued\u00f3 con medidas cautelares menores, ante lo cual apelar\u00e1 a la Corte de Apelaciones de Coyhaique, con el fin de que tambi\u00e9n se someta a la medida de prisi\u00f3n preventiva. \u00abEl tercer imputado qued\u00f3 con medida de arresto domiciliario nocturno y firma quincenal en Carabineros, ante lo cual apelamos verbalmente respecto de este imputado y se elevar\u00e1n los autos a la ilustr\u00edsima Corte de Apelaciones quien resolver\u00e1, en definitiva\u00bb.<\/p>\n<p style=\"text-align: justify;\">Los imputados registran domicilios en Coyhaique, Villa Ma\u00f1ihuales y Puerto Ays\u00e9n, aunque este \u00faltimo es oriundo de Santiago.<\/p>\n<\/div><\/section><\/div><div  style='height:50px' class='hr hr-invisible   avia-builder-el-6  el_after_av_one_full  el_before_av_social_share '><span class='hr-inner ' ><span class='hr-inner-style'><\/span><\/span><\/div><\/p>\n<div  class='av-social-sharing-box  avia-builder-el-7  el_after_av_hr  el_before_av_hr  '><div class='av-share-box'><h5 class='av-share-link-description av-no-toc '>Compartir esta noticia<\/h5><ul class='av-share-box-list noLightbox'><li class='av-share-link av-social-link-facebook' ><a target=\"_blank\" aria-label=\"Compartir en Facebook\" href='https:\/\/www.facebook.com\/sharer.php?u=https:\/\/radiorevelacionfm.cl\/?p=62841&#038;t=En%20prisi%C3%B3n%20preventiva%20quedaron%202%20de%20los%203%20imputados%20por%20el%20delito%20de%20robo%20con%20violencia%20a%20turistas%20chinos%20ocurrido%20en%20Puerto%20Ays%C3%A9n' aria-hidden='false' data-av_icon='\ue8f3' data-av_iconfont='entypo-fontello' title='' data-avia-related-tooltip='Compartir en Facebook' rel=\"noopener\"><span class='avia_hidden_link_text'>Compartir en Facebook<\/span><\/a><\/li><li class='av-share-link av-social-link-twitter' ><a target=\"_blank\" aria-label=\"Compartir en Twitter\" href='https:\/\/twitter.com\/share?text=En%20prisi%C3%B3n%20preventiva%20quedaron%202%20de%20los%203%20imputados%20por%20el%20delito%20de%20robo%20con%20violencia%20a%20turistas%20chinos%20ocurrido%20en%20Puerto%20Ays%C3%A9n&#038;url=https:\/\/radiorevelacionfm.cl\/?p=62841' aria-hidden='false' data-av_icon='\ue8f1' data-av_iconfont='entypo-fontello' title='' data-avia-related-tooltip='Compartir en Twitter' rel=\"noopener\"><span class='avia_hidden_link_text'>Compartir en Twitter<\/span><\/a><\/li><li class='av-share-link av-social-link-whatsapp' ><a target=\"_blank\" aria-label=\"Compartir en Whatsapp\" href='https:\/\/api.whatsapp.com\/send?text=https:\/\/radiorevelacionfm.cl\/?p=62841' aria-hidden='false' data-av_icon='\uf232' data-av_iconfont='entypo-fontello' title='' data-avia-related-tooltip='Compartir en Whatsapp' rel=\"noopener\"><span class='avia_hidden_link_text'>Compartir en Whatsapp<\/span><\/a><\/li><li class='av-share-link av-social-link-linkedin' ><a target=\"_blank\" aria-label=\"Compartir en LinkedIn\" href='https:\/\/linkedin.com\/shareArticle?mini=true&#038;title=En%20prisi%C3%B3n%20preventiva%20quedaron%202%20de%20los%203%20imputados%20por%20el%20delito%20de%20robo%20con%20violencia%20a%20turistas%20chinos%20ocurrido%20en%20Puerto%20Ays%C3%A9n&#038;url=https:\/\/radiorevelacionfm.cl\/?p=62841' aria-hidden='false' data-av_icon='\ue8fc' data-av_iconfont='entypo-fontello' title='' data-avia-related-tooltip='Compartir en LinkedIn' rel=\"noopener\"><span class='avia_hidden_link_text'>Compartir en LinkedIn<\/span><\/a><\/li><li class='av-share-link av-social-link-mail' ><a  aria-label=\"Compartir por correo\" href='mailto:?subject=En%20prisi%C3%B3n%20preventiva%20quedaron%202%20de%20los%203%20imputados%20por%20el%20delito%20de%20robo%20con%20violencia%20a%20turistas%20chinos%20ocurrido%20en%20Puerto%20Ays%C3%A9n&#038;body=https:\/\/radiorevelacionfm.cl\/?p=62841' aria-hidden='false' data-av_icon='\ue805' data-av_iconfont='entypo-fontello' title='' data-avia-related-tooltip='Compartir por correo'><span class='avia_hidden_link_text'>Compartir por correo<\/span><\/a><\/li><\/ul><\/div><\/div>\n<div  style='height:50px' class='hr hr-invisible   avia-builder-el-8  el_after_av_social_share  el_before_av_comments_list '><span class='hr-inner ' ><span class='hr-inner-style'><\/span><\/span><\/div>\n<div  class='av-buildercomment  av-blog-meta-html-info-disabled av-blog-meta-tag-disabled  '><\/div>\n","protected":false},"excerpt":{"rendered":"","protected":false},"author":1,"featured_media":54190,"comment_status":"closed","ping_status":"closed","sticky":false,"template":"","format":"standard","meta":{"footnotes":""},"categories":[55],"tags":[],"class_list":["post-62841","post","type-post","status-publish","format-standard","has-post-thumbnail","hentry","category-justicia"],"jetpack_featured_media_url":"https:\/\/radiorevelacionfm.cl\/wp-content\/uploads\/2025\/05\/juzgado-aysen-1_optimized-1.jpg","_links":{"self":[{"href":"https:\/\/radiorevelacionfm.cl\/index.php?rest_route=\/wp\/v2\/posts\/62841","targetHints":{"allow":["GET"]}}],"collection":[{"href":"https:\/\/radiorevelacionfm.cl\/index.php?rest_route=\/wp\/v2\/posts"}],"about":[{"href":"https:\/\/radiorevelacionfm.cl\/index.php?rest_route=\/wp\/v2\/types\/post"}],"author":[{"embeddable":true,"href":"https:\/\/radiorevelacionfm.cl\/index.php?rest_route=\/wp\/v2\/users\/1"}],"replies":[{"embeddable":true,"href":"https:\/\/radiorevelacionfm.cl\/index.php?rest_route=%2Fwp%2Fv2%2Fcomments&post=62841"}],"version-history":[{"count":3,"href":"https:\/\/radiorevelacionfm.cl\/index.php?rest_route=\/wp\/v2\/posts\/62841\/revisions"}],"predecessor-version":[{"id":62844,"href":"https:\/\/radiorevelacionfm.cl\/index.php?rest_route=\/wp\/v2\/posts\/62841\/revisions\/62844"}],"wp:featuredmedia":[{"embeddable":true,"href":"https:\/\/radiorevelacionfm.cl\/index.php?rest_route=\/wp\/v2\/media\/54190"}],"wp:attachment":[{"href":"https:\/\/radiorevelacionfm.cl\/index.php?rest_route=%2Fwp%2Fv2%2Fmedia&parent=62841"}],"wp:term":[{"taxonomy":"category","embeddable":true,"href":"https:\/\/radiorevelacionfm.cl\/index.php?rest_route=%2Fwp%2Fv2%2Fcategories&post=62841"},{"taxonomy":"post_tag","embeddable":true,"href":"https:\/\/radiorevelacionfm.cl\/index.php?rest_route=%2Fwp%2Fv2%2Ftags&post=62841"}],"curies":[{"name":"wp","href":"https:\/\/api.w.org\/{rel}","templated":true}]}}