{"id":62837,"date":"2025-12-28T17:01:27","date_gmt":"2025-12-28T20:01:27","guid":{"rendered":"https:\/\/radiorevelacionfm.cl\/?p=62837"},"modified":"2025-12-28T17:01:27","modified_gmt":"2025-12-28T20:01:27","slug":"senador-sandoval-chile-necesitaba-un-cambio-para-recuperar-estabilidad-orden-y-confianza","status":"publish","type":"post","link":"https:\/\/radiorevelacionfm.cl\/?p=62837","title":{"rendered":"Senador Sandoval:  \u201cChile necesitaba un cambio para recuperar estabilidad, orden y confianza\u201d"},"content":{"rendered":"<div class=\"flex_column av_one_full  flex_column_div av-zero-column-padding first  avia-builder-el-0  el_before_av_one_full  avia-builder-el-first  \" style='border-radius:0px; '><div  class='avia-image-container  av-styling-    avia-builder-el-1  avia-builder-el-no-sibling  avia-align-center '  itemprop=\"image\" itemscope=\"itemscope\" itemtype=\"https:\/\/schema.org\/ImageObject\"  ><div class='avia-image-container-inner'><div class='avia-image-overlay-wrap'><img decoding=\"async\" class='wp-image-62838 avia-img-lazy-loading-not-62838 avia_image' src=\"https:\/\/radiorevelacionfm.cl\/wp-content\/uploads\/2025\/12\/Sandoval-2-2.jpg\" alt='' title='Sandoval -2-2' height=\"600\" width=\"900\"  itemprop=\"thumbnailUrl\" srcset=\"https:\/\/radiorevelacionfm.cl\/wp-content\/uploads\/2025\/12\/Sandoval-2-2.jpg 900w, https:\/\/radiorevelacionfm.cl\/wp-content\/uploads\/2025\/12\/Sandoval-2-2-300x200.jpg 300w, https:\/\/radiorevelacionfm.cl\/wp-content\/uploads\/2025\/12\/Sandoval-2-2-768x512.jpg 768w, https:\/\/radiorevelacionfm.cl\/wp-content\/uploads\/2025\/12\/Sandoval-2-2-705x470.jpg 705w, https:\/\/radiorevelacionfm.cl\/wp-content\/uploads\/2025\/12\/Sandoval-2-2-450x300.jpg 450w, https:\/\/radiorevelacionfm.cl\/wp-content\/uploads\/2025\/12\/Sandoval-2-2-600x400.jpg 600w\" sizes=\"(max-width: 900px) 100vw, 900px\" \/><\/div><\/div><\/div><\/div><div class=\"flex_column av_one_full  flex_column_div av-zero-column-padding first  avia-builder-el-2  el_after_av_one_full  el_before_av_one_full  column-top-margin\" style='border-radius:0px; '><section class=\"av_textblock_section \"  itemscope=\"itemscope\" itemtype=\"https:\/\/schema.org\/BlogPosting\" itemprop=\"blogPost\" ><div class='avia_textblock  '   itemprop=\"text\" ><p style=\"font-weight: 400; text-align: center;\"><strong><span style=\"font-size: 18pt;\">Senador Sandoval:\u00a0\u201cChile necesitaba un cambio para recuperar estabilidad, orden y confianza\u201d<\/span><\/strong><\/p>\n<div id=\"gtx-trans\" style=\"position: absolute; left: -50px; top: 4.31534px;\">\n<div class=\"gtx-trans-icon\"><\/div>\n<\/div>\n<\/div><\/section><\/div><div class=\"flex_column av_one_full  flex_column_div av-zero-column-padding first  avia-builder-el-4  el_after_av_one_full  el_before_av_hr  column-top-margin\" style='border-radius:0px; '><section class=\"av_textblock_section \"  itemscope=\"itemscope\" itemtype=\"https:\/\/schema.org\/BlogPosting\" itemprop=\"blogPost\" ><div class='avia_textblock  '   itemprop=\"text\" ><ul>\n<li style=\"font-weight: 400; text-align: justify;\"><em>Al terminar el a\u00f1o, parlamentario se refiri\u00f3 a los desaf\u00edos del pr\u00f3ximo gobierno de Jos\u00e9 Antonio Kast, critic\u00f3 llamado a movilizarse del PC ante la nueva administraci\u00f3n y cuestion\u00f3 los llamados \u201camarres\u201d, en el marco del reajuste del sector p\u00fablico.<\/em><\/li>\n<li style=\"font-weight: 400; text-align: justify;\"><em>Tambien, agradeci\u00f3 el permanente respaldo de la comunidad durante su trabajo en el \u00e1mbito p\u00fablico.<\/em><\/li>\n<\/ul>\n<p style=\"font-weight: 400; text-align: justify;\">En el marco del cierre del a\u00f1o 2025, el senador David Sandoval, afirm\u00f3 que Chile necesita un cambio de ciclo, capaz de devolver estabilidad pol\u00edtica, responsabilidad institucional y respuestas concretas a las principales demandas de la ciudadan\u00eda, tras a\u00f1os de vaivenes y polarizaci\u00f3n.<\/p>\n<p style=\"font-weight: 400; text-align: justify;\">Durante su habitual espacio radial de los fines de semana, el parlamentario fue enf\u00e1tico en se\u00f1alar que se le debe dar estabilidad al pa\u00eds. \u201cCada cuatro a\u00f1os vamos de un gobierno al otro extremo. Y cada gobierno pretendiendo hacernos creer que hoy d\u00eda s\u00ed que comenzamos de nuevo, lo que no ha pasado estos \u00faltimos a\u00f1os, donde no ha ocurrido precisamente esto. Debemos darle estabilidad al pa\u00eds\u201d, sostuvo.<\/p>\n<p style=\"font-weight: 400; text-align: justify;\">En ese contexto, calific\u00f3 como un hecho in\u00e9dito el nivel de respaldo con el que asume el presidente electo Jos\u00e9 Antonio Kast, se\u00f1alando que ello implica una enorme responsabilidad. \u201cNi la Concertaci\u00f3n ni la oposici\u00f3n logr\u00f3 tener un Gobierno con este nivel de respaldo con el cual asume Jos\u00e9 Antonio Kast. Yo creo que tambi\u00e9n para \u00e9l, no me cabe la menor duda, debe constituir una tremenda responsabilidad. Y un buen gobierno creo que deber\u00eda abrir las puertas para darle m\u00e1s continuidad\u201d, indic\u00f3.<\/p>\n<p style=\"font-weight: 400; text-align: justify;\"><strong>Cr\u00edticas a la confrontaci\u00f3n y a la irresponsabilidad institucional<\/strong><\/p>\n<p style=\"font-weight: 400; text-align: justify;\">El senador Sandoval tambi\u00e9n cuestion\u00f3 el llamado que hizo en los \u00faltimos d\u00edas el Partido Comunista (PC) a promover movilizaciones desde el inicio del nuevo gobierno, se\u00f1alando que esa postura responde a una l\u00f3gica permanente de confrontaci\u00f3n. \u201cEl Partido Comunista siempre ha estado en esa posici\u00f3n. Por eso la gente debe entender que las cosas de milagro no acontecen. Ning\u00fan gobierno tiene la varita m\u00e1gica para resolver todos los problemas que tiene nuestro pa\u00eds. La comunidad tiene que estar siempre al lado de lo que es correcto. Y lo que hace el Partido Comunista no llama absolutamente nunca la atenci\u00f3n\u201d, enfatiz\u00f3.<\/p>\n<p style=\"font-weight: 400; text-align: justify;\">Asimismo, expres\u00f3 su preocupaci\u00f3n por la pol\u00e9mica relacionada con los llamados \u201camarres\u201d, en el marco de la discusi\u00f3n del reajuste del sector p\u00fablico, calific\u00e1ndolas como se\u00f1ales de irresponsabilidad pol\u00edtica. \u201cEstas son las cosas lamentables que hacen que los gobiernos al final del d\u00eda sean absolutamente irresponsables. No est\u00e1n pensando en el pa\u00eds si no est\u00e1n pensando en el beneficio de los amigos, de los correligionarios, y no precisamente del pa\u00eds\u201d, advirti\u00f3.<\/p>\n<p style=\"font-weight: 400; text-align: justify;\"><strong>\u201cAgradecido del permanente respaldo\u201d\u00a0<\/strong><\/p>\n<p style=\"font-weight: 400; text-align: justify;\">Por otro lado, el parlamentario tambi\u00e9n agradeci\u00f3 el respaldo permanente de la comunidad regional, destacando el fuerte v\u00ednculo humano que lo une a Ays\u00e9n y a su gente. \u201cUn profundo reconocimiento por nuestras comunidades. Me ha tocado servir en tantos lugares distintos, conocer a gente tan linda que, hasta el d\u00eda de hoy, a pesar de los a\u00f1os, a pesar del tiempo que pasa, uno siempre siente que tiene un v\u00ednculo humano m\u00e1s all\u00e1 de los tiempos, m\u00e1s all\u00e1 de los hechos, m\u00e1s all\u00e1 de los acontecimientos.\u201d, se\u00f1al\u00f3.<\/p>\n<p style=\"font-weight: 400; text-align: justify;\">Sandoval, finalmente, subray\u00f3 que \u201cla gente en nuestra regi\u00f3n es gente afectiva que busca precisamente avanzar y crecer\u201d y por lo mismo destac\u00f3 el permanente compromiso mostrado durante todos estos a\u00f1os de gesti\u00f3n.<\/p>\n<\/div><\/section><\/div><div  style='height:50px' class='hr hr-invisible   avia-builder-el-6  el_after_av_one_full  el_before_av_social_share '><span class='hr-inner ' ><span class='hr-inner-style'><\/span><\/span><\/div><\/p>\n<div  class='av-social-sharing-box  avia-builder-el-7  el_after_av_hr  el_before_av_hr  '><div class='av-share-box'><h5 class='av-share-link-description av-no-toc '>Compartir esta noticia<\/h5><ul class='av-share-box-list noLightbox'><li class='av-share-link av-social-link-facebook' ><a target=\"_blank\" aria-label=\"Compartir en Facebook\" href='https:\/\/www.facebook.com\/sharer.php?u=https:\/\/radiorevelacionfm.cl\/?p=62837&#038;t=Senador%20Sandoval%3A%20%20%E2%80%9CChile%20necesitaba%20un%20cambio%20para%20recuperar%20estabilidad%2C%20orden%20y%20confianza%E2%80%9D' aria-hidden='false' data-av_icon='\ue8f3' data-av_iconfont='entypo-fontello' title='' data-avia-related-tooltip='Compartir en Facebook' rel=\"noopener\"><span class='avia_hidden_link_text'>Compartir en Facebook<\/span><\/a><\/li><li class='av-share-link av-social-link-twitter' ><a target=\"_blank\" aria-label=\"Compartir en Twitter\" href='https:\/\/twitter.com\/share?text=Senador%20Sandoval%3A%20%20%E2%80%9CChile%20necesitaba%20un%20cambio%20para%20recuperar%20estabilidad%2C%20orden%20y%20confianza%E2%80%9D&#038;url=https:\/\/radiorevelacionfm.cl\/?p=62837' aria-hidden='false' data-av_icon='\ue8f1' data-av_iconfont='entypo-fontello' title='' data-avia-related-tooltip='Compartir en Twitter' rel=\"noopener\"><span class='avia_hidden_link_text'>Compartir en Twitter<\/span><\/a><\/li><li class='av-share-link av-social-link-whatsapp' ><a target=\"_blank\" aria-label=\"Compartir en Whatsapp\" href='https:\/\/api.whatsapp.com\/send?text=https:\/\/radiorevelacionfm.cl\/?p=62837' aria-hidden='false' data-av_icon='\uf232' data-av_iconfont='entypo-fontello' title='' data-avia-related-tooltip='Compartir en Whatsapp' rel=\"noopener\"><span class='avia_hidden_link_text'>Compartir en Whatsapp<\/span><\/a><\/li><li class='av-share-link av-social-link-linkedin' ><a target=\"_blank\" aria-label=\"Compartir en LinkedIn\" href='https:\/\/linkedin.com\/shareArticle?mini=true&#038;title=Senador%20Sandoval%3A%20%20%E2%80%9CChile%20necesitaba%20un%20cambio%20para%20recuperar%20estabilidad%2C%20orden%20y%20confianza%E2%80%9D&#038;url=https:\/\/radiorevelacionfm.cl\/?p=62837' aria-hidden='false' data-av_icon='\ue8fc' data-av_iconfont='entypo-fontello' title='' data-avia-related-tooltip='Compartir en LinkedIn' rel=\"noopener\"><span class='avia_hidden_link_text'>Compartir en LinkedIn<\/span><\/a><\/li><li class='av-share-link av-social-link-mail' ><a  aria-label=\"Compartir por correo\" href='mailto:?subject=Senador%20Sandoval%3A%20%20%E2%80%9CChile%20necesitaba%20un%20cambio%20para%20recuperar%20estabilidad%2C%20orden%20y%20confianza%E2%80%9D&#038;body=https:\/\/radiorevelacionfm.cl\/?p=62837' aria-hidden='false' data-av_icon='\ue805' data-av_iconfont='entypo-fontello' title='' data-avia-related-tooltip='Compartir por correo'><span class='avia_hidden_link_text'>Compartir por correo<\/span><\/a><\/li><\/ul><\/div><\/div>\n<div  style='height:50px' class='hr hr-invisible   avia-builder-el-8  el_after_av_social_share  el_before_av_comments_list '><span class='hr-inner ' ><span class='hr-inner-style'><\/span><\/span><\/div>\n<div  class='av-buildercomment  av-blog-meta-html-info-disabled av-blog-meta-tag-disabled  '><\/div>\n","protected":false},"excerpt":{"rendered":"","protected":false},"author":1,"featured_media":62838,"comment_status":"closed","ping_status":"closed","sticky":false,"template":"","format":"standard","meta":{"footnotes":""},"categories":[35],"tags":[],"class_list":["post-62837","post","type-post","status-publish","format-standard","has-post-thumbnail","hentry","category-politica"],"jetpack_featured_media_url":"https:\/\/radiorevelacionfm.cl\/wp-content\/uploads\/2025\/12\/Sandoval-2-2.jpg","_links":{"self":[{"href":"https:\/\/radiorevelacionfm.cl\/index.php?rest_route=\/wp\/v2\/posts\/62837","targetHints":{"allow":["GET"]}}],"collection":[{"href":"https:\/\/radiorevelacionfm.cl\/index.php?rest_route=\/wp\/v2\/posts"}],"about":[{"href":"https:\/\/radiorevelacionfm.cl\/index.php?rest_route=\/wp\/v2\/types\/post"}],"author":[{"embeddable":true,"href":"https:\/\/radiorevelacionfm.cl\/index.php?rest_route=\/wp\/v2\/users\/1"}],"replies":[{"embeddable":true,"href":"https:\/\/radiorevelacionfm.cl\/index.php?rest_route=%2Fwp%2Fv2%2Fcomments&post=62837"}],"version-history":[{"count":2,"href":"https:\/\/radiorevelacionfm.cl\/index.php?rest_route=\/wp\/v2\/posts\/62837\/revisions"}],"predecessor-version":[{"id":62840,"href":"https:\/\/radiorevelacionfm.cl\/index.php?rest_route=\/wp\/v2\/posts\/62837\/revisions\/62840"}],"wp:featuredmedia":[{"embeddable":true,"href":"https:\/\/radiorevelacionfm.cl\/index.php?rest_route=\/wp\/v2\/media\/62838"}],"wp:attachment":[{"href":"https:\/\/radiorevelacionfm.cl\/index.php?rest_route=%2Fwp%2Fv2%2Fmedia&parent=62837"}],"wp:term":[{"taxonomy":"category","embeddable":true,"href":"https:\/\/radiorevelacionfm.cl\/index.php?rest_route=%2Fwp%2Fv2%2Fcategories&post=62837"},{"taxonomy":"post_tag","embeddable":true,"href":"https:\/\/radiorevelacionfm.cl\/index.php?rest_route=%2Fwp%2Fv2%2Ftags&post=62837"}],"curies":[{"name":"wp","href":"https:\/\/api.w.org\/{rel}","templated":true}]}}