{"id":62833,"date":"2025-12-28T16:33:08","date_gmt":"2025-12-28T19:33:08","guid":{"rendered":"https:\/\/radiorevelacionfm.cl\/?p=62833"},"modified":"2025-12-28T16:33:08","modified_gmt":"2025-12-28T19:33:08","slug":"96-familias-del-comite-proyecto-joven-de-balmaceda-recibieron-las-escrituras-de-sus-viviendas","status":"publish","type":"post","link":"https:\/\/radiorevelacionfm.cl\/?p=62833","title":{"rendered":"96 Familias del comit\u00e9 \u201cProyecto Joven\u201d de Balmaceda recibieron las escrituras de sus viviendas"},"content":{"rendered":"<div class=\"flex_column av_one_full  flex_column_div av-zero-column-padding first  avia-builder-el-0  el_before_av_one_full  avia-builder-el-first  \" style='border-radius:0px; '><div  class='avia-image-container  av-styling-    avia-builder-el-1  avia-builder-el-no-sibling  avia-align-center '  itemprop=\"image\" itemscope=\"itemscope\" itemtype=\"https:\/\/schema.org\/ImageObject\"  ><div class='avia-image-container-inner'><div class='avia-image-overlay-wrap'><img decoding=\"async\" class='wp-image-62834 avia-img-lazy-loading-not-62834 avia_image' src=\"https:\/\/radiorevelacionfm.cl\/wp-content\/uploads\/2025\/12\/autoridades-del-minvu-entregan-escrituras-a-96-familias-del-comite-proyecto-joven-de-balmaceda-2-2_optimized-2.jpeg\" alt='' title='autoridades-del-minvu-entregan-escrituras-a-96-familias-del-comit\u00e9-proyecto-joven-de-balmaceda-2-2_optimized-2' height=\"600\" width=\"1143\"  itemprop=\"thumbnailUrl\" srcset=\"https:\/\/radiorevelacionfm.cl\/wp-content\/uploads\/2025\/12\/autoridades-del-minvu-entregan-escrituras-a-96-familias-del-comite-proyecto-joven-de-balmaceda-2-2_optimized-2.jpeg 1143w, https:\/\/radiorevelacionfm.cl\/wp-content\/uploads\/2025\/12\/autoridades-del-minvu-entregan-escrituras-a-96-familias-del-comite-proyecto-joven-de-balmaceda-2-2_optimized-2-300x157.jpeg 300w, https:\/\/radiorevelacionfm.cl\/wp-content\/uploads\/2025\/12\/autoridades-del-minvu-entregan-escrituras-a-96-familias-del-comite-proyecto-joven-de-balmaceda-2-2_optimized-2-1030x541.jpeg 1030w, https:\/\/radiorevelacionfm.cl\/wp-content\/uploads\/2025\/12\/autoridades-del-minvu-entregan-escrituras-a-96-familias-del-comite-proyecto-joven-de-balmaceda-2-2_optimized-2-768x403.jpeg 768w, https:\/\/radiorevelacionfm.cl\/wp-content\/uploads\/2025\/12\/autoridades-del-minvu-entregan-escrituras-a-96-familias-del-comite-proyecto-joven-de-balmaceda-2-2_optimized-2-705x370.jpeg 705w, https:\/\/radiorevelacionfm.cl\/wp-content\/uploads\/2025\/12\/autoridades-del-minvu-entregan-escrituras-a-96-familias-del-comite-proyecto-joven-de-balmaceda-2-2_optimized-2-450x236.jpeg 450w, https:\/\/radiorevelacionfm.cl\/wp-content\/uploads\/2025\/12\/autoridades-del-minvu-entregan-escrituras-a-96-familias-del-comite-proyecto-joven-de-balmaceda-2-2_optimized-2-600x315.jpeg 600w\" sizes=\"(max-width: 1143px) 100vw, 1143px\" \/><\/div><\/div><\/div><\/div><div class=\"flex_column av_one_full  flex_column_div av-zero-column-padding first  avia-builder-el-2  el_after_av_one_full  el_before_av_one_full  column-top-margin\" style='border-radius:0px; '><section class=\"av_textblock_section \"  itemscope=\"itemscope\" itemtype=\"https:\/\/schema.org\/BlogPosting\" itemprop=\"blogPost\" ><div class='avia_textblock  '   itemprop=\"text\" ><p style=\"font-weight: 400; text-align: center;\"><strong><span style=\"font-size: 18pt;\">96 Familias del comit\u00e9 \u201cProyecto Joven\u201d de Balmaceda recibieron las escrituras de sus viviendas<\/span><\/strong><\/p>\n<div id=\"gtx-trans\" style=\"position: absolute; left: -50px; top: 4.31534px;\">\n<div class=\"gtx-trans-icon\"><\/div>\n<\/div>\n<\/div><\/section><\/div><div class=\"flex_column av_one_full  flex_column_div av-zero-column-padding first  avia-builder-el-4  el_after_av_one_full  el_before_av_hr  column-top-margin\" style='border-radius:0px; '><section class=\"av_textblock_section \"  itemscope=\"itemscope\" itemtype=\"https:\/\/schema.org\/BlogPosting\" itemprop=\"blogPost\" ><div class='avia_textblock  '   itemprop=\"text\" ><p style=\"font-weight: 400; text-align: justify;\">Un especial y emotivo momento vivieron la semana pasada las 96 familias integrantes del comit\u00e9 \u201cProyecto Joven\u201d de Balmaceda, quienes el pasado lunes recibieron las escrituras de sus viviendas y pueden decir hoy con orgullo que son leg\u00edtimos propietarios.<\/p>\n<p style=\"font-weight: 400; text-align: justify;\">Cabe consignar que se trata del proyecto habitacional m\u00e1s grande que se ha desarrollado hasta ahora en la localidad, albergando tanto a familias de Balmaceda como de Coyhaique. El conjunto habitacional se logr\u00f3 materializar gracias a un llamado especial realizado por el Ministerio de Vivienda durante el a\u00f1o 2022. Luego, el 2023, se concret\u00f3 el traspaso de terrenos por parte del Serviu y la posterior entrega de subsidios por parte del Ministerio de Vivienda, sumando m\u00e1s de 9 mil millones de pesos. La construcci\u00f3n del moderno conjunto habitacional se inici\u00f3 a fines de marzo de 2023, en tanto que las viviendas fueron entregadas en octubre de 2024.<\/p>\n<p style=\"font-weight: 400; text-align: justify;\">La Presidenta del Comit\u00e9 \u201cProyecto Joven\u201d, Katherine Zuleta, valor\u00f3 el apoyo recibido para alcanzar las metas y gozar del positivo cambio que hoy se puede ver en la vida de sus vecinos. \u201cHoy estamos todos muy felices, hablo de parte de todos mis vecinos. Es una felicidad inmensa ya que ha sido un cambio para cada uno de ellos. Ya no deben pagar arriendo, nada de eso, porque tienen su casa propia, han podido progresar y comprarse sus veh\u00edculos, han podido remodelar su casa, comprar sus muebles, porque cuando llega la casa uno siempre quiere ponerla bella. He visto crecer a mis vecinos cada d\u00eda y es una felicidad grande porque es algo de uno. Llevo 15 a\u00f1os como dirigente y estoy satisfecha y agradecida de Dios por haberme bendecido, ya que no es f\u00e1cil, pero ah\u00ed estamos para ellos, para darles una mejor calidad de vida\u201d, manifest\u00f3.<\/p>\n<p style=\"font-weight: 400; text-align: justify;\">Tras la entrega de las escrituras, la Seremi de Vivienda de la regi\u00f3n de Ays\u00e9n, Paulina Ruz Delf\u00edn, expres\u00f3 su satisfacci\u00f3n de poder compartir la alegr\u00eda de las 96 familias, sobre todo porque son el primer grupo que completa \u00edntegramente el proceso de la casa propia durante la actual administraci\u00f3n.<\/p>\n<p style=\"font-weight: 400; text-align: justify;\">\u201cProyecto Joven de Balmaceda fue el primer proyecto que nace bajo el alero del Plan de Emergencia Habitacional, ya que se ingres\u00f3 a Serviu, se revis\u00f3, se postul\u00f3, se seleccion\u00f3, se gestionaron los recursos, se entreg\u00f3 el certificado de subsidio, las viviendas y hoy d\u00eda ya las escrituras de las inscripciones de dominio. O sea, todo el proceso como corresponde bajo el alero de este Gobierno. Para nosotros esto es muy importante ya que por una parte simboliza que descentralizamos los beneficios del Estado y por otro lado le garantiza a 96 familias de la comuna el acceso a una vivienda digna, el acceso a una vivienda de calidad y tambi\u00e9n el compromiso que tenemos como Ministerio de Vivienda con las familias de la regi\u00f3n de Ays\u00e9n\u201d, afirm\u00f3.<\/p>\n<p style=\"font-weight: 400; text-align: justify;\">Record\u00f3 la autoridad sectorial que las 96 soluciones aportaron sustancialmente al cumplimiento de la meta regional trazada por el sector en el marco del Plan de Emergencia Habitacional del Gobierno, que consist\u00eda en entregar m\u00e1s de mil 293 viviendas durante los cuatro a\u00f1os de Gobierno. Es as\u00ed como las cifras de noviembre de 2025, confirman que en la regi\u00f3n ya se cumpli\u00f3 la meta de viviendas entregadas o construidas, a lo que se suma una gran cantidad de proyectos en ejecuci\u00f3n y otros tantos que est\u00e1n por iniciar. \u201cEstamos muy orgullosos, ya que el Plan de Emergencia Habitacional como pol\u00edtica de Estado va a continuar bajo una gesti\u00f3n parlamentaria, pero tambi\u00e9n ha permitido a la regi\u00f3n de Ays\u00e9n un avance de m\u00e1s del 107 por ciento, que se traduce en casi mil 400 viviendas entregadas, y m\u00e1s de mil 80 en ejecuci\u00f3n, lo que tambi\u00e9n configura un legado que vamos a dejar para el resto de las familias de la regi\u00f3n de Ays\u00e9n que tanto lo necesitan\u201d, precis\u00f3.<\/p>\n<p style=\"font-weight: 400; text-align: justify;\">Cabe recordar que a mediados del 2021 e inicios del a\u00f1o 2022 ya se hab\u00edan entregado dos conjuntos habitacionales en Balmaceda: 68 viviendas para los integrantes del Comit\u00e9 Los Colonos y 50 para los socios del comit\u00e9 Huilli Ruka, con lo que la poblaci\u00f3n de la localidad aument\u00f3 considerablemente. A ellos se sumaron a fines del 2024 las 96 viviendas del comit\u00e9 Proyecto Joven, que en esta ocasi\u00f3n recibi\u00f3 sus escrituras y ya est\u00e1n en plena construcci\u00f3n otros dos conjuntos habitacionales, uno de 101 viviendas para familias del comit\u00e9 \u201cUni\u00f3n y Esperanza\u201d y otro de 80 viviendas para el comit\u00e9 \u201cEsperanza Patagona\u201d, otorgando as\u00ed un gran impulso al desarrollo urbano-habitacional de esta estrat\u00e9gica localidad de la regi\u00f3n.<\/p>\n<p style=\"font-weight: 400; text-align: justify;\">La construcci\u00f3n de todas estas viviendas ha contribuido y est\u00e1 contribuyendo, adem\u00e1s, a la reactivaci\u00f3n econ\u00f3mica del pa\u00eds y la regi\u00f3n, generando no solo viviendas de calidad con altos est\u00e1ndares para nuestras familias, sino tambi\u00e9n incentivos a las econom\u00edas locales, m\u00e1s oportunidades para las empresas y nuevos puestos de trabajo.<\/p>\n<\/div><\/section><\/div><div  style='height:50px' class='hr hr-invisible   avia-builder-el-6  el_after_av_one_full  el_before_av_social_share '><span class='hr-inner ' ><span class='hr-inner-style'><\/span><\/span><\/div><\/p>\n<div  class='av-social-sharing-box  avia-builder-el-7  el_after_av_hr  el_before_av_hr  '><div class='av-share-box'><h5 class='av-share-link-description av-no-toc '>Compartir esta noticia<\/h5><ul class='av-share-box-list noLightbox'><li class='av-share-link av-social-link-facebook' ><a target=\"_blank\" aria-label=\"Compartir en Facebook\" href='https:\/\/www.facebook.com\/sharer.php?u=https:\/\/radiorevelacionfm.cl\/?p=62833&#038;t=96%20Familias%20del%20comit%C3%A9%20%E2%80%9CProyecto%20Joven%E2%80%9D%20de%20Balmaceda%20recibieron%20las%20escrituras%20de%20sus%20viviendas' aria-hidden='false' data-av_icon='\ue8f3' data-av_iconfont='entypo-fontello' title='' data-avia-related-tooltip='Compartir en Facebook' rel=\"noopener\"><span class='avia_hidden_link_text'>Compartir en Facebook<\/span><\/a><\/li><li class='av-share-link av-social-link-twitter' ><a target=\"_blank\" aria-label=\"Compartir en Twitter\" href='https:\/\/twitter.com\/share?text=96%20Familias%20del%20comit%C3%A9%20%E2%80%9CProyecto%20Joven%E2%80%9D%20de%20Balmaceda%20recibieron%20las%20escrituras%20de%20sus%20viviendas&#038;url=https:\/\/radiorevelacionfm.cl\/?p=62833' aria-hidden='false' data-av_icon='\ue8f1' data-av_iconfont='entypo-fontello' title='' data-avia-related-tooltip='Compartir en Twitter' rel=\"noopener\"><span class='avia_hidden_link_text'>Compartir en Twitter<\/span><\/a><\/li><li class='av-share-link av-social-link-whatsapp' ><a target=\"_blank\" aria-label=\"Compartir en Whatsapp\" href='https:\/\/api.whatsapp.com\/send?text=https:\/\/radiorevelacionfm.cl\/?p=62833' aria-hidden='false' data-av_icon='\uf232' data-av_iconfont='entypo-fontello' title='' data-avia-related-tooltip='Compartir en Whatsapp' rel=\"noopener\"><span class='avia_hidden_link_text'>Compartir en Whatsapp<\/span><\/a><\/li><li class='av-share-link av-social-link-linkedin' ><a target=\"_blank\" aria-label=\"Compartir en LinkedIn\" href='https:\/\/linkedin.com\/shareArticle?mini=true&#038;title=96%20Familias%20del%20comit%C3%A9%20%E2%80%9CProyecto%20Joven%E2%80%9D%20de%20Balmaceda%20recibieron%20las%20escrituras%20de%20sus%20viviendas&#038;url=https:\/\/radiorevelacionfm.cl\/?p=62833' aria-hidden='false' data-av_icon='\ue8fc' data-av_iconfont='entypo-fontello' title='' data-avia-related-tooltip='Compartir en LinkedIn' rel=\"noopener\"><span class='avia_hidden_link_text'>Compartir en LinkedIn<\/span><\/a><\/li><li class='av-share-link av-social-link-mail' ><a  aria-label=\"Compartir por correo\" href='mailto:?subject=96%20Familias%20del%20comit%C3%A9%20%E2%80%9CProyecto%20Joven%E2%80%9D%20de%20Balmaceda%20recibieron%20las%20escrituras%20de%20sus%20viviendas&#038;body=https:\/\/radiorevelacionfm.cl\/?p=62833' aria-hidden='false' data-av_icon='\ue805' data-av_iconfont='entypo-fontello' title='' data-avia-related-tooltip='Compartir por correo'><span class='avia_hidden_link_text'>Compartir por correo<\/span><\/a><\/li><\/ul><\/div><\/div>\n<div  style='height:50px' class='hr hr-invisible   avia-builder-el-8  el_after_av_social_share  el_before_av_comments_list '><span class='hr-inner ' ><span class='hr-inner-style'><\/span><\/span><\/div>\n<div  class='av-buildercomment  av-blog-meta-html-info-disabled av-blog-meta-tag-disabled  '><\/div>\n","protected":false},"excerpt":{"rendered":"","protected":false},"author":1,"featured_media":62834,"comment_status":"closed","ping_status":"closed","sticky":false,"template":"","format":"standard","meta":{"footnotes":""},"categories":[57],"tags":[],"class_list":["post-62833","post","type-post","status-publish","format-standard","has-post-thumbnail","hentry","category-vivienda"],"jetpack_featured_media_url":"https:\/\/radiorevelacionfm.cl\/wp-content\/uploads\/2025\/12\/autoridades-del-minvu-entregan-escrituras-a-96-familias-del-comite-proyecto-joven-de-balmaceda-2-2_optimized-2.jpeg","_links":{"self":[{"href":"https:\/\/radiorevelacionfm.cl\/index.php?rest_route=\/wp\/v2\/posts\/62833","targetHints":{"allow":["GET"]}}],"collection":[{"href":"https:\/\/radiorevelacionfm.cl\/index.php?rest_route=\/wp\/v2\/posts"}],"about":[{"href":"https:\/\/radiorevelacionfm.cl\/index.php?rest_route=\/wp\/v2\/types\/post"}],"author":[{"embeddable":true,"href":"https:\/\/radiorevelacionfm.cl\/index.php?rest_route=\/wp\/v2\/users\/1"}],"replies":[{"embeddable":true,"href":"https:\/\/radiorevelacionfm.cl\/index.php?rest_route=%2Fwp%2Fv2%2Fcomments&post=62833"}],"version-history":[{"count":2,"href":"https:\/\/radiorevelacionfm.cl\/index.php?rest_route=\/wp\/v2\/posts\/62833\/revisions"}],"predecessor-version":[{"id":62836,"href":"https:\/\/radiorevelacionfm.cl\/index.php?rest_route=\/wp\/v2\/posts\/62833\/revisions\/62836"}],"wp:featuredmedia":[{"embeddable":true,"href":"https:\/\/radiorevelacionfm.cl\/index.php?rest_route=\/wp\/v2\/media\/62834"}],"wp:attachment":[{"href":"https:\/\/radiorevelacionfm.cl\/index.php?rest_route=%2Fwp%2Fv2%2Fmedia&parent=62833"}],"wp:term":[{"taxonomy":"category","embeddable":true,"href":"https:\/\/radiorevelacionfm.cl\/index.php?rest_route=%2Fwp%2Fv2%2Fcategories&post=62833"},{"taxonomy":"post_tag","embeddable":true,"href":"https:\/\/radiorevelacionfm.cl\/index.php?rest_route=%2Fwp%2Fv2%2Ftags&post=62833"}],"curies":[{"name":"wp","href":"https:\/\/api.w.org\/{rel}","templated":true}]}}