{"id":62829,"date":"2025-12-26T20:43:32","date_gmt":"2025-12-26T23:43:32","guid":{"rendered":"https:\/\/radiorevelacionfm.cl\/?p=62829"},"modified":"2025-12-26T20:43:32","modified_gmt":"2025-12-26T23:43:32","slug":"coyhaique-y-chile-chico-lideran-la-decima-edicion-de-mujeres-con-energia-impulsada-por-edelaysen","status":"publish","type":"post","link":"https:\/\/radiorevelacionfm.cl\/?p=62829","title":{"rendered":"Coyhaique y Chile Chico lideran la d\u00e9cima edici\u00f3n de \u201cMujeres con Energ\u00eda\u201d impulsada por Edelaysen"},"content":{"rendered":"<div class=\"flex_column av_one_full  flex_column_div av-zero-column-padding first  avia-builder-el-0  el_before_av_one_full  avia-builder-el-first  \" style='border-radius:0px; '><div  class='avia-image-container  av-styling-    avia-builder-el-1  avia-builder-el-no-sibling  avia-align-center '  itemprop=\"image\" itemscope=\"itemscope\" itemtype=\"https:\/\/schema.org\/ImageObject\"  ><div class='avia-image-container-inner'><div class='avia-image-overlay-wrap'><img decoding=\"async\" class='wp-image-62830 avia-img-lazy-loading-not-62830 avia_image' src=\"https:\/\/radiorevelacionfm.cl\/wp-content\/uploads\/2025\/12\/mujeres-con-energia-4-1_optimized.jpeg\" alt='' title='mujeres-con-energ\u00eda-(4)-(1)_optimized' height=\"600\" width=\"1050\"  itemprop=\"thumbnailUrl\" srcset=\"https:\/\/radiorevelacionfm.cl\/wp-content\/uploads\/2025\/12\/mujeres-con-energia-4-1_optimized.jpeg 1050w, https:\/\/radiorevelacionfm.cl\/wp-content\/uploads\/2025\/12\/mujeres-con-energia-4-1_optimized-300x171.jpeg 300w, https:\/\/radiorevelacionfm.cl\/wp-content\/uploads\/2025\/12\/mujeres-con-energia-4-1_optimized-1030x589.jpeg 1030w, https:\/\/radiorevelacionfm.cl\/wp-content\/uploads\/2025\/12\/mujeres-con-energia-4-1_optimized-768x439.jpeg 768w, https:\/\/radiorevelacionfm.cl\/wp-content\/uploads\/2025\/12\/mujeres-con-energia-4-1_optimized-705x403.jpeg 705w, https:\/\/radiorevelacionfm.cl\/wp-content\/uploads\/2025\/12\/mujeres-con-energia-4-1_optimized-450x257.jpeg 450w, https:\/\/radiorevelacionfm.cl\/wp-content\/uploads\/2025\/12\/mujeres-con-energia-4-1_optimized-600x343.jpeg 600w\" sizes=\"(max-width: 1050px) 100vw, 1050px\" \/><\/div><\/div><\/div><\/div><div class=\"flex_column av_one_full  flex_column_div av-zero-column-padding first  avia-builder-el-2  el_after_av_one_full  el_before_av_one_full  column-top-margin\" style='border-radius:0px; '><section class=\"av_textblock_section \"  itemscope=\"itemscope\" itemtype=\"https:\/\/schema.org\/BlogPosting\" itemprop=\"blogPost\" ><div class='avia_textblock  '   itemprop=\"text\" ><p style=\"text-align: center;\"><strong><span style=\"font-size: 18pt;\">Coyhaique y Chile Chico lideran la d\u00e9cima edici\u00f3n de \u201cMujeres con Energ\u00eda\u201d impulsada por Edelaysen<\/span><\/strong><\/p>\n<div id=\"gtx-trans\" style=\"position: absolute; left: -50px; top: 4.31534px;\">\n<div class=\"gtx-trans-icon\"><\/div>\n<\/div>\n<\/div><\/section><\/div><div class=\"flex_column av_one_full  flex_column_div av-zero-column-padding first  avia-builder-el-4  el_after_av_one_full  el_before_av_hr  column-top-margin\" style='border-radius:0px; '><section class=\"av_textblock_section \"  itemscope=\"itemscope\" itemtype=\"https:\/\/schema.org\/BlogPosting\" itemprop=\"blogPost\" ><div class='avia_textblock  '   itemprop=\"text\" ><p style=\"text-align: justify;\"><em>La Academia de emprendimiento concluy\u00f3 una nueva versi\u00f3n que promueve el liderazgo femenino, la formaci\u00f3n y el impulso a iniciativas locales que transforman sus comunidades.<\/em><\/p>\n<p style=\"text-align: justify;\">Con gran \u00e9xito finaliz\u00f3 la d\u00e9cima Academia Mujeres con Energ\u00eda, iniciativa de Grupo Saesa y Edelaysen que busca fortalecer el liderazgo y el desarrollo integral de mujeres emprendedoras en la zona sur del pa\u00eds.<\/p>\n<p style=\"text-align: justify;\">\u201cPara nosotros, este programa es una muestra concreta de nuestro compromiso con la comunidad y la equidad de g\u00e9nero. Ver c\u00f3mo las participantes fortalecen su confianza, desarrollan nuevas habilidades y proyectan sus emprendimientos con mayor seguridad nos llena de orgullo. Estamos convencidos de que iniciativas como esta generan un impacto positivo que trasciende lo personal y contribuye al desarrollo de todo el territorio\u201d, se\u00f1al\u00f3 Mar\u00eda de los \u00c1ngeles Gajardo, jefa de servicio al cliente de Edelaysen.<\/p>\n<p style=\"text-align: justify;\">Durante esta edici\u00f3n, las participantes vivieron una experiencia transformadora que fortaleci\u00f3 su seguridad personal y ampli\u00f3 su visi\u00f3n profesional. Gracias a las herramientas t\u00e9cnicas y habilidades adquiridas, hoy se sienten m\u00e1s preparadas para tomar decisiones, enfrentar nuevos desaf\u00edos y comunicar con mayor credibilidad el valor de sus emprendimientos. Para muchas, este proceso marcar\u00e1 un antes y un despu\u00e9s en la forma de alcanzar sus metas y sue\u00f1os.<\/p>\n<p style=\"text-align: justify;\">En la regi\u00f3n, resultaron ganadoras 3 emprendedoras de esta d\u00e9cima edici\u00f3n, dos correspondientes a la comuna de Coyhaique y una a la comuna de Chile Chico.<\/p>\n<p style=\"text-align: justify;\">En tal sentido, Irma Barr\u00eda Rubilar, una de las ganadoras de esta edici\u00f3n con su emprendimiento MyB en Chile Chico, destac\u00f3: \u201cMi paso por la academia fue un gran desaf\u00edo, lo que m\u00e1s valoro fue aprender sobre finanzas, gracias a este programa hoy me siento m\u00e1s preparada para hacer crecer mi emprendimiento, MyB Chile Chico y estoy muy agradecida por esta oportunidad y por el apoyo a las mujeres emprendedoras. Muchas gracias\u201d.<\/p>\n<p style=\"text-align: justify;\">La Academia Mujeres con Energ\u00eda no solo entrega conocimientos pr\u00e1cticos, sino que tambi\u00e9n inspira a creer en la propia historia y talento. El programa demuestra que no es necesario tener todo resuelto para comenzar; basta con la convicci\u00f3n de aprender y crecer. Estos espacios generan transformaci\u00f3n y empoderamiento, reafirmando que cuando una mujer conf\u00eda en s\u00ed misma, puede llegar mucho m\u00e1s lejos de lo que imagina.<\/p>\n<p style=\"text-align: justify;\">Con esta iniciativa, Edelaysen reafirma su compromiso con la equidad y el desarrollo sostenible, generando oportunidades que impactan positivamente en la vida de las mujeres y sus comunidades.<\/p>\n<\/div><\/section><\/div><div  style='height:50px' class='hr hr-invisible   avia-builder-el-6  el_after_av_one_full  el_before_av_social_share '><span class='hr-inner ' ><span class='hr-inner-style'><\/span><\/span><\/div><\/p>\n<div  class='av-social-sharing-box  avia-builder-el-7  el_after_av_hr  el_before_av_hr  '><div class='av-share-box'><h5 class='av-share-link-description av-no-toc '>Compartir esta noticia<\/h5><ul class='av-share-box-list noLightbox'><li class='av-share-link av-social-link-facebook' ><a target=\"_blank\" aria-label=\"Compartir en Facebook\" href='https:\/\/www.facebook.com\/sharer.php?u=https:\/\/radiorevelacionfm.cl\/?p=62829&#038;t=Coyhaique%20y%20Chile%20Chico%20lideran%20la%20d%C3%A9cima%20edici%C3%B3n%20de%20%E2%80%9CMujeres%20con%20Energ%C3%ADa%E2%80%9D%20impulsada%20por%20Edelaysen' aria-hidden='false' data-av_icon='\ue8f3' data-av_iconfont='entypo-fontello' title='' data-avia-related-tooltip='Compartir en Facebook' rel=\"noopener\"><span class='avia_hidden_link_text'>Compartir en Facebook<\/span><\/a><\/li><li class='av-share-link av-social-link-twitter' ><a target=\"_blank\" aria-label=\"Compartir en Twitter\" href='https:\/\/twitter.com\/share?text=Coyhaique%20y%20Chile%20Chico%20lideran%20la%20d%C3%A9cima%20edici%C3%B3n%20de%20%E2%80%9CMujeres%20con%20Energ%C3%ADa%E2%80%9D%20impulsada%20por%20Edelaysen&#038;url=https:\/\/radiorevelacionfm.cl\/?p=62829' aria-hidden='false' data-av_icon='\ue8f1' data-av_iconfont='entypo-fontello' title='' data-avia-related-tooltip='Compartir en Twitter' rel=\"noopener\"><span class='avia_hidden_link_text'>Compartir en Twitter<\/span><\/a><\/li><li class='av-share-link av-social-link-whatsapp' ><a target=\"_blank\" aria-label=\"Compartir en Whatsapp\" href='https:\/\/api.whatsapp.com\/send?text=https:\/\/radiorevelacionfm.cl\/?p=62829' aria-hidden='false' data-av_icon='\uf232' data-av_iconfont='entypo-fontello' title='' data-avia-related-tooltip='Compartir en Whatsapp' rel=\"noopener\"><span class='avia_hidden_link_text'>Compartir en Whatsapp<\/span><\/a><\/li><li class='av-share-link av-social-link-linkedin' ><a target=\"_blank\" aria-label=\"Compartir en LinkedIn\" href='https:\/\/linkedin.com\/shareArticle?mini=true&#038;title=Coyhaique%20y%20Chile%20Chico%20lideran%20la%20d%C3%A9cima%20edici%C3%B3n%20de%20%E2%80%9CMujeres%20con%20Energ%C3%ADa%E2%80%9D%20impulsada%20por%20Edelaysen&#038;url=https:\/\/radiorevelacionfm.cl\/?p=62829' aria-hidden='false' data-av_icon='\ue8fc' data-av_iconfont='entypo-fontello' title='' data-avia-related-tooltip='Compartir en LinkedIn' rel=\"noopener\"><span class='avia_hidden_link_text'>Compartir en LinkedIn<\/span><\/a><\/li><li class='av-share-link av-social-link-mail' ><a  aria-label=\"Compartir por correo\" href='mailto:?subject=Coyhaique%20y%20Chile%20Chico%20lideran%20la%20d%C3%A9cima%20edici%C3%B3n%20de%20%E2%80%9CMujeres%20con%20Energ%C3%ADa%E2%80%9D%20impulsada%20por%20Edelaysen&#038;body=https:\/\/radiorevelacionfm.cl\/?p=62829' aria-hidden='false' data-av_icon='\ue805' data-av_iconfont='entypo-fontello' title='' data-avia-related-tooltip='Compartir por correo'><span class='avia_hidden_link_text'>Compartir por correo<\/span><\/a><\/li><\/ul><\/div><\/div>\n<div  style='height:50px' class='hr hr-invisible   avia-builder-el-8  el_after_av_social_share  el_before_av_comments_list '><span class='hr-inner ' ><span class='hr-inner-style'><\/span><\/span><\/div>\n<div  class='av-buildercomment  av-blog-meta-html-info-disabled av-blog-meta-tag-disabled  '><\/div>\n","protected":false},"excerpt":{"rendered":"","protected":false},"author":1,"featured_media":62830,"comment_status":"closed","ping_status":"closed","sticky":false,"template":"","format":"standard","meta":{"footnotes":""},"categories":[38],"tags":[],"class_list":["post-62829","post","type-post","status-publish","format-standard","has-post-thumbnail","hentry","category-regional"],"jetpack_featured_media_url":"https:\/\/radiorevelacionfm.cl\/wp-content\/uploads\/2025\/12\/mujeres-con-energia-4-1_optimized.jpeg","_links":{"self":[{"href":"https:\/\/radiorevelacionfm.cl\/index.php?rest_route=\/wp\/v2\/posts\/62829","targetHints":{"allow":["GET"]}}],"collection":[{"href":"https:\/\/radiorevelacionfm.cl\/index.php?rest_route=\/wp\/v2\/posts"}],"about":[{"href":"https:\/\/radiorevelacionfm.cl\/index.php?rest_route=\/wp\/v2\/types\/post"}],"author":[{"embeddable":true,"href":"https:\/\/radiorevelacionfm.cl\/index.php?rest_route=\/wp\/v2\/users\/1"}],"replies":[{"embeddable":true,"href":"https:\/\/radiorevelacionfm.cl\/index.php?rest_route=%2Fwp%2Fv2%2Fcomments&post=62829"}],"version-history":[{"count":2,"href":"https:\/\/radiorevelacionfm.cl\/index.php?rest_route=\/wp\/v2\/posts\/62829\/revisions"}],"predecessor-version":[{"id":62832,"href":"https:\/\/radiorevelacionfm.cl\/index.php?rest_route=\/wp\/v2\/posts\/62829\/revisions\/62832"}],"wp:featuredmedia":[{"embeddable":true,"href":"https:\/\/radiorevelacionfm.cl\/index.php?rest_route=\/wp\/v2\/media\/62830"}],"wp:attachment":[{"href":"https:\/\/radiorevelacionfm.cl\/index.php?rest_route=%2Fwp%2Fv2%2Fmedia&parent=62829"}],"wp:term":[{"taxonomy":"category","embeddable":true,"href":"https:\/\/radiorevelacionfm.cl\/index.php?rest_route=%2Fwp%2Fv2%2Fcategories&post=62829"},{"taxonomy":"post_tag","embeddable":true,"href":"https:\/\/radiorevelacionfm.cl\/index.php?rest_route=%2Fwp%2Fv2%2Ftags&post=62829"}],"curies":[{"name":"wp","href":"https:\/\/api.w.org\/{rel}","templated":true}]}}