{"id":62825,"date":"2025-12-26T19:22:28","date_gmt":"2025-12-26T22:22:28","guid":{"rendered":"https:\/\/radiorevelacionfm.cl\/?p=62825"},"modified":"2025-12-26T19:22:28","modified_gmt":"2025-12-26T22:22:28","slug":"comercio-de-ropa-usada-en-aysen-desde-un-enfoque-ambiental","status":"publish","type":"post","link":"https:\/\/radiorevelacionfm.cl\/?p=62825","title":{"rendered":"Comercio de ropa usada en Ays\u00e9n desde un enfoque ambiental"},"content":{"rendered":"<div class=\"flex_column av_one_full  flex_column_div av-zero-column-padding first  avia-builder-el-0  el_before_av_one_full  avia-builder-el-first  \" style='border-radius:0px; '><div  class='avia-image-container  av-styling-    avia-builder-el-1  avia-builder-el-no-sibling  avia-align-center '  itemprop=\"image\" itemscope=\"itemscope\" itemtype=\"https:\/\/schema.org\/ImageObject\"  ><div class='avia-image-container-inner'><div class='avia-image-overlay-wrap'><img decoding=\"async\" class='wp-image-62826 avia-img-lazy-loading-not-62826 avia_image' src=\"https:\/\/radiorevelacionfm.cl\/wp-content\/uploads\/2025\/12\/venta-ropa-usada-1_optimized-1.jpg\" alt='' title='venta-ropa-usada-(1)_optimized (1)' height=\"600\" width=\"858\"  itemprop=\"thumbnailUrl\" srcset=\"https:\/\/radiorevelacionfm.cl\/wp-content\/uploads\/2025\/12\/venta-ropa-usada-1_optimized-1.jpg 858w, https:\/\/radiorevelacionfm.cl\/wp-content\/uploads\/2025\/12\/venta-ropa-usada-1_optimized-1-300x210.jpg 300w, https:\/\/radiorevelacionfm.cl\/wp-content\/uploads\/2025\/12\/venta-ropa-usada-1_optimized-1-768x537.jpg 768w, https:\/\/radiorevelacionfm.cl\/wp-content\/uploads\/2025\/12\/venta-ropa-usada-1_optimized-1-705x493.jpg 705w, https:\/\/radiorevelacionfm.cl\/wp-content\/uploads\/2025\/12\/venta-ropa-usada-1_optimized-1-450x315.jpg 450w, https:\/\/radiorevelacionfm.cl\/wp-content\/uploads\/2025\/12\/venta-ropa-usada-1_optimized-1-600x420.jpg 600w\" sizes=\"(max-width: 858px) 100vw, 858px\" \/><\/div><\/div><\/div><\/div><div class=\"flex_column av_one_full  flex_column_div av-zero-column-padding first  avia-builder-el-2  el_after_av_one_full  el_before_av_one_full  column-top-margin\" style='border-radius:0px; '><section class=\"av_textblock_section \"  itemscope=\"itemscope\" itemtype=\"https:\/\/schema.org\/BlogPosting\" itemprop=\"blogPost\" ><div class='avia_textblock  '   itemprop=\"text\" ><p style=\"text-align: center;\"><span style=\"font-size: 18pt;\"><b><span lang=\"ES-TRAD\">Comercio de ropa usada en Ays\u00e9n desde un enfoque ambiental<\/span><\/b><\/span><\/p>\n<div id=\"gtx-trans\" style=\"position: absolute; left: -50px; top: 4.31534px;\">\n<div class=\"gtx-trans-icon\"><\/div>\n<\/div>\n<\/div><\/section><\/div><div class=\"flex_column av_one_full  flex_column_div av-zero-column-padding first  avia-builder-el-4  el_after_av_one_full  el_before_av_hr  column-top-margin\" style='border-radius:0px; '><section class=\"av_textblock_section \"  itemscope=\"itemscope\" itemtype=\"https:\/\/schema.org\/BlogPosting\" itemprop=\"blogPost\" ><div class='avia_textblock  '   itemprop=\"text\" ><p style=\"font-weight: 400; text-align: justify;\">Separados por 620 kil\u00f3metros, dos municipios de Ays\u00e9n han abordado la pol\u00edtica local sobre el comercio en la v\u00eda p\u00fablica con matices. Basados en lo que entienden por inter\u00e9s com\u00fan, los representantes comunales promulgaron herramientas normativas que enfrentan de forma diferenciada la venta de vestimenta de segunda mano.<\/p>\n<p style=\"font-weight: 400; text-align: justify;\">El 22 de octubre de este a\u00f1o el Concejo Municipal de Ays\u00e9n\u00a0<a href=\"https:\/\/www.youtube.com\/watch?v=vRiHICWGRrg\" data-saferedirecturl=\"https:\/\/www.google.com\/url?q=https:\/\/www.youtube.com\/watch?v%3DvRiHICWGRrg&amp;source=gmail&amp;ust=1766871642996000&amp;usg=AOvVaw2EuVkg1SFx71mqvIXtoy77\">aprob\u00f3<\/a>\u00a0la\u00a0<a href=\"https:\/\/puertoaysen.cl\/wp-content\/uploads\/2025\/11\/ORDENANZA-N%C2%B0-01-2025-ORDENANZA-LOCAL-DE-FERIAS-FERIAS-LIBRES-COMERCIO-AMBULANTE-Y-COMERCIO-ESTACIONADO-TEMPORAL.pdf\" data-saferedirecturl=\"https:\/\/www.google.com\/url?q=https:\/\/puertoaysen.cl\/wp-content\/uploads\/2025\/11\/ORDENANZA-N%25C2%25B0-01-2025-ORDENANZA-LOCAL-DE-FERIAS-FERIAS-LIBRES-COMERCIO-AMBULANTE-Y-COMERCIO-ESTACIONADO-TEMPORAL.pdf&amp;source=gmail&amp;ust=1766871642996000&amp;usg=AOvVaw1iUOeeokr0BgqWt0GQg9pJ\">ordenanza<\/a> que regula las ferias, ferias libres y comercio ambulante. Junto a una serie de medidas, en las que distinguen \u201c<em>feria libre<\/em>\u201d de \u201c<em>feria o exposici\u00f3n<\/em>\u201d (instalaciones esencialmente temporales, normalmente organizadas por el propio municipio), establecen una prohibici\u00f3n expresa en estas \u00faltimas: \u201c<em>No se permitir\u00e1, adem\u00e1s, la venta de ropa nueva o usada, zapatos, perfumes ni art\u00edculos de farmacia<\/em>\u201d.<\/p>\n<p style=\"font-weight: 400; text-align: justify;\">M\u00e1s de un a\u00f1o antes, la Municipalidad de O\u2019Higgins hab\u00eda hecho lo propio. El 5 de abril de 2024 <a href=\"https:\/\/www.bcn.cl\/leychile\/navegar?idNorma=1205121\" data-saferedirecturl=\"https:\/\/www.google.com\/url?q=https:\/\/www.bcn.cl\/leychile\/navegar?idNorma%3D1205121&amp;source=gmail&amp;ust=1766871642996000&amp;usg=AOvVaw003ErRzEVpmD0_1_ZizL8W\">promulg\u00f3<\/a>\u00a0la ordenanza\u00a0<a href=\"https:\/\/www.youtube.com\/watch?v=LHww89uSXWw\" data-saferedirecturl=\"https:\/\/www.google.com\/url?q=https:\/\/www.youtube.com\/watch?v%3DLHww89uSXWw&amp;source=gmail&amp;ust=1766871642996000&amp;usg=AOvVaw2K7iuBTK3sDYPgfFrfRD0e\">aprobada el 27 de marzo<\/a> previo sobre funcionamiento de ferias libres.\u00a0 En \u00e9sta, al contrario de Ays\u00e9n, autorizan espec\u00edficamente la venta de \u201c<em>bienes usados, ropa usada, calzado y art\u00edculos deportivos<\/em>\u201d.<\/p>\n<p style=\"font-weight: 400; text-align: justify;\">Aunque no son lo mismo las \u201c<em>ferias libres<\/em>\u201d que las \u201c<em>ferias o exposiciones<\/em>\u201d, la expresa autorizaci\u00f3n y prohibici\u00f3n de este tipo de art\u00edculos sirve de pretexto para discutir sobre un tema relevante.<\/p>\n<p style=\"font-weight: 400; text-align: justify;\">Desde hace bastante tiempo los desaf\u00edos ambientales globales y locales nos invitan a reflexionar sobre qu\u00e9 hacer, como sociedades, con nuestros residuos. Es \u00e9sta la fase de salida de nuestra inarm\u00f3nica forma de habitar, impermeable a la capacidad de carga de los ecosistemas en los cuales depositamos lo que desechamos. La entrada, no preocuparnos por la renovabilidad de lo que extraemos de la naturaleza.<\/p>\n<p style=\"font-weight: 400; text-align: justify;\">Cerca de un 50 % de los residuos domiciliarios en Chile son org\u00e1nicos. Un volumen que se tiende a manejar desde la gesti\u00f3n del descarte, la reutilizaci\u00f3n y la transformaci\u00f3n en nutrientes para el suelo o compost. El resto va a vertederos ilegales, basurales, rellenos sanitarios o centros de gesti\u00f3n. Entre ellos, el vestuario, como demostr\u00f3 el mega basural de prendas de la Zona Franca de Iquique en el desierto de Atacama.<\/p>\n<p style=\"font-weight: 400; text-align: justify;\">Es ac\u00e1 donde nacen las \u201cRs\u201d, mnemotecnia que permite ir concientizando sobre la necesidad de cambiar nuestros h\u00e1bitos de consumo. La primera, y fundamental, <strong>reducir<\/strong>. O dicho en simple, comprar menos. Aprender a diferenciar entre las necesidades y las necedades, m\u00e1s all\u00e1 de que nos quieran convencer de que adquirir lo que a uno se le d\u00e9 la gana es un acto de libertad\u2026 puede ser, pero en ocasiones tambi\u00e9n de irresponsabilidad.<\/p>\n<p style=\"font-weight: 400; text-align: justify;\">Luego est\u00e1\u00a0<strong>reciclar<\/strong>\u00a0(que involucra gasto energ\u00e9tico al transformar residuos en nuevos materiales),\u00a0<strong>rechazar\u00a0<\/strong>lo ambientalmente insustentable y\u00a0<strong>reparar<\/strong>, junto con las m\u00e1s sist\u00e9micas que son\u00a0<strong>repensar<\/strong>\u00a0nuestras sociedades y\u00a0<strong>recuperar<\/strong>lo que se ha desechado. Y as\u00ed tenemos tambi\u00e9n <strong>refabricar<\/strong>,\u00a0<strong>redise\u00f1ar<\/strong>,\u00a0<strong>redistribuir<\/strong>,\u00a0<strong>revalorizar<\/strong>,\u00a0<strong>reemplazar<\/strong>.\u00a0\u00a0Y la fundamental,\u00a0<strong>responsabilizarse<\/strong>.<\/p>\n<p style=\"font-weight: 400; text-align: justify;\">Intencionadamente no inclu\u00ed la segunda \u201cR\u201d en jerarqu\u00eda:\u00a0<strong>reutilizar,\u00a0<\/strong>nicho<strong>\u00a0<\/strong>del intercambio (sea v\u00eda trueque o comercio) de la ropa usada.<\/p>\n<p style=\"font-weight: 400; text-align: justify;\">Evaluadas las decisiones de ambos municipios, en los dos casos existen motivos para considerar que se est\u00e1 en el camino correcto.\u00a0\u00a0Porque los temas complejos requieren abordajes complejos.<\/p>\n<p style=\"font-weight: 400; text-align: justify;\">Vender este tipo de productos en la v\u00eda p\u00fablica puede ser sujeto de m\u00faltiples enfoques. <strong>Calidad<\/strong>,\u00a0<strong>aspectos sanitarios<\/strong>,\u00a0<strong>competencia con el comercio formal\u00a0<\/strong>e incluso posible incentivo\u00a0<strong>a la transacci\u00f3n de art\u00edculos robados por la ausencia de trazabilidad<\/strong>. A su vez, puede fomentar la adquisici\u00f3n masiva de descarte desde lejanas latitudes (los conocidos fardos), que genera la misma huella de carbono que la importaci\u00f3n de ropa nueva.<\/p>\n<p style=\"font-weight: 400; text-align: justify;\">Y, tambi\u00e9n, competir con la venta de productos artesanales de manufactura local que impulsa la mantenci\u00f3n de oficios tradicionales y el desarrollo econ\u00f3mico local.<\/p>\n<p style=\"font-weight: 400; text-align: justify;\">Por ello, aprobar o prohibir su comercializaci\u00f3n en la v\u00eda p\u00fablica requiere de un abordaje sist\u00e9mico. Reutilizar es uno de los ejes del cambio de paradigma ambiental, y particularmente de mitigaci\u00f3n de gases de efecto invernadero.<\/p>\n<p style=\"font-weight: 400; text-align: justify;\">Eso es lo que estimula, precisamente, el Plan de Acci\u00f3n Regional de Cambio Clim\u00e1tico, aprobado a principios de este a\u00f1o. En el lineamiento sobre educaci\u00f3n y formaci\u00f3n del eje \u201c<em>gesti\u00f3n y soluciones para conservaci\u00f3n de servicios ecosist\u00e9micos y aumento de captura de CO2<\/em>\u201d apunta espec\u00edficamente a \u201c<em>identificar las condiciones que caracterizan los ambientes saludables, tales como: aire y agua limpia, combusti\u00f3n natural, reciclaje, reutilizaci\u00f3n y reducci\u00f3n de basura, tomando conciencia progresiva de c\u00f3mo \u00e9stas contribuyen a su salud<\/em>\u201d.<\/p>\n<p style=\"font-weight: 400; text-align: justify;\">Comprar menos vestuario (la moda desechable es un gran problema) y, cuando sea inevitable, privilegiar la producci\u00f3n local es la direcci\u00f3n correcta. Pero tambi\u00e9n remendar e intercambiar ropa usada, que es una pr\u00e1ctica que se debe incentivar.<\/p>\n<p style=\"font-weight: 400; text-align: justify;\">Pero no tiene que martirizarse ni autoflagelarse cuando compre pantalones o faldas cero kil\u00f3metro. Lo importante es que no hacerlo tambi\u00e9n sea una opci\u00f3n.\u00a0\u00a0O incluso reparar o adquirir la de segunda mano. La idea es que estas alternativas siempre est\u00e9n presentes, como un moscard\u00f3n molestoso que zumba en nuestros o\u00eddos cuando tomamos una decisi\u00f3n.<\/p>\n<p><em>Por: Patricio Segura Ortiz, periodista.\u00a0<\/em><\/p>\n<\/div><\/section><\/div><div  style='height:50px' class='hr hr-invisible   avia-builder-el-6  el_after_av_one_full  el_before_av_social_share '><span class='hr-inner ' ><span class='hr-inner-style'><\/span><\/span><\/div><\/p>\n<div  class='av-social-sharing-box  avia-builder-el-7  el_after_av_hr  el_before_av_hr  '><div class='av-share-box'><h5 class='av-share-link-description av-no-toc '>Compartir esta noticia<\/h5><ul class='av-share-box-list noLightbox'><li class='av-share-link av-social-link-facebook' ><a target=\"_blank\" aria-label=\"Compartir en Facebook\" href='https:\/\/www.facebook.com\/sharer.php?u=https:\/\/radiorevelacionfm.cl\/?p=62825&#038;t=Comercio%20de%20ropa%20usada%20en%20Ays%C3%A9n%20desde%20un%20enfoque%20ambiental' aria-hidden='false' data-av_icon='\ue8f3' data-av_iconfont='entypo-fontello' title='' data-avia-related-tooltip='Compartir en Facebook' rel=\"noopener\"><span class='avia_hidden_link_text'>Compartir en Facebook<\/span><\/a><\/li><li class='av-share-link av-social-link-twitter' ><a target=\"_blank\" aria-label=\"Compartir en Twitter\" href='https:\/\/twitter.com\/share?text=Comercio%20de%20ropa%20usada%20en%20Ays%C3%A9n%20desde%20un%20enfoque%20ambiental&#038;url=https:\/\/radiorevelacionfm.cl\/?p=62825' aria-hidden='false' data-av_icon='\ue8f1' data-av_iconfont='entypo-fontello' title='' data-avia-related-tooltip='Compartir en Twitter' rel=\"noopener\"><span class='avia_hidden_link_text'>Compartir en Twitter<\/span><\/a><\/li><li class='av-share-link av-social-link-whatsapp' ><a target=\"_blank\" aria-label=\"Compartir en Whatsapp\" href='https:\/\/api.whatsapp.com\/send?text=https:\/\/radiorevelacionfm.cl\/?p=62825' aria-hidden='false' data-av_icon='\uf232' data-av_iconfont='entypo-fontello' title='' data-avia-related-tooltip='Compartir en Whatsapp' rel=\"noopener\"><span class='avia_hidden_link_text'>Compartir en Whatsapp<\/span><\/a><\/li><li class='av-share-link av-social-link-linkedin' ><a target=\"_blank\" aria-label=\"Compartir en LinkedIn\" href='https:\/\/linkedin.com\/shareArticle?mini=true&#038;title=Comercio%20de%20ropa%20usada%20en%20Ays%C3%A9n%20desde%20un%20enfoque%20ambiental&#038;url=https:\/\/radiorevelacionfm.cl\/?p=62825' aria-hidden='false' data-av_icon='\ue8fc' data-av_iconfont='entypo-fontello' title='' data-avia-related-tooltip='Compartir en LinkedIn' rel=\"noopener\"><span class='avia_hidden_link_text'>Compartir en LinkedIn<\/span><\/a><\/li><li class='av-share-link av-social-link-mail' ><a  aria-label=\"Compartir por correo\" href='mailto:?subject=Comercio%20de%20ropa%20usada%20en%20Ays%C3%A9n%20desde%20un%20enfoque%20ambiental&#038;body=https:\/\/radiorevelacionfm.cl\/?p=62825' aria-hidden='false' data-av_icon='\ue805' data-av_iconfont='entypo-fontello' title='' data-avia-related-tooltip='Compartir por correo'><span class='avia_hidden_link_text'>Compartir por correo<\/span><\/a><\/li><\/ul><\/div><\/div>\n<div  style='height:50px' class='hr hr-invisible   avia-builder-el-8  el_after_av_social_share  el_before_av_comments_list '><span class='hr-inner ' ><span class='hr-inner-style'><\/span><\/span><\/div>\n<div  class='av-buildercomment  av-blog-meta-html-info-disabled av-blog-meta-tag-disabled  '><\/div>\n","protected":false},"excerpt":{"rendered":"","protected":false},"author":1,"featured_media":62826,"comment_status":"closed","ping_status":"closed","sticky":false,"template":"","format":"standard","meta":{"footnotes":""},"categories":[50],"tags":[],"class_list":["post-62825","post","type-post","status-publish","format-standard","has-post-thumbnail","hentry","category-cartas-y-opinion"],"jetpack_featured_media_url":"https:\/\/radiorevelacionfm.cl\/wp-content\/uploads\/2025\/12\/venta-ropa-usada-1_optimized-1.jpg","_links":{"self":[{"href":"https:\/\/radiorevelacionfm.cl\/index.php?rest_route=\/wp\/v2\/posts\/62825","targetHints":{"allow":["GET"]}}],"collection":[{"href":"https:\/\/radiorevelacionfm.cl\/index.php?rest_route=\/wp\/v2\/posts"}],"about":[{"href":"https:\/\/radiorevelacionfm.cl\/index.php?rest_route=\/wp\/v2\/types\/post"}],"author":[{"embeddable":true,"href":"https:\/\/radiorevelacionfm.cl\/index.php?rest_route=\/wp\/v2\/users\/1"}],"replies":[{"embeddable":true,"href":"https:\/\/radiorevelacionfm.cl\/index.php?rest_route=%2Fwp%2Fv2%2Fcomments&post=62825"}],"version-history":[{"count":2,"href":"https:\/\/radiorevelacionfm.cl\/index.php?rest_route=\/wp\/v2\/posts\/62825\/revisions"}],"predecessor-version":[{"id":62828,"href":"https:\/\/radiorevelacionfm.cl\/index.php?rest_route=\/wp\/v2\/posts\/62825\/revisions\/62828"}],"wp:featuredmedia":[{"embeddable":true,"href":"https:\/\/radiorevelacionfm.cl\/index.php?rest_route=\/wp\/v2\/media\/62826"}],"wp:attachment":[{"href":"https:\/\/radiorevelacionfm.cl\/index.php?rest_route=%2Fwp%2Fv2%2Fmedia&parent=62825"}],"wp:term":[{"taxonomy":"category","embeddable":true,"href":"https:\/\/radiorevelacionfm.cl\/index.php?rest_route=%2Fwp%2Fv2%2Fcategories&post=62825"},{"taxonomy":"post_tag","embeddable":true,"href":"https:\/\/radiorevelacionfm.cl\/index.php?rest_route=%2Fwp%2Fv2%2Ftags&post=62825"}],"curies":[{"name":"wp","href":"https:\/\/api.w.org\/{rel}","templated":true}]}}