{"id":62821,"date":"2025-12-26T19:01:52","date_gmt":"2025-12-26T22:01:52","guid":{"rendered":"https:\/\/radiorevelacionfm.cl\/?p=62821"},"modified":"2025-12-26T19:01:52","modified_gmt":"2025-12-26T22:01:52","slug":"municipalidad-de-chile-chico-llevo-alegria-navidena-a-mas-de-600-ninos-y-ninas-de-la-comuna","status":"publish","type":"post","link":"https:\/\/radiorevelacionfm.cl\/?p=62821","title":{"rendered":"Municipalidad de Chile Chico llev\u00f3 alegr\u00eda navide\u00f1a a m\u00e1s de 600 ni\u00f1os y ni\u00f1as de la comuna"},"content":{"rendered":"<div class=\"flex_column av_one_full  flex_column_div av-zero-column-padding first  avia-builder-el-0  el_before_av_one_full  avia-builder-el-first  \" style='border-radius:0px; '><div  class='avia-image-container  av-styling-    avia-builder-el-1  avia-builder-el-no-sibling  avia-align-center '  itemprop=\"image\" itemscope=\"itemscope\" itemtype=\"https:\/\/schema.org\/ImageObject\"  ><div class='avia-image-container-inner'><div class='avia-image-overlay-wrap'><img decoding=\"async\" class='wp-image-62822 avia-img-lazy-loading-not-62822 avia_image' src=\"https:\/\/radiorevelacionfm.cl\/wp-content\/uploads\/2025\/12\/noticio-1-1_optimized-1.jpg\" alt='' title='noticio-(1)-(1)_optimized (1)' height=\"1000\" width=\"800\"  itemprop=\"thumbnailUrl\" srcset=\"https:\/\/radiorevelacionfm.cl\/wp-content\/uploads\/2025\/12\/noticio-1-1_optimized-1.jpg 800w, https:\/\/radiorevelacionfm.cl\/wp-content\/uploads\/2025\/12\/noticio-1-1_optimized-1-240x300.jpg 240w, https:\/\/radiorevelacionfm.cl\/wp-content\/uploads\/2025\/12\/noticio-1-1_optimized-1-768x960.jpg 768w, https:\/\/radiorevelacionfm.cl\/wp-content\/uploads\/2025\/12\/noticio-1-1_optimized-1-564x705.jpg 564w, https:\/\/radiorevelacionfm.cl\/wp-content\/uploads\/2025\/12\/noticio-1-1_optimized-1-450x563.jpg 450w, https:\/\/radiorevelacionfm.cl\/wp-content\/uploads\/2025\/12\/noticio-1-1_optimized-1-600x750.jpg 600w\" sizes=\"(max-width: 800px) 100vw, 800px\" \/><\/div><\/div><\/div><\/div><div class=\"flex_column av_one_full  flex_column_div av-zero-column-padding first  avia-builder-el-2  el_after_av_one_full  el_before_av_one_full  column-top-margin\" style='border-radius:0px; '><section class=\"av_textblock_section \"  itemscope=\"itemscope\" itemtype=\"https:\/\/schema.org\/BlogPosting\" itemprop=\"blogPost\" ><div class='avia_textblock  '   itemprop=\"text\" ><p style=\"text-align: center;\"><strong><span style=\"font-size: 18pt;\">Municipalidad de Chile Chico llev\u00f3 alegr\u00eda navide\u00f1a a m\u00e1s de 600 ni\u00f1os y ni\u00f1as de la comuna<\/span><\/strong><\/p>\n<div id=\"gtx-trans\" style=\"position: absolute; left: -50px; top: 4.31534px;\">\n<div class=\"gtx-trans-icon\"><\/div>\n<\/div>\n<\/div><\/section><\/div><div class=\"flex_column av_one_full  flex_column_div av-zero-column-padding first  avia-builder-el-4  el_after_av_one_full  el_before_av_hr  column-top-margin\" style='border-radius:0px; '><section class=\"av_textblock_section \"  itemscope=\"itemscope\" itemtype=\"https:\/\/schema.org\/BlogPosting\" itemprop=\"blogPost\" ><div class='avia_textblock  '   itemprop=\"text\" ><p style=\"text-align: justify;\">Con gran \u00e9xito se desarroll\u00f3 la tradicional\u00a0<strong>entrega de regalos de Navidad organizada por la Municipalidad de Chile Chico<\/strong>, iniciativa que benefici\u00f3 a\u00a0<strong>626 ni\u00f1os y ni\u00f1as<\/strong>\u00a0de la comuna, abarcando las localidades de\u00a0<strong>Chile Chico, Puerto Guadal, Puerto Bertrand y Mall\u00edn Grande<\/strong>.<\/p>\n<p style=\"text-align: justify;\">La actividad estuvo dirigida a ni\u00f1os y ni\u00f1as con edades comprendidas entre\u00a0<strong>0 y 10 a\u00f1os con 11 meses<\/strong>, quienes recibieron un presente preparado especialmente para estas fechas, reafirmando el compromiso municipal con el bienestar y la felicidad de la infancia local.<\/p>\n<p style=\"text-align: justify;\">La jornada estuvo marcada por un ambiente de alegr\u00eda y participaci\u00f3n familiar, contando adem\u00e1s con un\u00a0<strong>show art\u00edstico del Viejito Pascuero<\/strong>, quien fue el gran protagonista de la celebraci\u00f3n, generando sonrisas y momentos inolvidables para los m\u00e1s peque\u00f1os.<\/p>\n<p style=\"text-align: justify;\">Desde el municipio se destac\u00f3 el trabajo coordinado de los equipos municipales y el despliegue log\u00edstico que permiti\u00f3 llegar a cada una de las localidades, asegurando que ning\u00fan ni\u00f1o o ni\u00f1a quedara fuera de esta importante celebraci\u00f3n.<\/p>\n<p style=\"text-align: justify;\">La Municipalidad de Chile Chico valor\u00f3 positivamente el desarrollo de la actividad, calific\u00e1ndola como un\u00a0<strong>gran \u00e9xito<\/strong>, y reiter\u00f3 su compromiso de seguir impulsando iniciativas que fortalezcan el sentido de comunidad y mantengan vivas las tradiciones que unen a las familias de la comuna.<\/p>\n<\/div><\/section><\/div><div  style='height:50px' class='hr hr-invisible   avia-builder-el-6  el_after_av_one_full  el_before_av_social_share '><span class='hr-inner ' ><span class='hr-inner-style'><\/span><\/span><\/div><\/p>\n<div  class='av-social-sharing-box  avia-builder-el-7  el_after_av_hr  el_before_av_hr  '><div class='av-share-box'><h5 class='av-share-link-description av-no-toc '>Compartir esta noticia<\/h5><ul class='av-share-box-list noLightbox'><li class='av-share-link av-social-link-facebook' ><a target=\"_blank\" aria-label=\"Compartir en Facebook\" href='https:\/\/www.facebook.com\/sharer.php?u=https:\/\/radiorevelacionfm.cl\/?p=62821&#038;t=Municipalidad%20de%20Chile%20Chico%20llev%C3%B3%20alegr%C3%ADa%20navide%C3%B1a%20a%20m%C3%A1s%20de%20600%20ni%C3%B1os%20y%20ni%C3%B1as%20de%20la%20comuna' aria-hidden='false' data-av_icon='\ue8f3' data-av_iconfont='entypo-fontello' title='' data-avia-related-tooltip='Compartir en Facebook' rel=\"noopener\"><span class='avia_hidden_link_text'>Compartir en Facebook<\/span><\/a><\/li><li class='av-share-link av-social-link-twitter' ><a target=\"_blank\" aria-label=\"Compartir en Twitter\" href='https:\/\/twitter.com\/share?text=Municipalidad%20de%20Chile%20Chico%20llev%C3%B3%20alegr%C3%ADa%20navide%C3%B1a%20a%20m%C3%A1s%20de%20600%20ni%C3%B1os%20y%20ni%C3%B1as%20de%20la%20comuna&#038;url=https:\/\/radiorevelacionfm.cl\/?p=62821' aria-hidden='false' data-av_icon='\ue8f1' data-av_iconfont='entypo-fontello' title='' data-avia-related-tooltip='Compartir en Twitter' rel=\"noopener\"><span class='avia_hidden_link_text'>Compartir en Twitter<\/span><\/a><\/li><li class='av-share-link av-social-link-whatsapp' ><a target=\"_blank\" aria-label=\"Compartir en Whatsapp\" href='https:\/\/api.whatsapp.com\/send?text=https:\/\/radiorevelacionfm.cl\/?p=62821' aria-hidden='false' data-av_icon='\uf232' data-av_iconfont='entypo-fontello' title='' data-avia-related-tooltip='Compartir en Whatsapp' rel=\"noopener\"><span class='avia_hidden_link_text'>Compartir en Whatsapp<\/span><\/a><\/li><li class='av-share-link av-social-link-linkedin' ><a target=\"_blank\" aria-label=\"Compartir en LinkedIn\" href='https:\/\/linkedin.com\/shareArticle?mini=true&#038;title=Municipalidad%20de%20Chile%20Chico%20llev%C3%B3%20alegr%C3%ADa%20navide%C3%B1a%20a%20m%C3%A1s%20de%20600%20ni%C3%B1os%20y%20ni%C3%B1as%20de%20la%20comuna&#038;url=https:\/\/radiorevelacionfm.cl\/?p=62821' aria-hidden='false' data-av_icon='\ue8fc' data-av_iconfont='entypo-fontello' title='' data-avia-related-tooltip='Compartir en LinkedIn' rel=\"noopener\"><span class='avia_hidden_link_text'>Compartir en LinkedIn<\/span><\/a><\/li><li class='av-share-link av-social-link-mail' ><a  aria-label=\"Compartir por correo\" href='mailto:?subject=Municipalidad%20de%20Chile%20Chico%20llev%C3%B3%20alegr%C3%ADa%20navide%C3%B1a%20a%20m%C3%A1s%20de%20600%20ni%C3%B1os%20y%20ni%C3%B1as%20de%20la%20comuna&#038;body=https:\/\/radiorevelacionfm.cl\/?p=62821' aria-hidden='false' data-av_icon='\ue805' data-av_iconfont='entypo-fontello' title='' data-avia-related-tooltip='Compartir por correo'><span class='avia_hidden_link_text'>Compartir por correo<\/span><\/a><\/li><\/ul><\/div><\/div>\n<div  style='height:50px' class='hr hr-invisible   avia-builder-el-8  el_after_av_social_share  el_before_av_comments_list '><span class='hr-inner ' ><span class='hr-inner-style'><\/span><\/span><\/div>\n<div  class='av-buildercomment  av-blog-meta-html-info-disabled av-blog-meta-tag-disabled  '><\/div>\n","protected":false},"excerpt":{"rendered":"","protected":false},"author":1,"featured_media":62822,"comment_status":"closed","ping_status":"closed","sticky":false,"template":"","format":"standard","meta":{"footnotes":""},"categories":[38],"tags":[],"class_list":["post-62821","post","type-post","status-publish","format-standard","has-post-thumbnail","hentry","category-regional"],"jetpack_featured_media_url":"https:\/\/radiorevelacionfm.cl\/wp-content\/uploads\/2025\/12\/noticio-1-1_optimized-1.jpg","_links":{"self":[{"href":"https:\/\/radiorevelacionfm.cl\/index.php?rest_route=\/wp\/v2\/posts\/62821","targetHints":{"allow":["GET"]}}],"collection":[{"href":"https:\/\/radiorevelacionfm.cl\/index.php?rest_route=\/wp\/v2\/posts"}],"about":[{"href":"https:\/\/radiorevelacionfm.cl\/index.php?rest_route=\/wp\/v2\/types\/post"}],"author":[{"embeddable":true,"href":"https:\/\/radiorevelacionfm.cl\/index.php?rest_route=\/wp\/v2\/users\/1"}],"replies":[{"embeddable":true,"href":"https:\/\/radiorevelacionfm.cl\/index.php?rest_route=%2Fwp%2Fv2%2Fcomments&post=62821"}],"version-history":[{"count":2,"href":"https:\/\/radiorevelacionfm.cl\/index.php?rest_route=\/wp\/v2\/posts\/62821\/revisions"}],"predecessor-version":[{"id":62824,"href":"https:\/\/radiorevelacionfm.cl\/index.php?rest_route=\/wp\/v2\/posts\/62821\/revisions\/62824"}],"wp:featuredmedia":[{"embeddable":true,"href":"https:\/\/radiorevelacionfm.cl\/index.php?rest_route=\/wp\/v2\/media\/62822"}],"wp:attachment":[{"href":"https:\/\/radiorevelacionfm.cl\/index.php?rest_route=%2Fwp%2Fv2%2Fmedia&parent=62821"}],"wp:term":[{"taxonomy":"category","embeddable":true,"href":"https:\/\/radiorevelacionfm.cl\/index.php?rest_route=%2Fwp%2Fv2%2Fcategories&post=62821"},{"taxonomy":"post_tag","embeddable":true,"href":"https:\/\/radiorevelacionfm.cl\/index.php?rest_route=%2Fwp%2Fv2%2Ftags&post=62821"}],"curies":[{"name":"wp","href":"https:\/\/api.w.org\/{rel}","templated":true}]}}