{"id":62817,"date":"2025-12-26T18:49:49","date_gmt":"2025-12-26T21:49:49","guid":{"rendered":"https:\/\/radiorevelacionfm.cl\/?p=62817"},"modified":"2025-12-26T18:49:49","modified_gmt":"2025-12-26T21:49:49","slug":"mesa-regional-de-educacion-artistica-impulsa-nuevas-acciones-formativas","status":"publish","type":"post","link":"https:\/\/radiorevelacionfm.cl\/?p=62817","title":{"rendered":"Mesa Regional de Educaci\u00f3n Art\u00edstica impulsa nuevas acciones formativas"},"content":{"rendered":"<div class=\"flex_column av_one_full  flex_column_div av-zero-column-padding first  avia-builder-el-0  el_before_av_one_full  avia-builder-el-first  \" style='border-radius:0px; '><div  class='avia-image-container  av-styling-    avia-builder-el-1  avia-builder-el-no-sibling  avia-align-center '  itemprop=\"image\" itemscope=\"itemscope\" itemtype=\"https:\/\/schema.org\/ImageObject\"  ><div class='avia-image-container-inner'><div class='avia-image-overlay-wrap'><img decoding=\"async\" class='wp-image-62818 avia-img-lazy-loading-not-62818 avia_image' src=\"https:\/\/radiorevelacionfm.cl\/wp-content\/uploads\/2025\/12\/pnaed1-1-1.jpg\" alt='' title='pnaed1 (1) (1)' height=\"690\" width=\"800\"  itemprop=\"thumbnailUrl\" srcset=\"https:\/\/radiorevelacionfm.cl\/wp-content\/uploads\/2025\/12\/pnaed1-1-1.jpg 800w, https:\/\/radiorevelacionfm.cl\/wp-content\/uploads\/2025\/12\/pnaed1-1-1-300x259.jpg 300w, https:\/\/radiorevelacionfm.cl\/wp-content\/uploads\/2025\/12\/pnaed1-1-1-768x662.jpg 768w, https:\/\/radiorevelacionfm.cl\/wp-content\/uploads\/2025\/12\/pnaed1-1-1-705x608.jpg 705w, https:\/\/radiorevelacionfm.cl\/wp-content\/uploads\/2025\/12\/pnaed1-1-1-450x388.jpg 450w, https:\/\/radiorevelacionfm.cl\/wp-content\/uploads\/2025\/12\/pnaed1-1-1-600x518.jpg 600w\" sizes=\"(max-width: 800px) 100vw, 800px\" \/><\/div><\/div><\/div><\/div><div class=\"flex_column av_one_full  flex_column_div av-zero-column-padding first  avia-builder-el-2  el_after_av_one_full  el_before_av_one_full  column-top-margin\" style='border-radius:0px; '><section class=\"av_textblock_section \"  itemscope=\"itemscope\" itemtype=\"https:\/\/schema.org\/BlogPosting\" itemprop=\"blogPost\" ><div class='avia_textblock  '   itemprop=\"text\" ><p style=\"text-align: center;\"><span style=\"font-size: 18pt;\"><b>Mesa Regional de Educaci\u00f3n Art\u00edstica impulsa nuevas acciones formativas<\/b><\/span><\/p>\n<div id=\"gtx-trans\" style=\"position: absolute; left: -50px; top: 4.31534px;\">\n<div class=\"gtx-trans-icon\"><\/div>\n<\/div>\n<\/div><\/section><\/div><div class=\"flex_column av_one_full  flex_column_div av-zero-column-padding first  avia-builder-el-4  el_after_av_one_full  el_before_av_hr  column-top-margin\" style='border-radius:0px; '><section class=\"av_textblock_section \"  itemscope=\"itemscope\" itemtype=\"https:\/\/schema.org\/BlogPosting\" itemprop=\"blogPost\" ><div class='avia_textblock  '   itemprop=\"text\" ><p style=\"text-align: justify;\">Desde 2015, la Mesa Regional de Educaci\u00f3n Art\u00edstica se ha consolidado como un espacio de encuentro y creaci\u00f3n entre docentes, artistas y representantes de Coyhaique y Puerto Ays\u00e9n, trabajando por fortalecer las artes en el coraz\u00f3n de los procesos educativos del territorio.<\/p>\n<p style=\"text-align: justify;\">Enmarcada en el Programa Nacional de Desarrollo Art\u00edstico en la Educaci\u00f3n (PNDAE) del Ministerio de las Culturas, las Artes y el Patrimonio, la Mesa ha intensificado durante los \u00faltimos meses un conjunto de acciones formativas, diagn\u00f3sticos participativos e intercambios art\u00edsticos que buscan situar a la educaci\u00f3n art\u00edstica como un eje fundamental para el desarrollo integral de ni\u00f1os, ni\u00f1as, j\u00f3venes y comunidades educativas de la regi\u00f3n.<\/p>\n<p style=\"text-align: justify;\">Cada a\u00f1o, la MREA levanta un plan de trabajo que da cuenta de las principales necesidades comunes de las instituciones que la conforman a trav\u00e9s de sesiones y encuentros participativos mensuales.<\/p>\n<p style=\"text-align: justify;\">La estrategia este a\u00f1o es la ruralidad como elemento central del territorio: vincularse con las comunidades educativas de las localidades rurales de Coyhaique por una parte y por otra desarrollar sesiones de Mesa en la comuna de Cochrane, ampliando la Mesa Regional, a trav\u00e9s de la Mesa provincial en la comuna de Cochrane.<\/p>\n<p style=\"text-align: justify;\">Dentro de las principales acciones y logros, se destaca la implementaci\u00f3n de la primera versi\u00f3n del Diplomado en Educaci\u00f3n Art\u00edstica con seminarios presenciales, instancia que ha permitido a docentes y artistas profundizar en metodolog\u00edas creativas, mediaci\u00f3n cultural y uso de lenguajes art\u00edsticos en el aula.<\/p>\n<p style=\"text-align: justify;\">Asimismo, se lider\u00f3 el Congreso Itinerante de Arte y Cultura en la ruralidad una de las acciones clave del Plan de Trabajo de la Mesa. Este espacio reuni\u00f3 a representantes de diversas localidades, propiciando la actualizaci\u00f3n pedag\u00f3gica, el di\u00e1logo interdisciplinario y la circulaci\u00f3n de experiencias educativas innovadoras en torno al arte y la cultura.<\/p>\n<p style=\"text-align: justify;\">Seg\u00fan el seremi de Culturas Ays\u00e9n, Felipe Quiroz, \u201cel Programa de Desarrollo Art\u00edstico nos permite salir de los espacios habituales e incorporar, en este caso, un sano intercambio entre comunidades rurales que van descubriendo en conjunto nuevas formas de sumar arte y cultura en las experiencias educativas. Tuvimos fechas muy significativas como el Encuentro de Arte y Cultura en Villa Ortega\u201d.<\/p>\n<p style=\"text-align: justify;\">En el \u00e1mbito territorial, durante este a\u00f1o, la Mesa ejecut\u00f3 actividades en \u00d1irehuao, Cochrane, Lago Atravesado y Villa Ortega, promoviendo el acceso a experiencias art\u00edsticas contempor\u00e1neas para estudiantes y comunidades educativas, donde se\u00a0 destac\u00f3 el intercambio de experiencias entre escuelas de la zona norte y zona sur de la regi\u00f3n, instancia que permiti\u00f3 a ni\u00f1os y ni\u00f1as compartir procesos creativos, obras, lenguajes y pr\u00e1cticas art\u00edsticas vinculadas a su propio territorio, instancias que adem\u00e1s involucraron espacios de Juego, Teatro y Ba\u00f1os de Naturaleza, como complemento al desarrollo social y emocional de ni\u00f1os y ni\u00f1as.<\/p>\n<p style=\"text-align: justify;\">Un hito significativo correspondi\u00f3 al Diagn\u00f3stico Participativo realizado en Cochrane, donde participaron integrantes de la Mesa Provincial, docentes, artistas locales y la coordinaci\u00f3n de la entidad oferente. Este ejercicio permiti\u00f3 levantar necesidades, oportunidades y proyecciones que orientar\u00e1n futuros procesos en educaci\u00f3n art\u00edstica para la provincia.<\/p>\n<p style=\"text-align: justify;\"><em>\u201c<\/em><em>Fue una experiencia muy importante porque es la primera vez que se realiza un diagn\u00f3stico participativo en educaci\u00f3n art\u00ed<\/em><em>stica en la provincia. Junto a Mile Alegr\u00ed<\/em><em>a, que es mi compa\u00f1<\/em><em>ero teatral ac\u00e1 <\/em><em>en Cochrane, pudimos integrar la metodolog\u00ed<\/em><em>a que venimos trabajando en la comunidad hace un poco m\u00e1<\/em><em>s de dos a<\/em><em>\u00f1os: ejercicio f\u00ed<\/em><em>sico, trabajo del cuerpo y Teatro Imagen para llegar a reflexiones sociales desde los propios grupos. Impulsamos procesos que hagan convivir la conciencia del cuerpo con la conciencia social. Creemos en la horizontalidad, el respeto por los distintos puntos de vista y la autogesti\u00f3n grupal. Valoramos mucho que nos dieran libertad para desarrollar nuestra propuesta, reconociendo el trabajo de artistas locales y cuidando a la comunidad. El diagn\u00f3<\/em><em>stico permiti\u00f3 <\/em><em>reconocer necesidades y oportunidades para fortalecer la educaci\u00f3n art\u00ed<\/em><em>stica en Cochrane y motivar que se realicen m\u00e1<\/em><em>s instancias que robustezcan nuestra realidad educativa\u201d,<\/em> Indic\u00f3 Armin Falmer, integrante de la Mesa Provincial de Educaci\u00f3n art\u00edstica en Cochrane.<\/p>\n<p style=\"text-align: justify;\">En el \u00e1mbito territorial, la Mesa desarroll\u00f3 actividades en \u00d1irehuao, Cochrane, Lago Atravesado y Villa Ortega, ampliando el acceso a experiencias art\u00edsticas contempor\u00e1neas para estudiantes y comunidades educativas. Entre los hitos destacados se encuentra el intercambio entre escuelas de la zona norte y zona sur de la regi\u00f3n, donde ni\u00f1os y ni\u00f1as compartieron procesos creativos, obras, lenguajes y pr\u00e1cticas vinculadas a su propio territorio. Estas jornadas tambi\u00e9n integraron espacios de juego, teatro y ba\u00f1os de naturaleza, fortaleciendo el desarrollo social y emocional de las infancias participantes.<\/p>\n<p style=\"text-align: justify;\">Cabe destacar que estas\u00a0 acciones reflejan sin duda, el compromiso de la Mesa Regional de Educaci\u00f3n Art\u00edstica de promover la creatividad, la sensibilidad est\u00e9tica y el acceso equitativo a experiencias culturales significativas. Su prop\u00f3sito es claro: reconocer a las artes como un lenguaje de aprendizaje integral y contribuir a la valoraci\u00f3n institucional y social de la educaci\u00f3n art\u00edstica en la regi\u00f3n de Ays\u00e9n.<\/p>\n<p style=\"text-align: justify;\">Su coordinadora en la regi\u00f3n, Patricia Rivera, se\u00f1al\u00f3 que la Mesa continuar\u00e1 impulsando iniciativas que fortalezcan la formaci\u00f3n, la vinculaci\u00f3n territorial y el trabajo colaborativo entre docentes, artistas, comunidades educativas e instituciones p\u00fablicas. \u201cNuestro compromiso es seguir articulando espacios de creaci\u00f3n, reflexi\u00f3n y aprendizaje que acompa\u00f1en el desarrollo integral de las infancias y juventudes del territorio\u201d, concluy\u00f3.<\/p>\n<\/div><\/section><\/div><div  style='height:50px' class='hr hr-invisible   avia-builder-el-6  el_after_av_one_full  el_before_av_social_share '><span class='hr-inner ' ><span class='hr-inner-style'><\/span><\/span><\/div><\/p>\n<div  class='av-social-sharing-box  avia-builder-el-7  el_after_av_hr  el_before_av_hr  '><div class='av-share-box'><h5 class='av-share-link-description av-no-toc '>Compartir esta noticia<\/h5><ul class='av-share-box-list noLightbox'><li class='av-share-link av-social-link-facebook' ><a target=\"_blank\" aria-label=\"Compartir en Facebook\" href='https:\/\/www.facebook.com\/sharer.php?u=https:\/\/radiorevelacionfm.cl\/?p=62817&#038;t=Mesa%20Regional%20de%20Educaci%C3%B3n%20Art%C3%ADstica%20impulsa%20nuevas%20acciones%20formativas' aria-hidden='false' data-av_icon='\ue8f3' data-av_iconfont='entypo-fontello' title='' data-avia-related-tooltip='Compartir en Facebook' rel=\"noopener\"><span class='avia_hidden_link_text'>Compartir en Facebook<\/span><\/a><\/li><li class='av-share-link av-social-link-twitter' ><a target=\"_blank\" aria-label=\"Compartir en Twitter\" href='https:\/\/twitter.com\/share?text=Mesa%20Regional%20de%20Educaci%C3%B3n%20Art%C3%ADstica%20impulsa%20nuevas%20acciones%20formativas&#038;url=https:\/\/radiorevelacionfm.cl\/?p=62817' aria-hidden='false' data-av_icon='\ue8f1' data-av_iconfont='entypo-fontello' title='' data-avia-related-tooltip='Compartir en Twitter' rel=\"noopener\"><span class='avia_hidden_link_text'>Compartir en Twitter<\/span><\/a><\/li><li class='av-share-link av-social-link-whatsapp' ><a target=\"_blank\" aria-label=\"Compartir en Whatsapp\" href='https:\/\/api.whatsapp.com\/send?text=https:\/\/radiorevelacionfm.cl\/?p=62817' aria-hidden='false' data-av_icon='\uf232' data-av_iconfont='entypo-fontello' title='' data-avia-related-tooltip='Compartir en Whatsapp' rel=\"noopener\"><span class='avia_hidden_link_text'>Compartir en Whatsapp<\/span><\/a><\/li><li class='av-share-link av-social-link-linkedin' ><a target=\"_blank\" aria-label=\"Compartir en LinkedIn\" href='https:\/\/linkedin.com\/shareArticle?mini=true&#038;title=Mesa%20Regional%20de%20Educaci%C3%B3n%20Art%C3%ADstica%20impulsa%20nuevas%20acciones%20formativas&#038;url=https:\/\/radiorevelacionfm.cl\/?p=62817' aria-hidden='false' data-av_icon='\ue8fc' data-av_iconfont='entypo-fontello' title='' data-avia-related-tooltip='Compartir en LinkedIn' rel=\"noopener\"><span class='avia_hidden_link_text'>Compartir en LinkedIn<\/span><\/a><\/li><li class='av-share-link av-social-link-mail' ><a  aria-label=\"Compartir por correo\" href='mailto:?subject=Mesa%20Regional%20de%20Educaci%C3%B3n%20Art%C3%ADstica%20impulsa%20nuevas%20acciones%20formativas&#038;body=https:\/\/radiorevelacionfm.cl\/?p=62817' aria-hidden='false' data-av_icon='\ue805' data-av_iconfont='entypo-fontello' title='' data-avia-related-tooltip='Compartir por correo'><span class='avia_hidden_link_text'>Compartir por correo<\/span><\/a><\/li><\/ul><\/div><\/div>\n<div  style='height:50px' class='hr hr-invisible   avia-builder-el-8  el_after_av_social_share  el_before_av_comments_list '><span class='hr-inner ' ><span class='hr-inner-style'><\/span><\/span><\/div>\n<div  class='av-buildercomment  av-blog-meta-html-info-disabled av-blog-meta-tag-disabled  '><\/div>\n","protected":false},"excerpt":{"rendered":"","protected":false},"author":1,"featured_media":62818,"comment_status":"closed","ping_status":"closed","sticky":false,"template":"","format":"standard","meta":{"footnotes":""},"categories":[52],"tags":[],"class_list":["post-62817","post","type-post","status-publish","format-standard","has-post-thumbnail","hentry","category-cultura"],"jetpack_featured_media_url":"https:\/\/radiorevelacionfm.cl\/wp-content\/uploads\/2025\/12\/pnaed1-1-1.jpg","_links":{"self":[{"href":"https:\/\/radiorevelacionfm.cl\/index.php?rest_route=\/wp\/v2\/posts\/62817","targetHints":{"allow":["GET"]}}],"collection":[{"href":"https:\/\/radiorevelacionfm.cl\/index.php?rest_route=\/wp\/v2\/posts"}],"about":[{"href":"https:\/\/radiorevelacionfm.cl\/index.php?rest_route=\/wp\/v2\/types\/post"}],"author":[{"embeddable":true,"href":"https:\/\/radiorevelacionfm.cl\/index.php?rest_route=\/wp\/v2\/users\/1"}],"replies":[{"embeddable":true,"href":"https:\/\/radiorevelacionfm.cl\/index.php?rest_route=%2Fwp%2Fv2%2Fcomments&post=62817"}],"version-history":[{"count":2,"href":"https:\/\/radiorevelacionfm.cl\/index.php?rest_route=\/wp\/v2\/posts\/62817\/revisions"}],"predecessor-version":[{"id":62820,"href":"https:\/\/radiorevelacionfm.cl\/index.php?rest_route=\/wp\/v2\/posts\/62817\/revisions\/62820"}],"wp:featuredmedia":[{"embeddable":true,"href":"https:\/\/radiorevelacionfm.cl\/index.php?rest_route=\/wp\/v2\/media\/62818"}],"wp:attachment":[{"href":"https:\/\/radiorevelacionfm.cl\/index.php?rest_route=%2Fwp%2Fv2%2Fmedia&parent=62817"}],"wp:term":[{"taxonomy":"category","embeddable":true,"href":"https:\/\/radiorevelacionfm.cl\/index.php?rest_route=%2Fwp%2Fv2%2Fcategories&post=62817"},{"taxonomy":"post_tag","embeddable":true,"href":"https:\/\/radiorevelacionfm.cl\/index.php?rest_route=%2Fwp%2Fv2%2Ftags&post=62817"}],"curies":[{"name":"wp","href":"https:\/\/api.w.org\/{rel}","templated":true}]}}