{"id":62808,"date":"2025-12-25T21:59:55","date_gmt":"2025-12-26T00:59:55","guid":{"rendered":"https:\/\/radiorevelacionfm.cl\/?p=62808"},"modified":"2025-12-25T21:59:55","modified_gmt":"2025-12-26T00:59:55","slug":"salud-confirma-nuevo-caso-de-hantavirus-en-aysen","status":"publish","type":"post","link":"https:\/\/radiorevelacionfm.cl\/?p=62808","title":{"rendered":"Salud confirma nuevo caso de Hantavirus en Ays\u00e9n"},"content":{"rendered":"<div class=\"flex_column av_one_full  flex_column_div av-zero-column-padding first  avia-builder-el-0  el_before_av_one_full  avia-builder-el-first  \" style='border-radius:0px; '><div  class='avia-image-container  av-styling-    avia-builder-el-1  avia-builder-el-no-sibling  avia-align-center '  itemprop=\"image\" itemscope=\"itemscope\" itemtype=\"https:\/\/schema.org\/ImageObject\"  ><div class='avia-image-container-inner'><div class='avia-image-overlay-wrap'><img decoding=\"async\" class='wp-image-62809 avia-img-lazy-loading-not-62809 avia_image' src=\"https:\/\/radiorevelacionfm.cl\/wp-content\/uploads\/2025\/12\/investigacion-epidemiologia-1_optimized-1.jpg\" alt='' title='investigaci\u00f3n-epidemiolog\u00eda-(1)_optimized (1)' height=\"600\" width=\"824\"  itemprop=\"thumbnailUrl\" srcset=\"https:\/\/radiorevelacionfm.cl\/wp-content\/uploads\/2025\/12\/investigacion-epidemiologia-1_optimized-1.jpg 824w, https:\/\/radiorevelacionfm.cl\/wp-content\/uploads\/2025\/12\/investigacion-epidemiologia-1_optimized-1-300x218.jpg 300w, https:\/\/radiorevelacionfm.cl\/wp-content\/uploads\/2025\/12\/investigacion-epidemiologia-1_optimized-1-768x559.jpg 768w, https:\/\/radiorevelacionfm.cl\/wp-content\/uploads\/2025\/12\/investigacion-epidemiologia-1_optimized-1-705x513.jpg 705w, https:\/\/radiorevelacionfm.cl\/wp-content\/uploads\/2025\/12\/investigacion-epidemiologia-1_optimized-1-450x328.jpg 450w, https:\/\/radiorevelacionfm.cl\/wp-content\/uploads\/2025\/12\/investigacion-epidemiologia-1_optimized-1-600x437.jpg 600w\" sizes=\"(max-width: 824px) 100vw, 824px\" \/><\/div><\/div><\/div><\/div><div class=\"flex_column av_one_full  flex_column_div av-zero-column-padding first  avia-builder-el-2  el_after_av_one_full  el_before_av_one_full  column-top-margin\" style='border-radius:0px; '><section class=\"av_textblock_section \"  itemscope=\"itemscope\" itemtype=\"https:\/\/schema.org\/BlogPosting\" itemprop=\"blogPost\" ><div class='avia_textblock  '   itemprop=\"text\" ><p style=\"text-align: center;\"><strong><span style=\"font-size: 18pt;\">Salud confirma nuevo caso de Hantavirus en Ays\u00e9n<\/span><\/strong><\/p>\n<div id=\"gtx-trans\" style=\"position: absolute; left: -50px; top: 4.31534px;\">\n<div class=\"gtx-trans-icon\"><\/div>\n<\/div>\n<\/div><\/section><\/div><div class=\"flex_column av_one_full  flex_column_div av-zero-column-padding first  avia-builder-el-4  el_after_av_one_full  el_before_av_hr  column-top-margin\" style='border-radius:0px; '><section class=\"av_textblock_section \"  itemscope=\"itemscope\" itemtype=\"https:\/\/schema.org\/BlogPosting\" itemprop=\"blogPost\" ><div class='avia_textblock  '   itemprop=\"text\" ><ul>\n<li style=\"text-align: justify;\"><strong><em>Se trata de un turista de la novena regi\u00f3n, quien comenz\u00f3 a presentar s\u00edntomas asociados a esta enfermedad, semanas despu\u00e9s de haber desarrollado actividades en Ays\u00e9n.<\/em><\/strong><\/li>\n<li style=\"text-align: justify;\"><strong><em>El paciente se encuentra actualmente conectado a ventilaci\u00f3n mec\u00e1nica invasiva. <\/em><\/strong><\/li>\n<\/ul>\n<p style=\"text-align: justify;\">Luego de visitar la regi\u00f3n de Ays\u00e9n en compa\u00f1\u00eda de un grupo de amigos, un joven de 24 a\u00f1os de edad oriundo de la novena regi\u00f3n, comenz\u00f3 a presentar dificultades respiratorias por lo que requiri\u00f3 asistencia m\u00e9dica en la zona de la Araucan\u00eda, donde se logr\u00f3 confirmar el diagn\u00f3stico cl\u00ednico asociado a Hantavirus, quedando conectado a ventilaci\u00f3n mec\u00e1nica y ECMO en el hospital de Temuco, debido a la gravedad de su cuadro respiratorio.<\/p>\n<p style=\"text-align: justify;\">Frente a esta situaci\u00f3n, los equipos de epidemiolog\u00eda de las secretar\u00edas ministeriales de Ays\u00e9n y la Araucan\u00eda iniciaron investigaciones epidemiol\u00f3gicas en ambas regiones con el objeto de determinar los probables sectores de exposici\u00f3n al Hantavirus; donde la zona de mayor riesgo se identific\u00f3 en una zona lacustre del lago General Carrera.\u00a0 Tal como lo manifest\u00f3 el epidemi\u00f3logo de la Seremi de Salud Ays\u00e9n, Marco Acu\u00f1a Briones, \u201crecientemente, luego de la confirmaci\u00f3n de un caso por Hantavirus en un joven oriundo de la novena regi\u00f3n, quien present\u00f3 s\u00edntomas \u00a0asociados a esta enfermedad luego de visitar la regi\u00f3n de Ays\u00e9n con fines tur\u00edsticos, se realiz\u00f3 un trabajo coordinado con profesionales de epidemiolog\u00eda de la novena regi\u00f3n, donde se determin\u00f3 como probable zona de contagio un sector de alta ruralidad en Puerto S\u00e1nchez, en el lago General Carrera\u201d.<\/p>\n<p style=\"text-align: justify;\">En este contexto, Marco Acu\u00f1a fue enf\u00e1tico en manifestar que el Hantavirus es una enfermedad que no est\u00e1 relacionada a un punto geogr\u00e1fico en espec\u00edfico, sino que esta presente en toda la zona sur del pa\u00eds.\u00a0 \u201cEs muy importante NO estigmatizar una zona como afectada por Hantavirus, recordemos que en Ays\u00e9n, durante este 2025 se han detectado 4 casos en lugares como el Lago Elizalde, R\u00edo Caj\u00f3n y Murta, ya que se trata de una enfermedad zoon\u00f3tica que est\u00e1 presente en otras regiones del pa\u00eds como la Araucan\u00eda, Los R\u00edos y Los Lagos, e incluso en otros pa\u00edses como Brasil, Paraguay, Uruguay o Argentina.\u00a0 Lo importante hoy es el autocuidado, ya que esta es una enfermedad preferentemente de primavera-verano, donde cada persona que visite sectores rurales adopte medidas de resguardo tanto al acampar o dormir en caba\u00f1as, como elegir zonas de poco follaje para camping o preferir lugares autorizados para estas actividades; y en el caso de elegir caba\u00f1as, siempre ventilar estos inmuebles al menos 30 minutos de ingresar, para luego revisar que no exista la presencia de fecas o presencia de roedores.\u201d<\/p>\n<p style=\"text-align: justify;\"><strong>MEDIDAS DE PREVENCION <\/strong><\/p>\n<p style=\"text-align: justify;\"><strong>Al interior de las viviendas:<\/strong><\/p>\n<ul style=\"text-align: justify;\">\n<li>Previo al ingreso a lugares que han permanecido cerrados, se recomienda ventilar por 30 minutos, abriendo puertas y ventanas. Posterior a esto, hacer limpieza de superficies humidificando con soluci\u00f3n desinfectante muebles y pisos.<\/li>\n<li>Sellar con materiales resistentes (acero, cemento, etc.) todas las aberturas por donde puedan ingresar roedores.<\/li>\n<li>Eliminar elementos de desuso, que puedan servir como refugio a los roedores en los per\u00edmetros de las viviendas.<\/li>\n<li>Realizar una buena disposici\u00f3n de basura, a trav\u00e9s de tarros cerrados con tapa.<\/li>\n<li>Mantener alimentos almacenados en envases herm\u00e9ticos.<\/li>\n<li>No mantener restos de alimentos, incluidos los de mascotas, al alcance de los roedores, lavando en forma inmediata lo utilizado y disponiendo los residuos correctamente en tarros de basura.<\/li>\n<\/ul>\n<p style=\"text-align: justify;\"><strong>Exterior de viviendas:<\/strong><\/p>\n<ul style=\"text-align: justify;\">\n<li>Mantener despejado, limpio y libre de elementos que sirvan de alimento o refugio para roedores en todo el per\u00edmetro de las viviendas.<\/li>\n<li>Desmalezar y mantener el pasto corto, en un per\u00edmetro de 20 metros alrededor de las viviendas.<\/li>\n<li>Al igual que al interior del domicilio, se debe disponer la basura en tarros debidamente cerrados.<\/li>\n<li>Mantener protegidas las fuentes de abastecimiento de agua.<\/li>\n<\/ul>\n<p style=\"text-align: justify;\"><strong>Recomendaciones a turistas:<\/strong><\/p>\n<ul>\n<li style=\"text-align: justify;\">Transitar por senderos o caminos habilitados. No internarse en lugares con vegetaci\u00f3n abundante.<\/li>\n<li style=\"text-align: justify;\">Mantener los alimentos en envases con tapa.<\/li>\n<\/ul>\n<\/div><\/section><\/div><div  style='height:50px' class='hr hr-invisible   avia-builder-el-6  el_after_av_one_full  el_before_av_social_share '><span class='hr-inner ' ><span class='hr-inner-style'><\/span><\/span><\/div><\/p>\n<div  class='av-social-sharing-box  avia-builder-el-7  el_after_av_hr  el_before_av_hr  '><div class='av-share-box'><h5 class='av-share-link-description av-no-toc '>Compartir esta noticia<\/h5><ul class='av-share-box-list noLightbox'><li class='av-share-link av-social-link-facebook' ><a target=\"_blank\" aria-label=\"Compartir en Facebook\" href='https:\/\/www.facebook.com\/sharer.php?u=https:\/\/radiorevelacionfm.cl\/?p=62808&#038;t=Salud%20confirma%20nuevo%20caso%20de%20Hantavirus%20en%20Ays%C3%A9n' aria-hidden='false' data-av_icon='\ue8f3' data-av_iconfont='entypo-fontello' title='' data-avia-related-tooltip='Compartir en Facebook' rel=\"noopener\"><span class='avia_hidden_link_text'>Compartir en Facebook<\/span><\/a><\/li><li class='av-share-link av-social-link-twitter' ><a target=\"_blank\" aria-label=\"Compartir en Twitter\" href='https:\/\/twitter.com\/share?text=Salud%20confirma%20nuevo%20caso%20de%20Hantavirus%20en%20Ays%C3%A9n&#038;url=https:\/\/radiorevelacionfm.cl\/?p=62808' aria-hidden='false' data-av_icon='\ue8f1' data-av_iconfont='entypo-fontello' title='' data-avia-related-tooltip='Compartir en Twitter' rel=\"noopener\"><span class='avia_hidden_link_text'>Compartir en Twitter<\/span><\/a><\/li><li class='av-share-link av-social-link-whatsapp' ><a target=\"_blank\" aria-label=\"Compartir en Whatsapp\" href='https:\/\/api.whatsapp.com\/send?text=https:\/\/radiorevelacionfm.cl\/?p=62808' aria-hidden='false' data-av_icon='\uf232' data-av_iconfont='entypo-fontello' title='' data-avia-related-tooltip='Compartir en Whatsapp' rel=\"noopener\"><span class='avia_hidden_link_text'>Compartir en Whatsapp<\/span><\/a><\/li><li class='av-share-link av-social-link-linkedin' ><a target=\"_blank\" aria-label=\"Compartir en LinkedIn\" href='https:\/\/linkedin.com\/shareArticle?mini=true&#038;title=Salud%20confirma%20nuevo%20caso%20de%20Hantavirus%20en%20Ays%C3%A9n&#038;url=https:\/\/radiorevelacionfm.cl\/?p=62808' aria-hidden='false' data-av_icon='\ue8fc' data-av_iconfont='entypo-fontello' title='' data-avia-related-tooltip='Compartir en LinkedIn' rel=\"noopener\"><span class='avia_hidden_link_text'>Compartir en LinkedIn<\/span><\/a><\/li><li class='av-share-link av-social-link-mail' ><a  aria-label=\"Compartir por correo\" href='mailto:?subject=Salud%20confirma%20nuevo%20caso%20de%20Hantavirus%20en%20Ays%C3%A9n&#038;body=https:\/\/radiorevelacionfm.cl\/?p=62808' aria-hidden='false' data-av_icon='\ue805' data-av_iconfont='entypo-fontello' title='' data-avia-related-tooltip='Compartir por correo'><span class='avia_hidden_link_text'>Compartir por correo<\/span><\/a><\/li><\/ul><\/div><\/div>\n<div  style='height:50px' class='hr hr-invisible   avia-builder-el-8  el_after_av_social_share  el_before_av_comments_list '><span class='hr-inner ' ><span class='hr-inner-style'><\/span><\/span><\/div>\n<div  class='av-buildercomment  av-blog-meta-html-info-disabled av-blog-meta-tag-disabled  '><\/div>\n","protected":false},"excerpt":{"rendered":"","protected":false},"author":1,"featured_media":62809,"comment_status":"closed","ping_status":"closed","sticky":false,"template":"","format":"standard","meta":{"footnotes":""},"categories":[46],"tags":[],"class_list":["post-62808","post","type-post","status-publish","format-standard","has-post-thumbnail","hentry","category-salud"],"jetpack_featured_media_url":"https:\/\/radiorevelacionfm.cl\/wp-content\/uploads\/2025\/12\/investigacion-epidemiologia-1_optimized-1.jpg","_links":{"self":[{"href":"https:\/\/radiorevelacionfm.cl\/index.php?rest_route=\/wp\/v2\/posts\/62808","targetHints":{"allow":["GET"]}}],"collection":[{"href":"https:\/\/radiorevelacionfm.cl\/index.php?rest_route=\/wp\/v2\/posts"}],"about":[{"href":"https:\/\/radiorevelacionfm.cl\/index.php?rest_route=\/wp\/v2\/types\/post"}],"author":[{"embeddable":true,"href":"https:\/\/radiorevelacionfm.cl\/index.php?rest_route=\/wp\/v2\/users\/1"}],"replies":[{"embeddable":true,"href":"https:\/\/radiorevelacionfm.cl\/index.php?rest_route=%2Fwp%2Fv2%2Fcomments&post=62808"}],"version-history":[{"count":2,"href":"https:\/\/radiorevelacionfm.cl\/index.php?rest_route=\/wp\/v2\/posts\/62808\/revisions"}],"predecessor-version":[{"id":62811,"href":"https:\/\/radiorevelacionfm.cl\/index.php?rest_route=\/wp\/v2\/posts\/62808\/revisions\/62811"}],"wp:featuredmedia":[{"embeddable":true,"href":"https:\/\/radiorevelacionfm.cl\/index.php?rest_route=\/wp\/v2\/media\/62809"}],"wp:attachment":[{"href":"https:\/\/radiorevelacionfm.cl\/index.php?rest_route=%2Fwp%2Fv2%2Fmedia&parent=62808"}],"wp:term":[{"taxonomy":"category","embeddable":true,"href":"https:\/\/radiorevelacionfm.cl\/index.php?rest_route=%2Fwp%2Fv2%2Fcategories&post=62808"},{"taxonomy":"post_tag","embeddable":true,"href":"https:\/\/radiorevelacionfm.cl\/index.php?rest_route=%2Fwp%2Fv2%2Ftags&post=62808"}],"curies":[{"name":"wp","href":"https:\/\/api.w.org\/{rel}","templated":true}]}}