{"id":62801,"date":"2025-12-24T11:04:25","date_gmt":"2025-12-24T14:04:25","guid":{"rendered":"https:\/\/radiorevelacionfm.cl\/?p=62801"},"modified":"2025-12-24T11:04:25","modified_gmt":"2025-12-24T14:04:25","slug":"primeros-ganadores-de-aysen-de-los-fondos-cultura-2026","status":"publish","type":"post","link":"https:\/\/radiorevelacionfm.cl\/?p=62801","title":{"rendered":"Primeros ganadores de Ays\u00e9n de los Fondos Cultura 2026"},"content":{"rendered":"<div class=\"flex_column av_one_full  flex_column_div av-zero-column-padding first  avia-builder-el-0  el_before_av_one_full  avia-builder-el-first  \" style='border-radius:0px; '><div  class='avia-image-container  av-styling-    avia-builder-el-1  avia-builder-el-no-sibling  avia-align-center '  itemprop=\"image\" itemscope=\"itemscope\" itemtype=\"https:\/\/schema.org\/ImageObject\"  ><div class='avia-image-container-inner'><div class='avia-image-overlay-wrap'><img decoding=\"async\" class='wp-image-62802 avia-img-lazy-loading-not-62802 avia_image' src=\"https:\/\/radiorevelacionfm.cl\/wp-content\/uploads\/2025\/12\/fondos-20261-1_optimized-1_optimized-1.jpg\" alt='' title='fondos-20261-(1)_optimized-(1)_optimized (1)' height=\"600\" width=\"900\"  itemprop=\"thumbnailUrl\" srcset=\"https:\/\/radiorevelacionfm.cl\/wp-content\/uploads\/2025\/12\/fondos-20261-1_optimized-1_optimized-1.jpg 900w, https:\/\/radiorevelacionfm.cl\/wp-content\/uploads\/2025\/12\/fondos-20261-1_optimized-1_optimized-1-300x200.jpg 300w, https:\/\/radiorevelacionfm.cl\/wp-content\/uploads\/2025\/12\/fondos-20261-1_optimized-1_optimized-1-768x512.jpg 768w, https:\/\/radiorevelacionfm.cl\/wp-content\/uploads\/2025\/12\/fondos-20261-1_optimized-1_optimized-1-705x470.jpg 705w, https:\/\/radiorevelacionfm.cl\/wp-content\/uploads\/2025\/12\/fondos-20261-1_optimized-1_optimized-1-450x300.jpg 450w, https:\/\/radiorevelacionfm.cl\/wp-content\/uploads\/2025\/12\/fondos-20261-1_optimized-1_optimized-1-600x400.jpg 600w\" sizes=\"(max-width: 900px) 100vw, 900px\" \/><\/div><\/div><\/div><\/div><div class=\"flex_column av_one_full  flex_column_div av-zero-column-padding first  avia-builder-el-2  el_after_av_one_full  el_before_av_one_full  column-top-margin\" style='border-radius:0px; '><section class=\"av_textblock_section \"  itemscope=\"itemscope\" itemtype=\"https:\/\/schema.org\/BlogPosting\" itemprop=\"blogPost\" ><div class='avia_textblock  '   itemprop=\"text\" ><p style=\"text-align: center;\"><span style=\"font-size: 18pt;\"><b>Primeros ganadores de Ays\u00e9n de los Fondos Cultura 2026<\/b><\/span><\/p>\n<div id=\"gtx-trans\" style=\"position: absolute; left: -50px; top: 4.31534px;\">\n<div class=\"gtx-trans-icon\"><\/div>\n<\/div>\n<\/div><\/section><\/div><div class=\"flex_column av_one_full  flex_column_div av-zero-column-padding first  avia-builder-el-4  el_after_av_one_full  el_before_av_hr  column-top-margin\" style='border-radius:0px; '><section class=\"av_textblock_section \"  itemscope=\"itemscope\" itemtype=\"https:\/\/schema.org\/BlogPosting\" itemprop=\"blogPost\" ><div class='avia_textblock  '   itemprop=\"text\" ><p style=\"text-align: justify;\">El Ministerio de las Culturas, las Artes y el Patrimonio entreg\u00f3 los primeros resultados de la convocatoria 2026 de los Fondos Cultura, los cuales premian 9 proyectos de la Regi\u00f3n de Ays\u00e9n en l\u00edneas de los Fondos de la M\u00fasica, de Artes Esc\u00e9nicas y Fondart Nacional.<\/p>\n<p style=\"text-align: justify;\">Entre los premiados est\u00e1n los becarios Jorge Ojeda, Jorge Navarro, Galos Galdames y Carolina Calvo, quienes se adjudicaron fondos de Becas Chile Crea para estudios de perfeccionamiento.<\/p>\n<p style=\"text-align: justify;\">El seremi de Culturas Ays\u00e9n, Felipe Quiroz, dijo que \u201ces la primera entrega de resultados de los Fondos de Cultura y es muy grato encontrar el nombre de nuestra regi\u00f3n entre los ganadores, con becas que les permitir\u00e1n a creadores de nuestro territorio perfeccionarse. Adem\u00e1s, contamos con la continuidad del Festival Internacional de M\u00fasica de la Patagonia, que es una gran noticia para la escena docta de Ays\u00e9n; y del Festival Patagonia en Escena, largo e intenso trabajo de la Agrupaci\u00f3n Malotun. Los invitamos a estar atentos y atentas a los resultados finales que se entregar\u00e1n en enero\u201d.<\/p>\n<p style=\"text-align: justify;\">Jorge Navarro estudiar\u00e1 con su beca un Diplomado Dj productor en The Loft Music Academy: \u201cEstoy superfeliz, ya que me adjudiqu\u00e9 este fondo, estoy pensado en la innovaci\u00f3n musical en la isla (Huichas) de parte de la m\u00fasica electr\u00f3nica; es necesario que muchas m\u00e1s personas puedan acceder, conocer y tener la oportunidad de postular al fondo porque la regi\u00f3n lo necesita. Quiero que la m\u00fasica electr\u00f3nica se pueda llevar a las aulas para conocer c\u00f3mo se forma un set de DJ para que los estudiantes puedan expresar y crear tambi\u00e9n m\u00fasica que les permita tener un espacio laboral quiz\u00e1 a futuro\u201d.<\/p>\n<p style=\"text-align: justify;\">La L\u00ednea de Encuentros y Festivales entregar\u00e1 fondos al proyecto Naturaleza Interior de Mar\u00eda Jos\u00e9 Quevedo: \u201cSe trata de poder vincular a trav\u00e9s de la naturaleza los ciclos y los procesos del ser humano a trav\u00e9s de una muestra interactiva, l\u00fadica y sensorial para que a los ni\u00f1os les pueda quedar grabado en su memoria de una forma did\u00e1ctica; lo que buscamos es realzar el patrimonio natural de la regi\u00f3n, que es muy rico\u201d.<\/p>\n<p style=\"text-align: justify;\">En la misma l\u00ednea se adjudic\u00f3 recursos la segunda edici\u00f3n del Encuentro Textil de Puyuhuapi que desarrolla la Agrupaci\u00f3n Paralelo 47. De esta \u00faltima, Catalina Camus comenta que \u201cjunto a la Agrupaci\u00f3n de Artesanas Los Canelos, estamos muy muy contentas de recibir esta noticia, este Fondart Nacional nos permitir\u00e1 dar vida a la segunda versi\u00f3n, donde reunimos a artesanas, dise\u00f1adoras, investigadoras y hacedoras textiles. Todos quienes confluyen en esta materialidad, de profundo arraigo cultural en nuestra Patagonia\u201d.<\/p>\n<p style=\"text-align: justify;\">Hasta la fecha, se han notificado algunas l\u00edneas del Fondo Audiovisual, Fondo del Libro y la Lectura, Fondo de la M\u00fasica, Fondo de Artes Esc\u00e9nicas y Fondart Nacional. A mediados de enero se dar\u00e1 a conocer el resto de los resultados.<\/p>\n<\/div><\/section><\/div><div  style='height:50px' class='hr hr-invisible   avia-builder-el-6  el_after_av_one_full  el_before_av_social_share '><span class='hr-inner ' ><span class='hr-inner-style'><\/span><\/span><\/div><\/p>\n<div  class='av-social-sharing-box  avia-builder-el-7  el_after_av_hr  el_before_av_hr  '><div class='av-share-box'><h5 class='av-share-link-description av-no-toc '>Compartir esta noticia<\/h5><ul class='av-share-box-list noLightbox'><li class='av-share-link av-social-link-facebook' ><a target=\"_blank\" aria-label=\"Compartir en Facebook\" href='https:\/\/www.facebook.com\/sharer.php?u=https:\/\/radiorevelacionfm.cl\/?p=62801&#038;t=Primeros%20ganadores%20de%20Ays%C3%A9n%20de%20los%20Fondos%20Cultura%202026' aria-hidden='false' data-av_icon='\ue8f3' data-av_iconfont='entypo-fontello' title='' data-avia-related-tooltip='Compartir en Facebook' rel=\"noopener\"><span class='avia_hidden_link_text'>Compartir en Facebook<\/span><\/a><\/li><li class='av-share-link av-social-link-twitter' ><a target=\"_blank\" aria-label=\"Compartir en Twitter\" href='https:\/\/twitter.com\/share?text=Primeros%20ganadores%20de%20Ays%C3%A9n%20de%20los%20Fondos%20Cultura%202026&#038;url=https:\/\/radiorevelacionfm.cl\/?p=62801' aria-hidden='false' data-av_icon='\ue8f1' data-av_iconfont='entypo-fontello' title='' data-avia-related-tooltip='Compartir en Twitter' rel=\"noopener\"><span class='avia_hidden_link_text'>Compartir en Twitter<\/span><\/a><\/li><li class='av-share-link av-social-link-whatsapp' ><a target=\"_blank\" aria-label=\"Compartir en Whatsapp\" href='https:\/\/api.whatsapp.com\/send?text=https:\/\/radiorevelacionfm.cl\/?p=62801' aria-hidden='false' data-av_icon='\uf232' data-av_iconfont='entypo-fontello' title='' data-avia-related-tooltip='Compartir en Whatsapp' rel=\"noopener\"><span class='avia_hidden_link_text'>Compartir en Whatsapp<\/span><\/a><\/li><li class='av-share-link av-social-link-linkedin' ><a target=\"_blank\" aria-label=\"Compartir en LinkedIn\" href='https:\/\/linkedin.com\/shareArticle?mini=true&#038;title=Primeros%20ganadores%20de%20Ays%C3%A9n%20de%20los%20Fondos%20Cultura%202026&#038;url=https:\/\/radiorevelacionfm.cl\/?p=62801' aria-hidden='false' data-av_icon='\ue8fc' data-av_iconfont='entypo-fontello' title='' data-avia-related-tooltip='Compartir en LinkedIn' rel=\"noopener\"><span class='avia_hidden_link_text'>Compartir en LinkedIn<\/span><\/a><\/li><li class='av-share-link av-social-link-mail' ><a  aria-label=\"Compartir por correo\" href='mailto:?subject=Primeros%20ganadores%20de%20Ays%C3%A9n%20de%20los%20Fondos%20Cultura%202026&#038;body=https:\/\/radiorevelacionfm.cl\/?p=62801' aria-hidden='false' data-av_icon='\ue805' data-av_iconfont='entypo-fontello' title='' data-avia-related-tooltip='Compartir por correo'><span class='avia_hidden_link_text'>Compartir por correo<\/span><\/a><\/li><\/ul><\/div><\/div>\n<div  style='height:50px' class='hr hr-invisible   avia-builder-el-8  el_after_av_social_share  el_before_av_comments_list '><span class='hr-inner ' ><span class='hr-inner-style'><\/span><\/span><\/div>\n<div  class='av-buildercomment  av-blog-meta-html-info-disabled av-blog-meta-tag-disabled  '><\/div>\n","protected":false},"excerpt":{"rendered":"","protected":false},"author":1,"featured_media":62802,"comment_status":"closed","ping_status":"closed","sticky":false,"template":"","format":"standard","meta":{"footnotes":""},"categories":[52],"tags":[],"class_list":["post-62801","post","type-post","status-publish","format-standard","has-post-thumbnail","hentry","category-cultura"],"jetpack_featured_media_url":"https:\/\/radiorevelacionfm.cl\/wp-content\/uploads\/2025\/12\/fondos-20261-1_optimized-1_optimized-1.jpg","_links":{"self":[{"href":"https:\/\/radiorevelacionfm.cl\/index.php?rest_route=\/wp\/v2\/posts\/62801","targetHints":{"allow":["GET"]}}],"collection":[{"href":"https:\/\/radiorevelacionfm.cl\/index.php?rest_route=\/wp\/v2\/posts"}],"about":[{"href":"https:\/\/radiorevelacionfm.cl\/index.php?rest_route=\/wp\/v2\/types\/post"}],"author":[{"embeddable":true,"href":"https:\/\/radiorevelacionfm.cl\/index.php?rest_route=\/wp\/v2\/users\/1"}],"replies":[{"embeddable":true,"href":"https:\/\/radiorevelacionfm.cl\/index.php?rest_route=%2Fwp%2Fv2%2Fcomments&post=62801"}],"version-history":[{"count":2,"href":"https:\/\/radiorevelacionfm.cl\/index.php?rest_route=\/wp\/v2\/posts\/62801\/revisions"}],"predecessor-version":[{"id":62804,"href":"https:\/\/radiorevelacionfm.cl\/index.php?rest_route=\/wp\/v2\/posts\/62801\/revisions\/62804"}],"wp:featuredmedia":[{"embeddable":true,"href":"https:\/\/radiorevelacionfm.cl\/index.php?rest_route=\/wp\/v2\/media\/62802"}],"wp:attachment":[{"href":"https:\/\/radiorevelacionfm.cl\/index.php?rest_route=%2Fwp%2Fv2%2Fmedia&parent=62801"}],"wp:term":[{"taxonomy":"category","embeddable":true,"href":"https:\/\/radiorevelacionfm.cl\/index.php?rest_route=%2Fwp%2Fv2%2Fcategories&post=62801"},{"taxonomy":"post_tag","embeddable":true,"href":"https:\/\/radiorevelacionfm.cl\/index.php?rest_route=%2Fwp%2Fv2%2Ftags&post=62801"}],"curies":[{"name":"wp","href":"https:\/\/api.w.org\/{rel}","templated":true}]}}