{"id":6280,"date":"2021-07-14T19:10:41","date_gmt":"2021-07-14T22:10:41","guid":{"rendered":"https:\/\/radiorevelacionfm.cl\/?p=6280"},"modified":"2021-07-14T19:14:27","modified_gmt":"2021-07-14T22:14:27","slug":"corte-confirma-fallo-que-acogio-demanda-laboral-contra-la-gobernacion-provincial-capitan-prat-y-debera-pagar-mas-de-10-millones-de-indemnizacion","status":"publish","type":"post","link":"https:\/\/radiorevelacionfm.cl\/?p=6280","title":{"rendered":"Corte confirma fallo que acogi\u00f3 demanda laboral contra la Gobernaci\u00f3n Provincial Capit\u00e1n Prat, y ordena pagar m\u00e1s de $10 millones de indemnizaci\u00f3n"},"content":{"rendered":"<div class=\"flex_column av_one_full  flex_column_div av-zero-column-padding first  avia-builder-el-0  el_before_av_one_full  avia-builder-el-first  \" style='border-radius:0px; '><div  class='avia-image-container  av-styling-    avia-builder-el-1  avia-builder-el-no-sibling  avia-align-center '  itemprop=\"image\" itemscope=\"itemscope\" itemtype=\"https:\/\/schema.org\/ImageObject\"  ><div class='avia-image-container-inner'><div class='avia-image-overlay-wrap'><img decoding=\"async\" class='wp-image-6281 avia-img-lazy-loading-not-6281 avia_image' src=\"https:\/\/radiorevelacionfm.cl\/wp-content\/uploads\/2021\/07\/Foto-02-Corte-Coyhaique-1-1.jpg\" alt='' title='Foto 02 Corte Coyhaique (1) (1)' height=\"600\" width=\"900\"  itemprop=\"thumbnailUrl\" srcset=\"https:\/\/radiorevelacionfm.cl\/wp-content\/uploads\/2021\/07\/Foto-02-Corte-Coyhaique-1-1.jpg 900w, https:\/\/radiorevelacionfm.cl\/wp-content\/uploads\/2021\/07\/Foto-02-Corte-Coyhaique-1-1-300x200.jpg 300w, https:\/\/radiorevelacionfm.cl\/wp-content\/uploads\/2021\/07\/Foto-02-Corte-Coyhaique-1-1-768x512.jpg 768w, https:\/\/radiorevelacionfm.cl\/wp-content\/uploads\/2021\/07\/Foto-02-Corte-Coyhaique-1-1-705x470.jpg 705w, https:\/\/radiorevelacionfm.cl\/wp-content\/uploads\/2021\/07\/Foto-02-Corte-Coyhaique-1-1-600x400.jpg 600w\" sizes=\"(max-width: 900px) 100vw, 900px\" \/><\/div><\/div><\/div><\/div>\n<div class=\"flex_column av_one_full  flex_column_div av-zero-column-padding first  avia-builder-el-2  el_after_av_one_full  el_before_av_one_full  column-top-margin\" style='border-radius:0px; '><section class=\"av_textblock_section \"  itemscope=\"itemscope\" itemtype=\"https:\/\/schema.org\/BlogPosting\" itemprop=\"blogPost\" ><div class='avia_textblock  '   itemprop=\"text\" ><p style=\"text-align: center;\"><strong><span style=\"font-size: 18pt;\">Corte confirma fallo que acogi\u00f3 demanda laboral contra la Gobernaci\u00f3n Provincial Capit\u00e1n Prat, y ordena pagar m\u00e1s de $10 millones de indemnizaci\u00f3n<\/span><\/strong><\/p>\n<div id=\"gtx-trans\" style=\"position: absolute; left: -50px; top: 4.31534px;\">\n<div class=\"gtx-trans-icon\"><\/div>\n<\/div>\n<\/div><\/section><\/div><div class=\"flex_column av_one_full  flex_column_div av-zero-column-padding first  avia-builder-el-4  el_after_av_one_full  el_before_av_hr  column-top-margin\" style='border-radius:0px; '><section class=\"av_textblock_section \"  itemscope=\"itemscope\" itemtype=\"https:\/\/schema.org\/BlogPosting\" itemprop=\"blogPost\" ><div class='avia_textblock  '   itemprop=\"text\" ><p style=\"font-weight: 400; text-align: justify;\">La Corte de Apelaciones de Coyhaique confirm\u00f3 la sentencia que acogi\u00f3 la demanda de\u00a0tutela laboral deducida por funcionario en contra de la Gobernaci\u00f3n Provincial de Capit\u00e1n Prat, desvinculado con vulneraci\u00f3n de garant\u00edas constitucionales y legales de no discriminaci\u00f3n.<\/p>\n<p style=\"font-weight: 400; text-align: justify;\">En fallo un\u00e1nime (causa rol 17-2021), la Primera Sala del tribunal de alzada \u2013integrada por los ministros Natalia Rencoret, Sergio Mora, Pedro Castro y Jos\u00e9 Ignacio Mora\u2013 rechaz\u00f3 el recurso de nulidad enderezado en contra de la sentencia, dictada por el Juzgado de Letras y Garant\u00eda del Baker-Cochrane, que orden\u00f3 a la demandada pagar una indemnizaci\u00f3n del $10.830.050.<\/p>\n<p style=\"font-weight: 400; text-align: justify;\">\u201cQue, en consecuencia, no habi\u00e9ndose configurado la causal de nulidad prevista en la letra b) del art\u00edculo 478 del C\u00f3digo del Trabajo, en los t\u00e9rminos expuestos por el recurrente, se deber\u00e1 rechazar el presente recurso de nulidad, seg\u00fan se dir\u00e1\u201d, sostiene la resoluci\u00f3n.<\/p>\n<p style=\"font-weight: 400; text-align: justify;\">Por tanto, se resuelve: \u201cQue \u201cSE RECHAZA, con costas, el recurso de nulidad interpuesto por el Fisco de Chile, Gobernaci\u00f3n Provincial de Capit\u00e1n Prat, parte demandada, en contra de la sentencia definitiva dictada por el juez del Juzgado de Letras y Garant\u00eda del Baker-Cochrane, con fecha 30 de marzo de 2021, por la cual se acoge la demanda de vulneraci\u00f3n de derechos fundamentales deducida por Eduardo Ernesto Trinidad Gallardo, en contra de la Gobernaci\u00f3n Provincial de Capit\u00e1n Prat, Fisco de Chile, fundado en la causal de la letra b) del art\u00edculo 478 del C\u00f3digo del Trabajo, decidi\u00e9ndose, en consecuencia, que esta no es nula\u201d.<\/p>\n<\/div><\/section><\/div><\/p>\n<div  style='height:50px' class='hr hr-invisible   avia-builder-el-6  el_after_av_one_full  el_before_av_social_share '><span class='hr-inner ' ><span class='hr-inner-style'><\/span><\/span><\/div>\n<div  class='av-social-sharing-box  avia-builder-el-7  el_after_av_hr  el_before_av_hr  '><div class='av-share-box'><h5 class='av-share-link-description av-no-toc '>Compartir esta noticia<\/h5><ul class='av-share-box-list noLightbox'><li class='av-share-link av-social-link-facebook' ><a target=\"_blank\" aria-label=\"Compartir en Facebook\" href='https:\/\/www.facebook.com\/sharer.php?u=https:\/\/radiorevelacionfm.cl\/?p=6280&#038;t=Corte%20confirma%20fallo%20que%20acogi%C3%B3%20demanda%20laboral%20contra%20la%20Gobernaci%C3%B3n%20Provincial%20Capit%C3%A1n%20Prat%2C%20y%20ordena%20pagar%20m%C3%A1s%20de%20%2410%20millones%20de%20indemnizaci%C3%B3n' aria-hidden='false' data-av_icon='\ue8f3' data-av_iconfont='entypo-fontello' title='' data-avia-related-tooltip='Compartir en Facebook' rel=\"noopener\"><span class='avia_hidden_link_text'>Compartir en Facebook<\/span><\/a><\/li><li class='av-share-link av-social-link-twitter' ><a target=\"_blank\" aria-label=\"Compartir en Twitter\" href='https:\/\/twitter.com\/share?text=Corte%20confirma%20fallo%20que%20acogi%C3%B3%20demanda%20laboral%20contra%20la%20Gobernaci%C3%B3n%20Provincial%20Capit%C3%A1n%20Prat%2C%20y%20ordena%20pagar%20m%C3%A1s%20de%20%2410%20millones%20de%20indemnizaci%C3%B3n&#038;url=https:\/\/radiorevelacionfm.cl\/?p=6280' aria-hidden='false' data-av_icon='\ue8f1' data-av_iconfont='entypo-fontello' title='' data-avia-related-tooltip='Compartir en Twitter' rel=\"noopener\"><span class='avia_hidden_link_text'>Compartir en Twitter<\/span><\/a><\/li><li class='av-share-link av-social-link-whatsapp' ><a target=\"_blank\" aria-label=\"Compartir en Whatsapp\" href='https:\/\/api.whatsapp.com\/send?text=https:\/\/radiorevelacionfm.cl\/?p=6280' aria-hidden='false' data-av_icon='\uf232' data-av_iconfont='entypo-fontello' title='' data-avia-related-tooltip='Compartir en Whatsapp' rel=\"noopener\"><span class='avia_hidden_link_text'>Compartir en Whatsapp<\/span><\/a><\/li><li class='av-share-link av-social-link-linkedin' ><a target=\"_blank\" aria-label=\"Compartir en LinkedIn\" href='https:\/\/linkedin.com\/shareArticle?mini=true&#038;title=Corte%20confirma%20fallo%20que%20acogi%C3%B3%20demanda%20laboral%20contra%20la%20Gobernaci%C3%B3n%20Provincial%20Capit%C3%A1n%20Prat%2C%20y%20ordena%20pagar%20m%C3%A1s%20de%20%2410%20millones%20de%20indemnizaci%C3%B3n&#038;url=https:\/\/radiorevelacionfm.cl\/?p=6280' aria-hidden='false' data-av_icon='\ue8fc' data-av_iconfont='entypo-fontello' title='' data-avia-related-tooltip='Compartir en LinkedIn' rel=\"noopener\"><span class='avia_hidden_link_text'>Compartir en LinkedIn<\/span><\/a><\/li><li class='av-share-link av-social-link-mail' ><a  aria-label=\"Compartir por correo\" href='mailto:?subject=Corte%20confirma%20fallo%20que%20acogi%C3%B3%20demanda%20laboral%20contra%20la%20Gobernaci%C3%B3n%20Provincial%20Capit%C3%A1n%20Prat%2C%20y%20ordena%20pagar%20m%C3%A1s%20de%20%2410%20millones%20de%20indemnizaci%C3%B3n&#038;body=https:\/\/radiorevelacionfm.cl\/?p=6280' aria-hidden='false' data-av_icon='\ue805' data-av_iconfont='entypo-fontello' title='' data-avia-related-tooltip='Compartir por correo'><span class='avia_hidden_link_text'>Compartir por correo<\/span><\/a><\/li><\/ul><\/div><\/div>\n<div  style='height:50px' class='hr hr-invisible   avia-builder-el-8  el_after_av_social_share  el_before_av_comments_list '><span class='hr-inner ' ><span class='hr-inner-style'><\/span><\/span><\/div>\n<div  class='av-buildercomment  av-blog-meta-html-info-disabled av-blog-meta-tag-disabled  '><\/div>\n","protected":false},"excerpt":{"rendered":"","protected":false},"author":1,"featured_media":6281,"comment_status":"open","ping_status":"open","sticky":false,"template":"","format":"standard","meta":{"footnotes":""},"categories":[55],"tags":[],"class_list":["post-6280","post","type-post","status-publish","format-standard","has-post-thumbnail","hentry","category-justicia"],"jetpack_featured_media_url":"https:\/\/radiorevelacionfm.cl\/wp-content\/uploads\/2021\/07\/Foto-02-Corte-Coyhaique-1-1.jpg","_links":{"self":[{"href":"https:\/\/radiorevelacionfm.cl\/index.php?rest_route=\/wp\/v2\/posts\/6280","targetHints":{"allow":["GET"]}}],"collection":[{"href":"https:\/\/radiorevelacionfm.cl\/index.php?rest_route=\/wp\/v2\/posts"}],"about":[{"href":"https:\/\/radiorevelacionfm.cl\/index.php?rest_route=\/wp\/v2\/types\/post"}],"author":[{"embeddable":true,"href":"https:\/\/radiorevelacionfm.cl\/index.php?rest_route=\/wp\/v2\/users\/1"}],"replies":[{"embeddable":true,"href":"https:\/\/radiorevelacionfm.cl\/index.php?rest_route=%2Fwp%2Fv2%2Fcomments&post=6280"}],"version-history":[{"count":3,"href":"https:\/\/radiorevelacionfm.cl\/index.php?rest_route=\/wp\/v2\/posts\/6280\/revisions"}],"predecessor-version":[{"id":6284,"href":"https:\/\/radiorevelacionfm.cl\/index.php?rest_route=\/wp\/v2\/posts\/6280\/revisions\/6284"}],"wp:featuredmedia":[{"embeddable":true,"href":"https:\/\/radiorevelacionfm.cl\/index.php?rest_route=\/wp\/v2\/media\/6281"}],"wp:attachment":[{"href":"https:\/\/radiorevelacionfm.cl\/index.php?rest_route=%2Fwp%2Fv2%2Fmedia&parent=6280"}],"wp:term":[{"taxonomy":"category","embeddable":true,"href":"https:\/\/radiorevelacionfm.cl\/index.php?rest_route=%2Fwp%2Fv2%2Fcategories&post=6280"},{"taxonomy":"post_tag","embeddable":true,"href":"https:\/\/radiorevelacionfm.cl\/index.php?rest_route=%2Fwp%2Fv2%2Ftags&post=6280"}],"curies":[{"name":"wp","href":"https:\/\/api.w.org\/{rel}","templated":true}]}}