{"id":62794,"date":"2025-12-24T12:27:23","date_gmt":"2025-12-24T15:27:23","guid":{"rendered":"https:\/\/radiorevelacionfm.cl\/?p=62794"},"modified":"2025-12-24T12:27:23","modified_gmt":"2025-12-24T15:27:23","slug":"municipio-de-aysen-impulsa-innovadora-iniciativa-que-amplia-el-acceso-a-viajes-para-funcionarios-y-vecinos","status":"publish","type":"post","link":"https:\/\/radiorevelacionfm.cl\/?p=62794","title":{"rendered":"Municipio de Ays\u00e9n impulsa innovadora iniciativa que ampl\u00eda el acceso a viajes para funcionarios y vecinos"},"content":{"rendered":"<div class=\"flex_column av_one_full  flex_column_div av-zero-column-padding first  avia-builder-el-0  el_before_av_one_full  avia-builder-el-first  \" style='border-radius:0px; '><div  class='avia-image-container  av-styling-    avia-builder-el-1  avia-builder-el-no-sibling  avia-align-center '  itemprop=\"image\" itemscope=\"itemscope\" itemtype=\"https:\/\/schema.org\/ImageObject\"  ><div class='avia-image-container-inner'><div class='avia-image-overlay-wrap'><img decoding=\"async\" class='wp-image-62795 avia-img-lazy-loading-not-62795 avia_image' src=\"https:\/\/radiorevelacionfm.cl\/wp-content\/uploads\/2025\/12\/A-2-1-1-1.jpeg\" alt='' title='A (2) (1) (1) (1)' height=\"600\" width=\"880\"  itemprop=\"thumbnailUrl\" srcset=\"https:\/\/radiorevelacionfm.cl\/wp-content\/uploads\/2025\/12\/A-2-1-1-1.jpeg 880w, https:\/\/radiorevelacionfm.cl\/wp-content\/uploads\/2025\/12\/A-2-1-1-1-300x205.jpeg 300w, https:\/\/radiorevelacionfm.cl\/wp-content\/uploads\/2025\/12\/A-2-1-1-1-768x524.jpeg 768w, https:\/\/radiorevelacionfm.cl\/wp-content\/uploads\/2025\/12\/A-2-1-1-1-705x481.jpeg 705w, https:\/\/radiorevelacionfm.cl\/wp-content\/uploads\/2025\/12\/A-2-1-1-1-450x307.jpeg 450w, https:\/\/radiorevelacionfm.cl\/wp-content\/uploads\/2025\/12\/A-2-1-1-1-600x409.jpeg 600w\" sizes=\"(max-width: 880px) 100vw, 880px\" \/><\/div><\/div><\/div><\/div><div class=\"flex_column av_one_full  flex_column_div av-zero-column-padding first  avia-builder-el-2  el_after_av_one_full  el_before_av_one_full  column-top-margin\" style='border-radius:0px; '><section class=\"av_textblock_section \"  itemscope=\"itemscope\" itemtype=\"https:\/\/schema.org\/BlogPosting\" itemprop=\"blogPost\" ><div class='avia_textblock  '   itemprop=\"text\" ><p style=\"text-align: center;\"><strong><span style=\"font-size: 18pt;\">Municipio de Ays\u00e9n impulsa innovadora iniciativa que ampl\u00eda el acceso a viajes para funcionarios y vecinos<\/span><\/strong><\/p>\n<div id=\"gtx-trans\" style=\"position: absolute; left: -50px; top: 4.31534px;\">\n<div class=\"gtx-trans-icon\"><\/div>\n<\/div>\n<\/div><\/section><\/div><div class=\"flex_column av_one_full  flex_column_div av-zero-column-padding first  avia-builder-el-4  el_after_av_one_full  el_before_av_hr  column-top-margin\" style='border-radius:0px; '><section class=\"av_textblock_section \"  itemscope=\"itemscope\" itemtype=\"https:\/\/schema.org\/BlogPosting\" itemprop=\"blogPost\" ><div class='avia_textblock  '   itemprop=\"text\" ><p style=\"text-align: justify;\">La Ilustre Municipalidad de Ays\u00e9n anunci\u00f3 la implementaci\u00f3n de un convenio colaborativo, impulsado por su Unidad de Bienestar, que permitir\u00e1 a funcionarios municipales \u2014y pr\u00f3ximamente tambi\u00e9n a vecinos de la comuna\u2014 acceder a experiencias de descanso y recreaci\u00f3n a costos m\u00e1s accesibles que los del mercado tradicional.<\/p>\n<p style=\"text-align: justify;\">La iniciativa busca responder al desgaste laboral y a las dificultades de acceso a instancias de descanso, especialmente en territorios con aislamiento geogr\u00e1fico como Ays\u00e9n, facilitando la planificaci\u00f3n anticipada de vacaciones mediante un sistema de ahorro mensual.<\/p>\n<p style=\"text-align: justify;\">\u201cEl bienestar de nuestros equipos y sus familias es una prioridad para esta administraci\u00f3n. Este convenio abre oportunidades reales para acceder a experiencias que antes parec\u00edan lejanas para muchas personas de nuestra comuna\u201d, se\u00f1al\u00f3 el alcalde de Ays\u00e9n, Luis Mart\u00ednez.<\/p>\n<p style=\"text-align: justify;\">La administradora municipal, Felisa Ojeda, indic\u00f3 que se trata de \u201cuna herramienta moderna que facilita la planificaci\u00f3n de la vida familiar y personal, alineada con una gesti\u00f3n p\u00fablica centrada en las personas\u201d.<\/p>\n<p style=\"text-align: justify;\">El acuerdo se realiza con un Club Internacional de Vacaciones de origen estadounidense, con m\u00e1s de diez a\u00f1os de experiencia en la industria del turismo y presencia en m\u00e1s de 190 pa\u00edses, consolid\u00e1ndose como una alternativa voluntaria y transparente para familias de ingresos medios. Al respecto, Adita Figueroa Gallardo, ex autoridad regional y actual directora y representante de la compa\u00f1\u00eda en la regi\u00f3n, destac\u00f3 que este modelo \u201cacerca oportunidades de descanso y bienestar a familias que hist\u00f3ricamente han tenido menos acceso, especialmente en zonas aisladas como Ays\u00e9n\u201d.<\/p>\n<p style=\"text-align: justify;\">Finalmente, desde la Unidad de Bienestar Municipal destacaron que este convenio tiene un enfoque preventivo, orientado a fortalecer la salud mental, el autocuidado y la calidad de vida de los funcionarios, reconociendo que el bienestar de las personas es clave para un mejor clima laboral y un mejor servicio a la comunidad.<\/p>\n<\/div><\/section><\/div><div  style='height:50px' class='hr hr-invisible   avia-builder-el-6  el_after_av_one_full  el_before_av_social_share '><span class='hr-inner ' ><span class='hr-inner-style'><\/span><\/span><\/div><\/p>\n<div  class='av-social-sharing-box  avia-builder-el-7  el_after_av_hr  el_before_av_hr  '><div class='av-share-box'><h5 class='av-share-link-description av-no-toc '>Compartir esta noticia<\/h5><ul class='av-share-box-list noLightbox'><li class='av-share-link av-social-link-facebook' ><a target=\"_blank\" aria-label=\"Compartir en Facebook\" href='https:\/\/www.facebook.com\/sharer.php?u=https:\/\/radiorevelacionfm.cl\/?p=62794&#038;t=Municipio%20de%20Ays%C3%A9n%20impulsa%20innovadora%20iniciativa%20que%20ampl%C3%ADa%20el%20acceso%20a%20viajes%20para%20funcionarios%20y%20vecinos' aria-hidden='false' data-av_icon='\ue8f3' data-av_iconfont='entypo-fontello' title='' data-avia-related-tooltip='Compartir en Facebook' rel=\"noopener\"><span class='avia_hidden_link_text'>Compartir en Facebook<\/span><\/a><\/li><li class='av-share-link av-social-link-twitter' ><a target=\"_blank\" aria-label=\"Compartir en Twitter\" href='https:\/\/twitter.com\/share?text=Municipio%20de%20Ays%C3%A9n%20impulsa%20innovadora%20iniciativa%20que%20ampl%C3%ADa%20el%20acceso%20a%20viajes%20para%20funcionarios%20y%20vecinos&#038;url=https:\/\/radiorevelacionfm.cl\/?p=62794' aria-hidden='false' data-av_icon='\ue8f1' data-av_iconfont='entypo-fontello' title='' data-avia-related-tooltip='Compartir en Twitter' rel=\"noopener\"><span class='avia_hidden_link_text'>Compartir en Twitter<\/span><\/a><\/li><li class='av-share-link av-social-link-whatsapp' ><a target=\"_blank\" aria-label=\"Compartir en Whatsapp\" href='https:\/\/api.whatsapp.com\/send?text=https:\/\/radiorevelacionfm.cl\/?p=62794' aria-hidden='false' data-av_icon='\uf232' data-av_iconfont='entypo-fontello' title='' data-avia-related-tooltip='Compartir en Whatsapp' rel=\"noopener\"><span class='avia_hidden_link_text'>Compartir en Whatsapp<\/span><\/a><\/li><li class='av-share-link av-social-link-linkedin' ><a target=\"_blank\" aria-label=\"Compartir en LinkedIn\" href='https:\/\/linkedin.com\/shareArticle?mini=true&#038;title=Municipio%20de%20Ays%C3%A9n%20impulsa%20innovadora%20iniciativa%20que%20ampl%C3%ADa%20el%20acceso%20a%20viajes%20para%20funcionarios%20y%20vecinos&#038;url=https:\/\/radiorevelacionfm.cl\/?p=62794' aria-hidden='false' data-av_icon='\ue8fc' data-av_iconfont='entypo-fontello' title='' data-avia-related-tooltip='Compartir en LinkedIn' rel=\"noopener\"><span class='avia_hidden_link_text'>Compartir en LinkedIn<\/span><\/a><\/li><li class='av-share-link av-social-link-mail' ><a  aria-label=\"Compartir por correo\" href='mailto:?subject=Municipio%20de%20Ays%C3%A9n%20impulsa%20innovadora%20iniciativa%20que%20ampl%C3%ADa%20el%20acceso%20a%20viajes%20para%20funcionarios%20y%20vecinos&#038;body=https:\/\/radiorevelacionfm.cl\/?p=62794' aria-hidden='false' data-av_icon='\ue805' data-av_iconfont='entypo-fontello' title='' data-avia-related-tooltip='Compartir por correo'><span class='avia_hidden_link_text'>Compartir por correo<\/span><\/a><\/li><\/ul><\/div><\/div>\n<div  style='height:50px' class='hr hr-invisible   avia-builder-el-8  el_after_av_social_share  el_before_av_comments_list '><span class='hr-inner ' ><span class='hr-inner-style'><\/span><\/span><\/div>\n<div  class='av-buildercomment  av-blog-meta-html-info-disabled av-blog-meta-tag-disabled  '><\/div>\n","protected":false},"excerpt":{"rendered":"","protected":false},"author":1,"featured_media":62795,"comment_status":"closed","ping_status":"closed","sticky":false,"template":"","format":"standard","meta":{"footnotes":""},"categories":[38],"tags":[],"class_list":["post-62794","post","type-post","status-publish","format-standard","has-post-thumbnail","hentry","category-regional"],"jetpack_featured_media_url":"https:\/\/radiorevelacionfm.cl\/wp-content\/uploads\/2025\/12\/A-2-1-1-1.jpeg","_links":{"self":[{"href":"https:\/\/radiorevelacionfm.cl\/index.php?rest_route=\/wp\/v2\/posts\/62794","targetHints":{"allow":["GET"]}}],"collection":[{"href":"https:\/\/radiorevelacionfm.cl\/index.php?rest_route=\/wp\/v2\/posts"}],"about":[{"href":"https:\/\/radiorevelacionfm.cl\/index.php?rest_route=\/wp\/v2\/types\/post"}],"author":[{"embeddable":true,"href":"https:\/\/radiorevelacionfm.cl\/index.php?rest_route=\/wp\/v2\/users\/1"}],"replies":[{"embeddable":true,"href":"https:\/\/radiorevelacionfm.cl\/index.php?rest_route=%2Fwp%2Fv2%2Fcomments&post=62794"}],"version-history":[{"count":2,"href":"https:\/\/radiorevelacionfm.cl\/index.php?rest_route=\/wp\/v2\/posts\/62794\/revisions"}],"predecessor-version":[{"id":62806,"href":"https:\/\/radiorevelacionfm.cl\/index.php?rest_route=\/wp\/v2\/posts\/62794\/revisions\/62806"}],"wp:featuredmedia":[{"embeddable":true,"href":"https:\/\/radiorevelacionfm.cl\/index.php?rest_route=\/wp\/v2\/media\/62795"}],"wp:attachment":[{"href":"https:\/\/radiorevelacionfm.cl\/index.php?rest_route=%2Fwp%2Fv2%2Fmedia&parent=62794"}],"wp:term":[{"taxonomy":"category","embeddable":true,"href":"https:\/\/radiorevelacionfm.cl\/index.php?rest_route=%2Fwp%2Fv2%2Fcategories&post=62794"},{"taxonomy":"post_tag","embeddable":true,"href":"https:\/\/radiorevelacionfm.cl\/index.php?rest_route=%2Fwp%2Fv2%2Ftags&post=62794"}],"curies":[{"name":"wp","href":"https:\/\/api.w.org\/{rel}","templated":true}]}}