{"id":62788,"date":"2025-12-23T21:22:16","date_gmt":"2025-12-24T00:22:16","guid":{"rendered":"https:\/\/radiorevelacionfm.cl\/?p=62788"},"modified":"2025-12-23T21:25:31","modified_gmt":"2025-12-24T00:25:31","slug":"corte-suprema-rechaza-recurso-de-proteccion-de-alcalde-de-coyhaique-y-respaldo-las-atribuciones-de-la-contraloria","status":"publish","type":"post","link":"https:\/\/radiorevelacionfm.cl\/?p=62788","title":{"rendered":"Corte Suprema rechaza recurso de protecci\u00f3n de alcalde de Coyhaique y respald\u00f3 las atribuciones de la Contralor\u00eda"},"content":{"rendered":"<div class=\"flex_column av_one_full  flex_column_div av-zero-column-padding first  avia-builder-el-0  el_before_av_one_full  avia-builder-el-first  \" style='border-radius:0px; '><div  class='avia-image-container  av-styling-    avia-builder-el-1  avia-builder-el-no-sibling  avia-align-center '  itemprop=\"image\" itemscope=\"itemscope\" itemtype=\"https:\/\/schema.org\/ImageObject\"  ><div class='avia-image-container-inner'><div class='avia-image-overlay-wrap'><img decoding=\"async\" class='wp-image-62789 avia-img-lazy-loading-not-62789 avia_image' src=\"https:\/\/radiorevelacionfm.cl\/wp-content\/uploads\/2025\/12\/cgr-02-1-1_optimized-1.jpg\" alt='' title='cgr-02-(1)-(1)_optimized (1)' height=\"600\" width=\"1278\"  itemprop=\"thumbnailUrl\" srcset=\"https:\/\/radiorevelacionfm.cl\/wp-content\/uploads\/2025\/12\/cgr-02-1-1_optimized-1.jpg 1278w, https:\/\/radiorevelacionfm.cl\/wp-content\/uploads\/2025\/12\/cgr-02-1-1_optimized-1-300x141.jpg 300w, https:\/\/radiorevelacionfm.cl\/wp-content\/uploads\/2025\/12\/cgr-02-1-1_optimized-1-1030x484.jpg 1030w, https:\/\/radiorevelacionfm.cl\/wp-content\/uploads\/2025\/12\/cgr-02-1-1_optimized-1-768x361.jpg 768w, https:\/\/radiorevelacionfm.cl\/wp-content\/uploads\/2025\/12\/cgr-02-1-1_optimized-1-705x331.jpg 705w, https:\/\/radiorevelacionfm.cl\/wp-content\/uploads\/2025\/12\/cgr-02-1-1_optimized-1-450x211.jpg 450w, https:\/\/radiorevelacionfm.cl\/wp-content\/uploads\/2025\/12\/cgr-02-1-1_optimized-1-600x282.jpg 600w\" sizes=\"(max-width: 1278px) 100vw, 1278px\" \/><\/div><\/div><\/div><\/div>\n<div class=\"flex_column av_one_full  flex_column_div av-zero-column-padding first  avia-builder-el-2  el_after_av_one_full  el_before_av_one_full  column-top-margin\" style='border-radius:0px; '><section class=\"av_textblock_section \"  itemscope=\"itemscope\" itemtype=\"https:\/\/schema.org\/BlogPosting\" itemprop=\"blogPost\" ><div class='avia_textblock  '   itemprop=\"text\" ><p style=\"text-align: center;\"><strong><span style=\"font-size: 18pt;\">Corte Suprema rechaza recurso de protecci\u00f3n de alcalde de Coyhaique y respald\u00f3 las atribuciones de la Contralor\u00eda<\/span><\/strong><\/p>\n<div id=\"gtx-trans\" style=\"position: absolute; left: -50px; top: 4.31534px;\">\n<div class=\"gtx-trans-icon\"><\/div>\n<\/div>\n<\/div><\/section><\/div>\n<div class=\"flex_column av_one_full  flex_column_div av-zero-column-padding first  avia-builder-el-4  el_after_av_one_full  el_before_av_hr  column-top-margin\" style='border-radius:0px; '><section class=\"av_textblock_section \"  itemscope=\"itemscope\" itemtype=\"https:\/\/schema.org\/BlogPosting\" itemprop=\"blogPost\" ><div class='avia_textblock  '   itemprop=\"text\" ><div>\n<div class=\"\">\n<div>\n<div>\n<p style=\"text-align: justify;\">El pasado jueves 18 de diciembre, la Corte Suprema ratific\u00f3 y respald\u00f3 las atribuciones de la Contralor\u00eda General de la Rep\u00fablica para advertir irregularidades en contratos municipales y remitir antecedentes al concejo municipal, incluso cuando detecta que servicios p\u00fablicos son prestados por privados sin un contrato vigente.<\/p>\n<p style=\"text-align: justify;\">El caso se origin\u00f3 en Coyhaique, donde la Contralor\u00eda Regional de Ays\u00e9n constat\u00f3 que el servicio de recolecci\u00f3n de basura se realizaba sin contrato legalmente celebrado. Ante ello, el alcalde de dicha comuna present\u00f3 un recurso de protecci\u00f3n alegando que el oficio del organismo de control vulneraba el debido proceso y afectaba su imagen p\u00fablica.<\/p>\n<p style=\"text-align: justify;\">No obstante, en octubre, la Corte de Apelaciones de la zona se\u00f1al\u00f3 que no se configuraba un acto ilegal o arbitrario imputable a la Contralor\u00eda, pues el oficio impugnado se dict\u00f3 dentro del \u00e1mbito de sus atribuciones.<\/p>\n<p style=\"text-align: justify;\">Adicionalmente, expres\u00f3 que la actuaci\u00f3n cuestionada se vinculaba directamente con el deber de la CGR de velar por la juridicidad de los actos municipales, en este caso, vinculados a la prestaci\u00f3n de servicios p\u00fablicos por parte de privados sin respaldo contractual.<\/p>\n<p style=\"text-align: justify;\">Posteriormente, el m\u00e1ximo tribunal confirm\u00f3 el fallo, reafirmando de paso el car\u00e1cter preventivo y fiscalizador del \u00f3rgano contralor. De esta manera, los tribunales concluyeron que la Contralor\u00eda actu\u00f3 dentro de sus facultades legales, instruyendo un sumario administrativo e informando al Concejo Municipal, sin imponer sanciones ni prejuzgar responsabilidades. Adem\u00e1s, descartaron que se vulneraran derechos fundamentales o que existiera riesgo para la continuidad del servicio.<\/p>\n<\/div>\n<\/div>\n<\/div>\n<\/div>\n<\/div><\/section><\/div><div  style='height:50px' class='hr hr-invisible   avia-builder-el-6  el_after_av_one_full  el_before_av_social_share '><span class='hr-inner ' ><span class='hr-inner-style'><\/span><\/span><\/div><\/p>\n<div  class='av-social-sharing-box  avia-builder-el-7  el_after_av_hr  el_before_av_hr  '><div class='av-share-box'><h5 class='av-share-link-description av-no-toc '>Compartir esta noticia<\/h5><ul class='av-share-box-list noLightbox'><li class='av-share-link av-social-link-facebook' ><a target=\"_blank\" aria-label=\"Compartir en Facebook\" href='https:\/\/www.facebook.com\/sharer.php?u=https:\/\/radiorevelacionfm.cl\/?p=62788&#038;t=Corte%20Suprema%20rechaza%20recurso%20de%20protecci%C3%B3n%20de%20alcalde%20de%20Coyhaique%20y%20respald%C3%B3%20las%20atribuciones%20de%20la%20Contralor%C3%ADa' aria-hidden='false' data-av_icon='\ue8f3' data-av_iconfont='entypo-fontello' title='' data-avia-related-tooltip='Compartir en Facebook' rel=\"noopener\"><span class='avia_hidden_link_text'>Compartir en Facebook<\/span><\/a><\/li><li class='av-share-link av-social-link-twitter' ><a target=\"_blank\" aria-label=\"Compartir en Twitter\" href='https:\/\/twitter.com\/share?text=Corte%20Suprema%20rechaza%20recurso%20de%20protecci%C3%B3n%20de%20alcalde%20de%20Coyhaique%20y%20respald%C3%B3%20las%20atribuciones%20de%20la%20Contralor%C3%ADa&#038;url=https:\/\/radiorevelacionfm.cl\/?p=62788' aria-hidden='false' data-av_icon='\ue8f1' data-av_iconfont='entypo-fontello' title='' data-avia-related-tooltip='Compartir en Twitter' rel=\"noopener\"><span class='avia_hidden_link_text'>Compartir en Twitter<\/span><\/a><\/li><li class='av-share-link av-social-link-whatsapp' ><a target=\"_blank\" aria-label=\"Compartir en Whatsapp\" href='https:\/\/api.whatsapp.com\/send?text=https:\/\/radiorevelacionfm.cl\/?p=62788' aria-hidden='false' data-av_icon='\uf232' data-av_iconfont='entypo-fontello' title='' data-avia-related-tooltip='Compartir en Whatsapp' rel=\"noopener\"><span class='avia_hidden_link_text'>Compartir en Whatsapp<\/span><\/a><\/li><li class='av-share-link av-social-link-linkedin' ><a target=\"_blank\" aria-label=\"Compartir en LinkedIn\" href='https:\/\/linkedin.com\/shareArticle?mini=true&#038;title=Corte%20Suprema%20rechaza%20recurso%20de%20protecci%C3%B3n%20de%20alcalde%20de%20Coyhaique%20y%20respald%C3%B3%20las%20atribuciones%20de%20la%20Contralor%C3%ADa&#038;url=https:\/\/radiorevelacionfm.cl\/?p=62788' aria-hidden='false' data-av_icon='\ue8fc' data-av_iconfont='entypo-fontello' title='' data-avia-related-tooltip='Compartir en LinkedIn' rel=\"noopener\"><span class='avia_hidden_link_text'>Compartir en LinkedIn<\/span><\/a><\/li><li class='av-share-link av-social-link-mail' ><a  aria-label=\"Compartir por correo\" href='mailto:?subject=Corte%20Suprema%20rechaza%20recurso%20de%20protecci%C3%B3n%20de%20alcalde%20de%20Coyhaique%20y%20respald%C3%B3%20las%20atribuciones%20de%20la%20Contralor%C3%ADa&#038;body=https:\/\/radiorevelacionfm.cl\/?p=62788' aria-hidden='false' data-av_icon='\ue805' data-av_iconfont='entypo-fontello' title='' data-avia-related-tooltip='Compartir por correo'><span class='avia_hidden_link_text'>Compartir por correo<\/span><\/a><\/li><\/ul><\/div><\/div>\n<div  style='height:50px' class='hr hr-invisible   avia-builder-el-8  el_after_av_social_share  el_before_av_comments_list '><span class='hr-inner ' ><span class='hr-inner-style'><\/span><\/span><\/div>\n<div  class='av-buildercomment  av-blog-meta-html-info-disabled av-blog-meta-tag-disabled  '><\/div>\n","protected":false},"excerpt":{"rendered":"","protected":false},"author":1,"featured_media":62789,"comment_status":"closed","ping_status":"closed","sticky":false,"template":"","format":"standard","meta":{"footnotes":""},"categories":[55],"tags":[],"class_list":["post-62788","post","type-post","status-publish","format-standard","has-post-thumbnail","hentry","category-justicia"],"jetpack_featured_media_url":"https:\/\/radiorevelacionfm.cl\/wp-content\/uploads\/2025\/12\/cgr-02-1-1_optimized-1.jpg","_links":{"self":[{"href":"https:\/\/radiorevelacionfm.cl\/index.php?rest_route=\/wp\/v2\/posts\/62788","targetHints":{"allow":["GET"]}}],"collection":[{"href":"https:\/\/radiorevelacionfm.cl\/index.php?rest_route=\/wp\/v2\/posts"}],"about":[{"href":"https:\/\/radiorevelacionfm.cl\/index.php?rest_route=\/wp\/v2\/types\/post"}],"author":[{"embeddable":true,"href":"https:\/\/radiorevelacionfm.cl\/index.php?rest_route=\/wp\/v2\/users\/1"}],"replies":[{"embeddable":true,"href":"https:\/\/radiorevelacionfm.cl\/index.php?rest_route=%2Fwp%2Fv2%2Fcomments&post=62788"}],"version-history":[{"count":3,"href":"https:\/\/radiorevelacionfm.cl\/index.php?rest_route=\/wp\/v2\/posts\/62788\/revisions"}],"predecessor-version":[{"id":62791,"href":"https:\/\/radiorevelacionfm.cl\/index.php?rest_route=\/wp\/v2\/posts\/62788\/revisions\/62791"}],"wp:featuredmedia":[{"embeddable":true,"href":"https:\/\/radiorevelacionfm.cl\/index.php?rest_route=\/wp\/v2\/media\/62789"}],"wp:attachment":[{"href":"https:\/\/radiorevelacionfm.cl\/index.php?rest_route=%2Fwp%2Fv2%2Fmedia&parent=62788"}],"wp:term":[{"taxonomy":"category","embeddable":true,"href":"https:\/\/radiorevelacionfm.cl\/index.php?rest_route=%2Fwp%2Fv2%2Fcategories&post=62788"},{"taxonomy":"post_tag","embeddable":true,"href":"https:\/\/radiorevelacionfm.cl\/index.php?rest_route=%2Fwp%2Fv2%2Ftags&post=62788"}],"curies":[{"name":"wp","href":"https:\/\/api.w.org\/{rel}","templated":true}]}}