{"id":62784,"date":"2025-12-24T10:11:59","date_gmt":"2025-12-24T13:11:59","guid":{"rendered":"https:\/\/radiorevelacionfm.cl\/?p=62784"},"modified":"2025-12-24T10:26:35","modified_gmt":"2025-12-24T13:26:35","slug":"con-charla-sobre-inteligencia-artificial-culmina-proyecto-de-formacion-a-emprendedores-del-sector-industrial-de-aysen","status":"publish","type":"post","link":"https:\/\/radiorevelacionfm.cl\/?p=62784","title":{"rendered":"Con charla sobre inteligencia Artificial: Culmina proyecto de formaci\u00f3n a emprendedores del sector industrial de Ays\u00e9n"},"content":{"rendered":"<div class=\"flex_column av_one_full  flex_column_div av-zero-column-padding first  avia-builder-el-0  el_before_av_one_full  avia-builder-el-first  \" style='border-radius:0px; '><div  class='avia-image-container  av-styling-    avia-builder-el-1  avia-builder-el-no-sibling  avia-align-center '  itemprop=\"image\" itemscope=\"itemscope\" itemtype=\"https:\/\/schema.org\/ImageObject\"  ><div class='avia-image-container-inner'><div class='avia-image-overlay-wrap'><img decoding=\"async\" class='wp-image-62785 avia-img-lazy-loading-not-62785 avia_image' src=\"https:\/\/radiorevelacionfm.cl\/wp-content\/uploads\/2025\/12\/cierre-viraliza12-1_optimized.jpeg\" alt='' title='cierre-viraliza12-(1)_optimized' height=\"600\" width=\"923\"  itemprop=\"thumbnailUrl\" srcset=\"https:\/\/radiorevelacionfm.cl\/wp-content\/uploads\/2025\/12\/cierre-viraliza12-1_optimized.jpeg 923w, https:\/\/radiorevelacionfm.cl\/wp-content\/uploads\/2025\/12\/cierre-viraliza12-1_optimized-300x195.jpeg 300w, https:\/\/radiorevelacionfm.cl\/wp-content\/uploads\/2025\/12\/cierre-viraliza12-1_optimized-768x499.jpeg 768w, https:\/\/radiorevelacionfm.cl\/wp-content\/uploads\/2025\/12\/cierre-viraliza12-1_optimized-705x458.jpeg 705w, https:\/\/radiorevelacionfm.cl\/wp-content\/uploads\/2025\/12\/cierre-viraliza12-1_optimized-450x293.jpeg 450w, https:\/\/radiorevelacionfm.cl\/wp-content\/uploads\/2025\/12\/cierre-viraliza12-1_optimized-600x390.jpeg 600w\" sizes=\"(max-width: 923px) 100vw, 923px\" \/><\/div><\/div><\/div><\/div>\n<div class=\"flex_column av_one_full  flex_column_div av-zero-column-padding first  avia-builder-el-2  el_after_av_one_full  el_before_av_one_full  column-top-margin\" style='border-radius:0px; '><section class=\"av_textblock_section \"  itemscope=\"itemscope\" itemtype=\"https:\/\/schema.org\/BlogPosting\" itemprop=\"blogPost\" ><div class='avia_textblock  '   itemprop=\"text\" ><p style=\"text-align: center;\"><span style=\"font-size: 18pt;\"><strong><em>Con charla sobre inteligencia Artificial:<\/em> Culmina proyecto de formaci\u00f3n a emprendedores del sector industrial de Ays\u00e9n<\/strong><\/span><\/p>\n<div id=\"gtx-trans\" style=\"position: absolute; left: -50px; top: 4.31534px;\">\n<div class=\"gtx-trans-icon\"><\/div>\n<\/div>\n<\/div><\/section><\/div>\n<div class=\"flex_column av_one_full  flex_column_div av-zero-column-padding first  avia-builder-el-4  el_after_av_one_full  el_before_av_hr  column-top-margin\" style='border-radius:0px; '><section class=\"av_textblock_section \"  itemscope=\"itemscope\" itemtype=\"https:\/\/schema.org\/BlogPosting\" itemprop=\"blogPost\" ><div class='avia_textblock  '   itemprop=\"text\" ><ul>\n<li style=\"text-align: justify;\"><em>Durante la actividad se certific\u00f3 a las y los emprendedores que participaron en este programa.<\/em><\/li>\n<\/ul>\n<p style=\"text-align: justify;\">Una charla sobre Inteligencia Artificial, fue el hito final del \u201cPrograma de Formaci\u00f3n y Difusi\u00f3n del Emprendimiento y la Innovaci\u00f3n Industrial de Coyhaique\u201d, ejecutado por el Campus Patagonia de la Universidad austral de Chile y apoyado por CORFO Ays\u00e9n.<\/p>\n<p style=\"text-align: justify;\">Durante la actividad se entregaron reconocimientos a todos y todas quienes participaron en este ciclo de clases y talleres, que tuvieron como objetivo fortalecer la mirada de cada emprendedor hacia el desarrollo industrial de sus proyectos.<\/p>\n<p style=\"text-align: justify;\">En la ocasi\u00f3n, el director de este programa, Profesor Lautaro Alegr\u00eda, valoro el compromiso y constancia de cada participante, destacando su inter\u00e9s por hacer surgir sus iniciativas. \u201cPara nosotros, como Universidad Austral de Chile, Campus Patagonia, este proyecto ha sido profundamente significativo. Tenemos un compromiso real con el territorio, un compromiso que se expresa justamente en instancias como esta formaci\u00f3n pertinente, acompa\u00f1amiento cercano, espacios que fortalezcan a emprendedores y emprendedoras que sostienen el desarrollo local. Sabemos que cada emprendimiento que nace o se fortalece aqu\u00ed no solo impacta a una persona, sino a familias completas, a barrios, a localidades, e incluso a toda la regi\u00f3n\u201d.<\/p>\n<p style=\"text-align: justify;\">Asimismo, el docente agreg\u00f3 que \u201cllegamos al cierre de un camino que comenzamos hace varios meses, con la convicci\u00f3n de que en el territorio de Ays\u00e9n existe un talento enorme, ideas potentes y personas dispuestas a transformar su realidad a trav\u00e9s del emprendimiento y la innovaci\u00f3n\u2026Aqu\u00ed convivieron emprendimientos consolidados, ideas reci\u00e9n naciendo, oficios tradicionales, propuestas tecnol\u00f3gicas, iniciativas productivas y creativas. Cada historia que lleg\u00f3 a estas aulas tra\u00eda una trayectoria distinta, pero todas compart\u00edan algo esencial: la valent\u00eda de apostar por un sue\u00f1o\u201d.<\/p>\n<p style=\"text-align: justify;\">Por su parte, el ejecutivo de proyectos de Corfo Ays\u00e9n, Hugo Sotomayor, resalt\u00f3 el trabajo desarrollado por el Campus Patagonia a trav\u00e9s de su permanente contribuci\u00f3n al desarrollo de los distintos sectores productivos de la regi\u00f3n, especialmente en el \u00e1rea del emprendimiento y la innovaci\u00f3n, lo que queda demostrado en la materializaci\u00f3n de este programa de formaci\u00f3n que benefici\u00f3 a m\u00e1s de una veintena de emprendedores locales.<\/p>\n<p style=\"text-align: justify;\">La emprendedora y participante de este proyecto, Teresa V\u00e1squez, valor\u00f3 todo lo aprendido en el programa, lo que le permitir\u00e1 avanzar en su iniciativa de turismo rural. \u201cMe quedo con el aprendizaje de la organizaci\u00f3n, de c\u00f3mo formular un proyecto bien hecho, c\u00f3mo haber compartido con mis compa\u00f1eros y habernos apoyado los unos a los otros y en relaci\u00f3n a las clases, \u00e9stas fueron muy did\u00e1cticas, muy f\u00e1ciles de entender. Me quedo con todo ese aprendizaje para mejorar mi emprendimiento de turismo rural, que estoy desarrollando con mi con mi comunidad mapuche en alto \u00d1irehuao. Estoy feliz con esta capacitaci\u00f3n, me siento realizada y contenta de haber aprendido much\u00edsimo\u201d.<\/p>\n<p style=\"text-align: justify;\">Francisca \u00dabeda, tambi\u00e9n beneficiaria del proyecto se\u00f1al\u00f3 que este programa result\u00f3 muy positivo y le aclar\u00f3 muchas dudas. \u201cBueno, en las capacitaciones entre otras cosas no entregaron todo tipo de informaci\u00f3n y apoyo, sobre todo esos peque\u00f1os detalles que hacen que uno quede quede o no en alg\u00fan fondo concursable o que alg\u00fan proyecto funcione y sea viable o no. Te ense\u00f1an, adem\u00e1s, c\u00f3mo ver tu negocio o emprendimiento desde afuera, c\u00f3mo el cliente te ve y eso hace que uno pueda mejorar algunas cosas o agregar otras\u201d<\/p>\n<p style=\"text-align: justify;\">Tras la ceremonia, se realiz\u00f3 la charla \u201cIAustral. Herramienta Global para Innovadores Locales\u201d a cargo de \u00c1lvaro Contreras Barrios, especialista en la tem\u00e1tica de inteligencia artificial.<\/p>\n<\/div><\/section><\/div><div  style='height:50px' class='hr hr-invisible   avia-builder-el-6  el_after_av_one_full  el_before_av_social_share '><span class='hr-inner ' ><span class='hr-inner-style'><\/span><\/span><\/div><\/p>\n<div  class='av-social-sharing-box  avia-builder-el-7  el_after_av_hr  el_before_av_hr  '><div class='av-share-box'><h5 class='av-share-link-description av-no-toc '>Compartir esta noticia<\/h5><ul class='av-share-box-list noLightbox'><li class='av-share-link av-social-link-facebook' ><a target=\"_blank\" aria-label=\"Compartir en Facebook\" href='https:\/\/www.facebook.com\/sharer.php?u=https:\/\/radiorevelacionfm.cl\/?p=62784&#038;t=Con%20charla%20sobre%20inteligencia%20Artificial%3A%20Culmina%20proyecto%20de%20formaci%C3%B3n%20a%20emprendedores%20del%20sector%20industrial%20de%20Ays%C3%A9n' aria-hidden='false' data-av_icon='\ue8f3' data-av_iconfont='entypo-fontello' title='' data-avia-related-tooltip='Compartir en Facebook' rel=\"noopener\"><span class='avia_hidden_link_text'>Compartir en Facebook<\/span><\/a><\/li><li class='av-share-link av-social-link-twitter' ><a target=\"_blank\" aria-label=\"Compartir en Twitter\" href='https:\/\/twitter.com\/share?text=Con%20charla%20sobre%20inteligencia%20Artificial%3A%20Culmina%20proyecto%20de%20formaci%C3%B3n%20a%20emprendedores%20del%20sector%20industrial%20de%20Ays%C3%A9n&#038;url=https:\/\/radiorevelacionfm.cl\/?p=62784' aria-hidden='false' data-av_icon='\ue8f1' data-av_iconfont='entypo-fontello' title='' data-avia-related-tooltip='Compartir en Twitter' rel=\"noopener\"><span class='avia_hidden_link_text'>Compartir en Twitter<\/span><\/a><\/li><li class='av-share-link av-social-link-whatsapp' ><a target=\"_blank\" aria-label=\"Compartir en Whatsapp\" href='https:\/\/api.whatsapp.com\/send?text=https:\/\/radiorevelacionfm.cl\/?p=62784' aria-hidden='false' data-av_icon='\uf232' data-av_iconfont='entypo-fontello' title='' data-avia-related-tooltip='Compartir en Whatsapp' rel=\"noopener\"><span class='avia_hidden_link_text'>Compartir en Whatsapp<\/span><\/a><\/li><li class='av-share-link av-social-link-linkedin' ><a target=\"_blank\" aria-label=\"Compartir en LinkedIn\" href='https:\/\/linkedin.com\/shareArticle?mini=true&#038;title=Con%20charla%20sobre%20inteligencia%20Artificial%3A%20Culmina%20proyecto%20de%20formaci%C3%B3n%20a%20emprendedores%20del%20sector%20industrial%20de%20Ays%C3%A9n&#038;url=https:\/\/radiorevelacionfm.cl\/?p=62784' aria-hidden='false' data-av_icon='\ue8fc' data-av_iconfont='entypo-fontello' title='' data-avia-related-tooltip='Compartir en LinkedIn' rel=\"noopener\"><span class='avia_hidden_link_text'>Compartir en LinkedIn<\/span><\/a><\/li><li class='av-share-link av-social-link-mail' ><a  aria-label=\"Compartir por correo\" href='mailto:?subject=Con%20charla%20sobre%20inteligencia%20Artificial%3A%20Culmina%20proyecto%20de%20formaci%C3%B3n%20a%20emprendedores%20del%20sector%20industrial%20de%20Ays%C3%A9n&#038;body=https:\/\/radiorevelacionfm.cl\/?p=62784' aria-hidden='false' data-av_icon='\ue805' data-av_iconfont='entypo-fontello' title='' data-avia-related-tooltip='Compartir por correo'><span class='avia_hidden_link_text'>Compartir por correo<\/span><\/a><\/li><\/ul><\/div><\/div>\n<div  style='height:50px' class='hr hr-invisible   avia-builder-el-8  el_after_av_social_share  el_before_av_comments_list '><span class='hr-inner ' ><span class='hr-inner-style'><\/span><\/span><\/div>\n<div  class='av-buildercomment  av-blog-meta-html-info-disabled av-blog-meta-tag-disabled  '><\/div>\n","protected":false},"excerpt":{"rendered":"","protected":false},"author":1,"featured_media":62785,"comment_status":"closed","ping_status":"closed","sticky":false,"template":"","format":"standard","meta":{"footnotes":""},"categories":[49],"tags":[],"class_list":["post-62784","post","type-post","status-publish","format-standard","has-post-thumbnail","hentry","category-educacion"],"jetpack_featured_media_url":"https:\/\/radiorevelacionfm.cl\/wp-content\/uploads\/2025\/12\/cierre-viraliza12-1_optimized.jpeg","_links":{"self":[{"href":"https:\/\/radiorevelacionfm.cl\/index.php?rest_route=\/wp\/v2\/posts\/62784","targetHints":{"allow":["GET"]}}],"collection":[{"href":"https:\/\/radiorevelacionfm.cl\/index.php?rest_route=\/wp\/v2\/posts"}],"about":[{"href":"https:\/\/radiorevelacionfm.cl\/index.php?rest_route=\/wp\/v2\/types\/post"}],"author":[{"embeddable":true,"href":"https:\/\/radiorevelacionfm.cl\/index.php?rest_route=\/wp\/v2\/users\/1"}],"replies":[{"embeddable":true,"href":"https:\/\/radiorevelacionfm.cl\/index.php?rest_route=%2Fwp%2Fv2%2Fcomments&post=62784"}],"version-history":[{"count":3,"href":"https:\/\/radiorevelacionfm.cl\/index.php?rest_route=\/wp\/v2\/posts\/62784\/revisions"}],"predecessor-version":[{"id":62798,"href":"https:\/\/radiorevelacionfm.cl\/index.php?rest_route=\/wp\/v2\/posts\/62784\/revisions\/62798"}],"wp:featuredmedia":[{"embeddable":true,"href":"https:\/\/radiorevelacionfm.cl\/index.php?rest_route=\/wp\/v2\/media\/62785"}],"wp:attachment":[{"href":"https:\/\/radiorevelacionfm.cl\/index.php?rest_route=%2Fwp%2Fv2%2Fmedia&parent=62784"}],"wp:term":[{"taxonomy":"category","embeddable":true,"href":"https:\/\/radiorevelacionfm.cl\/index.php?rest_route=%2Fwp%2Fv2%2Fcategories&post=62784"},{"taxonomy":"post_tag","embeddable":true,"href":"https:\/\/radiorevelacionfm.cl\/index.php?rest_route=%2Fwp%2Fv2%2Ftags&post=62784"}],"curies":[{"name":"wp","href":"https:\/\/api.w.org\/{rel}","templated":true}]}}