{"id":62781,"date":"2025-12-23T21:39:36","date_gmt":"2025-12-24T00:39:36","guid":{"rendered":"https:\/\/radiorevelacionfm.cl\/?p=62781"},"modified":"2025-12-23T21:39:36","modified_gmt":"2025-12-24T00:39:36","slug":"uaysen-realizara-semana-de-la-postulacion-admision-2026-en-el-nuevo-campus-errazuriz","status":"publish","type":"post","link":"https:\/\/radiorevelacionfm.cl\/?p=62781","title":{"rendered":"UAys\u00e9n realizar\u00e1 Semana de la Postulaci\u00f3n Admisi\u00f3n 2026 en el nuevo Campus Err\u00e1zuriz"},"content":{"rendered":"<div class=\"flex_column av_one_full  flex_column_div av-zero-column-padding first  avia-builder-el-0  el_before_av_one_full  avia-builder-el-first  \" style='border-radius:0px; '><div  class='avia-image-container  av-styling-    avia-builder-el-1  avia-builder-el-no-sibling  avia-align-center '  itemprop=\"image\" itemscope=\"itemscope\" itemtype=\"https:\/\/schema.org\/ImageObject\"  ><div class='avia-image-container-inner'><div class='avia-image-overlay-wrap'><img decoding=\"async\" class='wp-image-62782 avia-img-lazy-loading-not-62782 avia_image' src=\"https:\/\/radiorevelacionfm.cl\/wp-content\/uploads\/2025\/12\/Sin-titulo-5.jpg\" alt='' title='Sin t\u00edtulo (5)' height=\"602\" width=\"905\"  itemprop=\"thumbnailUrl\" srcset=\"https:\/\/radiorevelacionfm.cl\/wp-content\/uploads\/2025\/12\/Sin-titulo-5.jpg 905w, https:\/\/radiorevelacionfm.cl\/wp-content\/uploads\/2025\/12\/Sin-titulo-5-300x200.jpg 300w, https:\/\/radiorevelacionfm.cl\/wp-content\/uploads\/2025\/12\/Sin-titulo-5-768x511.jpg 768w, https:\/\/radiorevelacionfm.cl\/wp-content\/uploads\/2025\/12\/Sin-titulo-5-705x469.jpg 705w, https:\/\/radiorevelacionfm.cl\/wp-content\/uploads\/2025\/12\/Sin-titulo-5-450x299.jpg 450w, https:\/\/radiorevelacionfm.cl\/wp-content\/uploads\/2025\/12\/Sin-titulo-5-600x399.jpg 600w\" sizes=\"(max-width: 905px) 100vw, 905px\" \/><\/div><\/div><\/div><\/div><div class=\"flex_column av_one_full  flex_column_div av-zero-column-padding first  avia-builder-el-2  el_after_av_one_full  el_before_av_one_full  column-top-margin\" style='border-radius:0px; '><section class=\"av_textblock_section \"  itemscope=\"itemscope\" itemtype=\"https:\/\/schema.org\/BlogPosting\" itemprop=\"blogPost\" ><div class='avia_textblock  '   itemprop=\"text\" ><p style=\"text-align: center;\"><strong><span style=\"font-size: 18pt;\">UAys\u00e9n realizar\u00e1 Semana de la Postulaci\u00f3n Admisi\u00f3n 2026 en el nuevo Campus Err\u00e1zuriz<\/span><\/strong><\/p>\n<div id=\"gtx-trans\" style=\"position: absolute; left: -50px; top: 4.31534px;\">\n<div class=\"gtx-trans-icon\"><\/div>\n<\/div>\n<\/div><\/section><\/div><div class=\"flex_column av_one_full  flex_column_div av-zero-column-padding first  avia-builder-el-4  el_after_av_one_full  el_before_av_hr  column-top-margin\" style='border-radius:0px; '><section class=\"av_textblock_section \"  itemscope=\"itemscope\" itemtype=\"https:\/\/schema.org\/BlogPosting\" itemprop=\"blogPost\" ><div class='avia_textblock  '   itemprop=\"text\" ><ul>\n<li dir=\"ltr\">\n<p dir=\"ltr\" style=\"text-align: justify;\" role=\"presentation\"><em>Durante cuatro jornadas, el equipo de Admisi\u00f3n UAys\u00e9n acompa\u00f1ar\u00e1 a postulantes en el proceso de postulaci\u00f3n, resolviendo dudas sobre carreras, puntajes y etapas del sistema.<\/em><\/p>\n<\/li>\n<\/ul>\n<p dir=\"ltr\" style=\"text-align: justify;\">La Universidad de Ays\u00e9n invita a la comunidad a participar en la Semana de la Postulaci\u00f3n Admisi\u00f3n 2026, iniciativa que se desarrollar\u00e1 en el recientemente inaugurado Campus Err\u00e1zuriz, nuevo espacio universitario que marca un hito en el fortalecimiento institucional y en la proyecci\u00f3n de la educaci\u00f3n superior p\u00fablica en la regi\u00f3n.<\/p>\n<p dir=\"ltr\" style=\"text-align: justify;\">La actividad se realizar\u00e1 entre el 05 y el 07 de enero de 2026, en horario continuado de 09:00 a 18:00 horas y el 08 de enero, entre 09:00 y 13:00 horas en el Campus Err\u00e1zuriz, ubicado en Err\u00e1zuriz N\u00b0 532, Coyhaique. Durante estas jornadas, el equipo de Admisi\u00f3n de la universidad entregar\u00e1 orientaci\u00f3n personalizada a quienes se encuentren en proceso de postulaci\u00f3n a la educaci\u00f3n superior.<\/p>\n<p dir=\"ltr\" style=\"text-align: justify;\">En esta l\u00ednea, el Coordinador de Admisi\u00f3n y PACE UAys\u00e9n, David V\u00e1zquez, extendi\u00f3 la invitaci\u00f3n a quienes han rendido la PAES en los \u00faltimos procesos, se\u00f1alando que \u201csi rendiste la PAES en el a\u00f1o 2025, invierno o verano, o incluso si rendiste la PAES el a\u00f1o 2024, que todav\u00eda est\u00e1 vigente, ven a la Semana de la Postulaci\u00f3n\u201d. A su vez, destac\u00f3 que durante estas jornadas se entregar\u00e1 orientaci\u00f3n personalizada a quienes deseen postular, indicando que \u201csi quieres postular a cualquiera de las carreras de la Universidad de Ays\u00e9n o incluso si quieres postular adem\u00e1s a otras carreras, estaremos atendiendo y orientando con todo el equipo de Admisi\u00f3n y PACE desplegado para ayudarte. Si eres de Puerto Ays\u00e9n, si eres de R\u00edo Ib\u00e1\u00f1ez o de cualquier otra localidad y est\u00e1s en Coyhaique, bienvenidos a postular con nosotros. Y si necesitas atenci\u00f3n telem\u00e1tica, no dudes en contactarnos, que tambi\u00e9n te podemos orientar\u201d, asegur\u00f3.<\/p>\n<p dir=\"ltr\" style=\"text-align: justify;\">Independientemente de la instituci\u00f3n a la que se desee postular, las y los asistentes podr\u00e1n resolver dudas sobre carreras, puntajes y etapas del proceso, recibiendo acompa\u00f1amiento paso a paso por parte del equipo de Admisi\u00f3n UAys\u00e9n. Toda la informaci\u00f3n se encuentra disponible en\u00a0<a href=\"http:\/\/uaysen.cl\/\" target=\"_blank\" rel=\"noopener\" data-saferedirecturl=\"https:\/\/www.google.com\/url?q=http:\/\/uaysen.cl&amp;source=gmail&amp;ust=1766613720627000&amp;usg=AOvVaw0BtetA8X_0B5eAxkh-V_bC\">uaysen.cl<\/a>.<\/p>\n<\/div><\/section><\/div><div  style='height:50px' class='hr hr-invisible   avia-builder-el-6  el_after_av_one_full  el_before_av_social_share '><span class='hr-inner ' ><span class='hr-inner-style'><\/span><\/span><\/div><\/p>\n<div  class='av-social-sharing-box  avia-builder-el-7  el_after_av_hr  el_before_av_hr  '><div class='av-share-box'><h5 class='av-share-link-description av-no-toc '>Compartir esta noticia<\/h5><ul class='av-share-box-list noLightbox'><li class='av-share-link av-social-link-facebook' ><a target=\"_blank\" aria-label=\"Compartir en Facebook\" href='https:\/\/www.facebook.com\/sharer.php?u=https:\/\/radiorevelacionfm.cl\/?p=62781&#038;t=UAys%C3%A9n%20realizar%C3%A1%20Semana%20de%20la%20Postulaci%C3%B3n%20Admisi%C3%B3n%202026%20en%20el%20nuevo%20Campus%20Err%C3%A1zuriz' aria-hidden='false' data-av_icon='\ue8f3' data-av_iconfont='entypo-fontello' title='' data-avia-related-tooltip='Compartir en Facebook' rel=\"noopener\"><span class='avia_hidden_link_text'>Compartir en Facebook<\/span><\/a><\/li><li class='av-share-link av-social-link-twitter' ><a target=\"_blank\" aria-label=\"Compartir en Twitter\" href='https:\/\/twitter.com\/share?text=UAys%C3%A9n%20realizar%C3%A1%20Semana%20de%20la%20Postulaci%C3%B3n%20Admisi%C3%B3n%202026%20en%20el%20nuevo%20Campus%20Err%C3%A1zuriz&#038;url=https:\/\/radiorevelacionfm.cl\/?p=62781' aria-hidden='false' data-av_icon='\ue8f1' data-av_iconfont='entypo-fontello' title='' data-avia-related-tooltip='Compartir en Twitter' rel=\"noopener\"><span class='avia_hidden_link_text'>Compartir en Twitter<\/span><\/a><\/li><li class='av-share-link av-social-link-whatsapp' ><a target=\"_blank\" aria-label=\"Compartir en Whatsapp\" href='https:\/\/api.whatsapp.com\/send?text=https:\/\/radiorevelacionfm.cl\/?p=62781' aria-hidden='false' data-av_icon='\uf232' data-av_iconfont='entypo-fontello' title='' data-avia-related-tooltip='Compartir en Whatsapp' rel=\"noopener\"><span class='avia_hidden_link_text'>Compartir en Whatsapp<\/span><\/a><\/li><li class='av-share-link av-social-link-linkedin' ><a target=\"_blank\" aria-label=\"Compartir en LinkedIn\" href='https:\/\/linkedin.com\/shareArticle?mini=true&#038;title=UAys%C3%A9n%20realizar%C3%A1%20Semana%20de%20la%20Postulaci%C3%B3n%20Admisi%C3%B3n%202026%20en%20el%20nuevo%20Campus%20Err%C3%A1zuriz&#038;url=https:\/\/radiorevelacionfm.cl\/?p=62781' aria-hidden='false' data-av_icon='\ue8fc' data-av_iconfont='entypo-fontello' title='' data-avia-related-tooltip='Compartir en LinkedIn' rel=\"noopener\"><span class='avia_hidden_link_text'>Compartir en LinkedIn<\/span><\/a><\/li><li class='av-share-link av-social-link-mail' ><a  aria-label=\"Compartir por correo\" href='mailto:?subject=UAys%C3%A9n%20realizar%C3%A1%20Semana%20de%20la%20Postulaci%C3%B3n%20Admisi%C3%B3n%202026%20en%20el%20nuevo%20Campus%20Err%C3%A1zuriz&#038;body=https:\/\/radiorevelacionfm.cl\/?p=62781' aria-hidden='false' data-av_icon='\ue805' data-av_iconfont='entypo-fontello' title='' data-avia-related-tooltip='Compartir por correo'><span class='avia_hidden_link_text'>Compartir por correo<\/span><\/a><\/li><\/ul><\/div><\/div>\n<div  style='height:50px' class='hr hr-invisible   avia-builder-el-8  el_after_av_social_share  el_before_av_comments_list '><span class='hr-inner ' ><span class='hr-inner-style'><\/span><\/span><\/div>\n<div  class='av-buildercomment  av-blog-meta-html-info-disabled av-blog-meta-tag-disabled  '><\/div>\n","protected":false},"excerpt":{"rendered":"","protected":false},"author":1,"featured_media":62782,"comment_status":"closed","ping_status":"closed","sticky":false,"template":"","format":"standard","meta":{"footnotes":""},"categories":[49],"tags":[],"class_list":["post-62781","post","type-post","status-publish","format-standard","has-post-thumbnail","hentry","category-educacion"],"jetpack_featured_media_url":"https:\/\/radiorevelacionfm.cl\/wp-content\/uploads\/2025\/12\/Sin-titulo-5.jpg","_links":{"self":[{"href":"https:\/\/radiorevelacionfm.cl\/index.php?rest_route=\/wp\/v2\/posts\/62781","targetHints":{"allow":["GET"]}}],"collection":[{"href":"https:\/\/radiorevelacionfm.cl\/index.php?rest_route=\/wp\/v2\/posts"}],"about":[{"href":"https:\/\/radiorevelacionfm.cl\/index.php?rest_route=\/wp\/v2\/types\/post"}],"author":[{"embeddable":true,"href":"https:\/\/radiorevelacionfm.cl\/index.php?rest_route=\/wp\/v2\/users\/1"}],"replies":[{"embeddable":true,"href":"https:\/\/radiorevelacionfm.cl\/index.php?rest_route=%2Fwp%2Fv2%2Fcomments&post=62781"}],"version-history":[{"count":2,"href":"https:\/\/radiorevelacionfm.cl\/index.php?rest_route=\/wp\/v2\/posts\/62781\/revisions"}],"predecessor-version":[{"id":62797,"href":"https:\/\/radiorevelacionfm.cl\/index.php?rest_route=\/wp\/v2\/posts\/62781\/revisions\/62797"}],"wp:featuredmedia":[{"embeddable":true,"href":"https:\/\/radiorevelacionfm.cl\/index.php?rest_route=\/wp\/v2\/media\/62782"}],"wp:attachment":[{"href":"https:\/\/radiorevelacionfm.cl\/index.php?rest_route=%2Fwp%2Fv2%2Fmedia&parent=62781"}],"wp:term":[{"taxonomy":"category","embeddable":true,"href":"https:\/\/radiorevelacionfm.cl\/index.php?rest_route=%2Fwp%2Fv2%2Fcategories&post=62781"},{"taxonomy":"post_tag","embeddable":true,"href":"https:\/\/radiorevelacionfm.cl\/index.php?rest_route=%2Fwp%2Fv2%2Ftags&post=62781"}],"curies":[{"name":"wp","href":"https:\/\/api.w.org\/{rel}","templated":true}]}}