{"id":62777,"date":"2025-12-23T18:53:24","date_gmt":"2025-12-23T21:53:24","guid":{"rendered":"https:\/\/radiorevelacionfm.cl\/?p=62777"},"modified":"2025-12-23T19:00:41","modified_gmt":"2025-12-23T22:00:41","slug":"gobierno-inicia-plan-de-ordenacion-en-predio-fiscal-donde-se-detecto-tala-ilegal-de-bosque-nativo","status":"publish","type":"post","link":"https:\/\/radiorevelacionfm.cl\/?p=62777","title":{"rendered":"Inician Plan de Ordenaci\u00f3n en predio fiscal donde se detect\u00f3 tala ilegal de bosque nativo"},"content":{"rendered":"<div class=\"flex_column av_one_full  flex_column_div av-zero-column-padding first  avia-builder-el-0  el_before_av_one_full  avia-builder-el-first  \" style='border-radius:0px; '><div  class='avia-image-container  av-styling-    avia-builder-el-1  avia-builder-el-no-sibling  avia-align-center '  itemprop=\"image\" itemscope=\"itemscope\" itemtype=\"https:\/\/schema.org\/ImageObject\"  ><div class='avia-image-container-inner'><div class='avia-image-overlay-wrap'><img decoding=\"async\" class='wp-image-56187 avia-img-lazy-loading-not-56187 avia_image' src=\"https:\/\/radiorevelacionfm.cl\/wp-content\/uploads\/2025\/07\/foto-detencion-2-1_optimized-1.jpeg\" alt='' title='foto-detenci\u00f3n-2-(1)_optimized (1)' height=\"600\" width=\"800\"  itemprop=\"thumbnailUrl\" srcset=\"https:\/\/radiorevelacionfm.cl\/wp-content\/uploads\/2025\/07\/foto-detencion-2-1_optimized-1.jpeg 800w, https:\/\/radiorevelacionfm.cl\/wp-content\/uploads\/2025\/07\/foto-detencion-2-1_optimized-1-300x225.jpeg 300w, https:\/\/radiorevelacionfm.cl\/wp-content\/uploads\/2025\/07\/foto-detencion-2-1_optimized-1-768x576.jpeg 768w, https:\/\/radiorevelacionfm.cl\/wp-content\/uploads\/2025\/07\/foto-detencion-2-1_optimized-1-705x529.jpeg 705w, https:\/\/radiorevelacionfm.cl\/wp-content\/uploads\/2025\/07\/foto-detencion-2-1_optimized-1-450x338.jpeg 450w, https:\/\/radiorevelacionfm.cl\/wp-content\/uploads\/2025\/07\/foto-detencion-2-1_optimized-1-600x450.jpeg 600w\" sizes=\"(max-width: 800px) 100vw, 800px\" \/><\/div><\/div><\/div><\/div>\n<div class=\"flex_column av_one_full  flex_column_div av-zero-column-padding first  avia-builder-el-2  el_after_av_one_full  el_before_av_one_full  column-top-margin\" style='border-radius:0px; '><section class=\"av_textblock_section \"  itemscope=\"itemscope\" itemtype=\"https:\/\/schema.org\/BlogPosting\" itemprop=\"blogPost\" ><div class='avia_textblock  '   itemprop=\"text\" ><p style=\"text-align: center;\"><strong><span style=\"font-size: 18pt;\">Inician Plan de Ordenaci\u00f3n en predio fiscal donde se detect\u00f3 tala ilegal de bosque nativo<\/span><\/strong><\/p>\n<div id=\"gtx-trans\" style=\"position: absolute; left: -50px; top: 4.31534px;\">\n<div class=\"gtx-trans-icon\"><\/div>\n<\/div>\n<\/div><\/section><\/div><div class=\"flex_column av_one_full  flex_column_div av-zero-column-padding first  avia-builder-el-4  el_after_av_one_full  el_before_av_hr  column-top-margin\" style='border-radius:0px; '><section class=\"av_textblock_section \"  itemscope=\"itemscope\" itemtype=\"https:\/\/schema.org\/BlogPosting\" itemprop=\"blogPost\" ><div class='avia_textblock  '   itemprop=\"text\" ><p style=\"text-align: justify;\"><em>Autoridades de Bienes Nacionales, Agricultura y CONAF presentaron medidas de recuperaci\u00f3n y ordenamiento en un predio ubicado en Lago Fr\u00edo, donde se intervinieron sin autorizaci\u00f3n m\u00e1s de 30 hect\u00e1reas de lenga.<\/em><\/p>\n<p style=\"text-align: justify;\">En el predio fiscal Lago Fr\u00edo, comuna de Coyhaique, bajo la administraci\u00f3n del Ministerio de Bienes Nacionales, autoridades regionales presentaron un Plan de Ordenaci\u00f3n y restauraci\u00f3n del bosque nativo degradado por cortes ilegales, ocurridos durante los \u00faltimos a\u00f1os. La iniciativa, financiada con recursos fiscales, incluye el cierre perimetral del terreno, con 2500 metros de cerco nuevo, 250 de cerco reparado y 5 hect\u00e1reas de escarificado del programa Siembra por Chile, adem\u00e1s de un protocolo de manejo sostenible para asegurar la protecci\u00f3n futura del patrimonio forestal p\u00fablico, que significa una inversi\u00f3n cercana a los $50 millones de pesos.<\/p>\n<p style=\"text-align: justify;\">Seg\u00fan explic\u00f3 el jefe provincial de CONAF en Coyhaique, Jos\u00e9 Luis P\u00e9rez, desde noviembre cuentan con un permiso temporal para administrar el predio, lo que ha permitido ejecutar acciones inmediatas como el cierre perimetral con cercos para impedir nuevos ingresos ilegales. \u201cEstamos haciendo una planificaci\u00f3n a largo plazo para recuperar el bosque nativo y tener un manejo sostenible\u201d, afirm\u00f3.<\/p>\n<p style=\"text-align: justify;\">El Plan de Ordenaci\u00f3n que se ejecuta en el predio fiscal de Lago Fr\u00edo, se concreta como un piloto de alianza colaborativa entre las instituciones, lo que permitir\u00e1 que Bienes Nacionales cuente con informaci\u00f3n clave del potencial productivo del terreno, el que tendr\u00e1 un ordenamiento por rodales, y precisi\u00f3n de unidades que pueden ser extra\u00eddas, adem\u00e1s de conocer cu\u00e1nto volumen en metros c\u00fabicos puede brindar el bosque bajo un manejo sustentable, para la futura disposici\u00f3n de su administraci\u00f3n v\u00eda arriendo o concesiones.<\/p>\n<p style=\"text-align: justify;\">En esa l\u00ednea, Irina Morend Valdebenito, Seremi de Bienes Nacionales de Ays\u00e9n, destac\u00f3 que la regi\u00f3n concentra el mayor porcentaje de bosque nativo del pa\u00eds y subray\u00f3 la importancia de manejar los predios fiscales con criterios de perpetuidad. \u201cSi se corta ilegalmente, se reduce la capacidad renovable del bosque. Un manejo ordenado permite conservar recursos h\u00eddricos, fauna y producci\u00f3n maderera sustentable\u201d, explic\u00f3.<\/p>\n<p style=\"text-align: justify;\">Mientras que el Seremi de Agricultura, Eugenio Ruiz Espinoza, recalc\u00f3 el valor ecosist\u00e9mico de la lenga, especie nativa del sector, y enfatiz\u00f3 que el ordenamiento territorial impulsado por CONAF y Bienes Nacionales buscar\u00e1 que estos bosques sean \u201cm\u00e1s sustentables en el tiempo y dotar\u00e1 de herramientas a futuros concesionarios para un manejo responsable.\u201d<\/p>\n<p style=\"text-align: justify;\">Para Fernando Bascu\u00f1\u00e1n Pino, jefe del Departamento de Bosque y Cambio Clim\u00e1tico de CONAF en Ays\u00e9n, se\u00f1al\u00f3 que el programa Siembra por Chile ha permitido financiar la restauraci\u00f3n a gran escala. \u201cLa idea es proyectar un protocolo que nos permita trabajar en bosques fiscales con una concepci\u00f3n de ordenamiento forestal\u201d, indic\u00f3, adelantando que se espera profundizar la coordinaci\u00f3n con Bienes Nacionales dada la extensi\u00f3n de bosques p\u00fablicos en la regi\u00f3n.<\/p>\n<p style=\"text-align: justify;\">Cabe recordar que las intervenciones ilegales en Lago Fr\u00edo fueron detectadas en julio pasado en un operativo conjunto donde seis personas fueron sorprendidas extrayendo le\u00f1a sin autorizaci\u00f3n. En la formalizaci\u00f3n de los imputados fue el fiscal Mat\u00edas Manzano quien record\u00f3 que los involucrados se enfrentan a penas de m\u00e1s de tres a\u00f1os y multas superiores a 75 UTM, bajo la Ley 21.488 que sanciona la sustracci\u00f3n de madera.<\/p>\n<p style=\"text-align: justify;\">As\u00ed, el plan de ordenaci\u00f3n del predio fiscal ya est\u00e1 en marcha e incluye, adem\u00e1s del cerco perimetral de cerca de 2500 metros, la elaboraci\u00f3n de un plan de manejo forestal que deber\u00e1 ser aprobado por CONAF para cualquier actividad futura, asegurando la protecci\u00f3n legal y ecol\u00f3gica del bosque nativo fiscal.<\/p>\n<\/div><\/section><\/div><\/p>\n<div  style='height:50px' class='hr hr-invisible   avia-builder-el-6  el_after_av_one_full  el_before_av_social_share '><span class='hr-inner ' ><span class='hr-inner-style'><\/span><\/span><\/div>\n<div  class='av-social-sharing-box  avia-builder-el-7  el_after_av_hr  el_before_av_hr  '><div class='av-share-box'><h5 class='av-share-link-description av-no-toc '>Compartir esta noticia<\/h5><ul class='av-share-box-list noLightbox'><li class='av-share-link av-social-link-facebook' ><a target=\"_blank\" aria-label=\"Compartir en Facebook\" href='https:\/\/www.facebook.com\/sharer.php?u=https:\/\/radiorevelacionfm.cl\/?p=62777&#038;t=Inician%20Plan%20de%20Ordenaci%C3%B3n%20en%20predio%20fiscal%20donde%20se%20detect%C3%B3%20tala%20ilegal%20de%20bosque%20nativo' aria-hidden='false' data-av_icon='\ue8f3' data-av_iconfont='entypo-fontello' title='' data-avia-related-tooltip='Compartir en Facebook' rel=\"noopener\"><span class='avia_hidden_link_text'>Compartir en Facebook<\/span><\/a><\/li><li class='av-share-link av-social-link-twitter' ><a target=\"_blank\" aria-label=\"Compartir en Twitter\" href='https:\/\/twitter.com\/share?text=Inician%20Plan%20de%20Ordenaci%C3%B3n%20en%20predio%20fiscal%20donde%20se%20detect%C3%B3%20tala%20ilegal%20de%20bosque%20nativo&#038;url=https:\/\/radiorevelacionfm.cl\/?p=62777' aria-hidden='false' data-av_icon='\ue8f1' data-av_iconfont='entypo-fontello' title='' data-avia-related-tooltip='Compartir en Twitter' rel=\"noopener\"><span class='avia_hidden_link_text'>Compartir en Twitter<\/span><\/a><\/li><li class='av-share-link av-social-link-whatsapp' ><a target=\"_blank\" aria-label=\"Compartir en Whatsapp\" href='https:\/\/api.whatsapp.com\/send?text=https:\/\/radiorevelacionfm.cl\/?p=62777' aria-hidden='false' data-av_icon='\uf232' data-av_iconfont='entypo-fontello' title='' data-avia-related-tooltip='Compartir en Whatsapp' rel=\"noopener\"><span class='avia_hidden_link_text'>Compartir en Whatsapp<\/span><\/a><\/li><li class='av-share-link av-social-link-linkedin' ><a target=\"_blank\" aria-label=\"Compartir en LinkedIn\" href='https:\/\/linkedin.com\/shareArticle?mini=true&#038;title=Inician%20Plan%20de%20Ordenaci%C3%B3n%20en%20predio%20fiscal%20donde%20se%20detect%C3%B3%20tala%20ilegal%20de%20bosque%20nativo&#038;url=https:\/\/radiorevelacionfm.cl\/?p=62777' aria-hidden='false' data-av_icon='\ue8fc' data-av_iconfont='entypo-fontello' title='' data-avia-related-tooltip='Compartir en LinkedIn' rel=\"noopener\"><span class='avia_hidden_link_text'>Compartir en LinkedIn<\/span><\/a><\/li><li class='av-share-link av-social-link-mail' ><a  aria-label=\"Compartir por correo\" href='mailto:?subject=Inician%20Plan%20de%20Ordenaci%C3%B3n%20en%20predio%20fiscal%20donde%20se%20detect%C3%B3%20tala%20ilegal%20de%20bosque%20nativo&#038;body=https:\/\/radiorevelacionfm.cl\/?p=62777' aria-hidden='false' data-av_icon='\ue805' data-av_iconfont='entypo-fontello' title='' data-avia-related-tooltip='Compartir por correo'><span class='avia_hidden_link_text'>Compartir por correo<\/span><\/a><\/li><\/ul><\/div><\/div>\n<div  style='height:50px' class='hr hr-invisible   avia-builder-el-8  el_after_av_social_share  el_before_av_comments_list '><span class='hr-inner ' ><span class='hr-inner-style'><\/span><\/span><\/div>\n<div  class='av-buildercomment  av-blog-meta-html-info-disabled av-blog-meta-tag-disabled  '><\/div>\n","protected":false},"excerpt":{"rendered":"","protected":false},"author":1,"featured_media":56187,"comment_status":"closed","ping_status":"closed","sticky":false,"template":"","format":"standard","meta":{"footnotes":""},"categories":[38],"tags":[],"class_list":["post-62777","post","type-post","status-publish","format-standard","has-post-thumbnail","hentry","category-regional"],"jetpack_featured_media_url":"https:\/\/radiorevelacionfm.cl\/wp-content\/uploads\/2025\/07\/foto-detencion-2-1_optimized-1.jpeg","_links":{"self":[{"href":"https:\/\/radiorevelacionfm.cl\/index.php?rest_route=\/wp\/v2\/posts\/62777","targetHints":{"allow":["GET"]}}],"collection":[{"href":"https:\/\/radiorevelacionfm.cl\/index.php?rest_route=\/wp\/v2\/posts"}],"about":[{"href":"https:\/\/radiorevelacionfm.cl\/index.php?rest_route=\/wp\/v2\/types\/post"}],"author":[{"embeddable":true,"href":"https:\/\/radiorevelacionfm.cl\/index.php?rest_route=\/wp\/v2\/users\/1"}],"replies":[{"embeddable":true,"href":"https:\/\/radiorevelacionfm.cl\/index.php?rest_route=%2Fwp%2Fv2%2Fcomments&post=62777"}],"version-history":[{"count":3,"href":"https:\/\/radiorevelacionfm.cl\/index.php?rest_route=\/wp\/v2\/posts\/62777\/revisions"}],"predecessor-version":[{"id":62779,"href":"https:\/\/radiorevelacionfm.cl\/index.php?rest_route=\/wp\/v2\/posts\/62777\/revisions\/62779"}],"wp:featuredmedia":[{"embeddable":true,"href":"https:\/\/radiorevelacionfm.cl\/index.php?rest_route=\/wp\/v2\/media\/56187"}],"wp:attachment":[{"href":"https:\/\/radiorevelacionfm.cl\/index.php?rest_route=%2Fwp%2Fv2%2Fmedia&parent=62777"}],"wp:term":[{"taxonomy":"category","embeddable":true,"href":"https:\/\/radiorevelacionfm.cl\/index.php?rest_route=%2Fwp%2Fv2%2Fcategories&post=62777"},{"taxonomy":"post_tag","embeddable":true,"href":"https:\/\/radiorevelacionfm.cl\/index.php?rest_route=%2Fwp%2Fv2%2Ftags&post=62777"}],"curies":[{"name":"wp","href":"https:\/\/api.w.org\/{rel}","templated":true}]}}