{"id":62774,"date":"2025-12-23T21:27:48","date_gmt":"2025-12-24T00:27:48","guid":{"rendered":"https:\/\/radiorevelacionfm.cl\/?p=62774"},"modified":"2025-12-23T21:27:48","modified_gmt":"2025-12-24T00:27:48","slug":"fundacion-integra-recuerda-a-las-familias-consultar-los-resultados-de-postulacion-a-salas-cuna-y-jardines-infantiles","status":"publish","type":"post","link":"https:\/\/radiorevelacionfm.cl\/?p=62774","title":{"rendered":"Fundaci\u00f3n Integra recuerda a las familias consultar los resultados de postulaci\u00f3n a salas cuna y jardines infantiles"},"content":{"rendered":"<div class=\"flex_column av_one_full  flex_column_div av-zero-column-padding first  avia-builder-el-0  el_before_av_one_full  avia-builder-el-first  \" style='border-radius:0px; '><div  class='avia-image-container  av-styling-    avia-builder-el-1  avia-builder-el-no-sibling  avia-align-center '  itemprop=\"image\" itemscope=\"itemscope\" itemtype=\"https:\/\/schema.org\/ImageObject\"  ><div class='avia-image-container-inner'><div class='avia-image-overlay-wrap'><img decoding=\"async\" class='wp-image-62775 avia-img-lazy-loading-not-62775 avia_image' src=\"https:\/\/radiorevelacionfm.cl\/wp-content\/uploads\/2025\/12\/MG_8891-min-1-1.jpg\" alt='' title='_MG_8891-min (1) (1)' height=\"600\" width=\"900\"  itemprop=\"thumbnailUrl\" srcset=\"https:\/\/radiorevelacionfm.cl\/wp-content\/uploads\/2025\/12\/MG_8891-min-1-1.jpg 900w, https:\/\/radiorevelacionfm.cl\/wp-content\/uploads\/2025\/12\/MG_8891-min-1-1-300x200.jpg 300w, https:\/\/radiorevelacionfm.cl\/wp-content\/uploads\/2025\/12\/MG_8891-min-1-1-768x512.jpg 768w, https:\/\/radiorevelacionfm.cl\/wp-content\/uploads\/2025\/12\/MG_8891-min-1-1-705x470.jpg 705w, https:\/\/radiorevelacionfm.cl\/wp-content\/uploads\/2025\/12\/MG_8891-min-1-1-450x300.jpg 450w, https:\/\/radiorevelacionfm.cl\/wp-content\/uploads\/2025\/12\/MG_8891-min-1-1-600x400.jpg 600w\" sizes=\"(max-width: 900px) 100vw, 900px\" \/><\/div><\/div><\/div><\/div><div class=\"flex_column av_one_full  flex_column_div av-zero-column-padding first  avia-builder-el-2  el_after_av_one_full  el_before_av_one_full  column-top-margin\" style='border-radius:0px; '><section class=\"av_textblock_section \"  itemscope=\"itemscope\" itemtype=\"https:\/\/schema.org\/BlogPosting\" itemprop=\"blogPost\" ><div class='avia_textblock  '   itemprop=\"text\" ><p style=\"text-align: center;\"><strong><span style=\"font-size: 18pt;\">Fundaci\u00f3n Integra recuerda a las familias consultar los resultados de postulaci\u00f3n a salas cuna y jardines infantiles<\/span><\/strong><\/p>\n<div id=\"gtx-trans\" style=\"position: absolute; left: -50px; top: 4.31534px;\">\n<div class=\"gtx-trans-icon\"><\/div>\n<\/div>\n<\/div><\/section><\/div><div class=\"flex_column av_one_full  flex_column_div av-zero-column-padding first  avia-builder-el-4  el_after_av_one_full  el_before_av_hr  column-top-margin\" style='border-radius:0px; '><section class=\"av_textblock_section \"  itemscope=\"itemscope\" itemtype=\"https:\/\/schema.org\/BlogPosting\" itemprop=\"blogPost\" ><div class='avia_textblock  '   itemprop=\"text\" ><p style=\"font-weight: 400; text-align: justify;\"><em>Para revisar, las familias que realizaron su postulaci\u00f3n online deben ingresar a\u00a0<a href=\"http:\/\/www.integra.cl\/\" data-saferedirecturl=\"https:\/\/www.google.com\/url?q=http:\/\/www.integra.cl&amp;source=gmail&amp;ust=1766606365666000&amp;usg=AOvVaw0P_3v69ARA3qH4TG6QhnBz\">www.integra.cl<\/a><\/em><em>.<\/em><\/p>\n<p style=\"font-weight: 400; text-align: justify;\">Fundaci\u00f3n Integra refuerza a las familias que, a partir de las 11:00 horas de este viernes 19 de diciembre, ya est\u00e1n disponibles los resultados del proceso de postulaci\u00f3n a las salas cuna y jardines infantiles para el A\u00f1o Parvulario 2026.<\/p>\n<p style=\"font-weight: 400; text-align: justify;\">Para revisar esta informaci\u00f3n, las y los interesados deben ingresar a\u00a0<a href=\"http:\/\/www.integra.cl\/\" data-saferedirecturl=\"https:\/\/www.google.com\/url?q=http:\/\/www.integra.cl&amp;source=gmail&amp;ust=1766606365666000&amp;usg=AOvVaw0P_3v69ARA3qH4TG6QhnBz\">www.integra.cl<\/a>\u00a0desde cualquier tel\u00e9fono celular, Tablet o computador y seleccionar la opci\u00f3n \u201cRevisa los resultados\u201d. Ac\u00e1, deben iniciar sesi\u00f3n con los datos usados durante el proceso de postulaci\u00f3n, despleg\u00e1ndose la informaci\u00f3n respectiva.<\/p>\n<p style=\"font-weight: 400; text-align: justify;\">La directora regional de Fundaci\u00f3n Integra, Leticia Araya Norambuena record\u00f3 que \u201cla asistencia permanente de ni\u00f1as y ni\u00f1os al jard\u00edn infantil es clave. En estos espacios educativos amorosos, seguros y de bienestar, ellas y ellos pueden vivenciar a trav\u00e9s del juego un desarrollo hol\u00edstico, siendo protagonistas de sus aprendizajes gracias al amor y compromiso de m\u00e1s de 27 mil trabajadoras y trabajadores, en su rol de garantes de derechos de la ni\u00f1ez y agentes de cambio social\u201d.<\/p>\n<p style=\"font-weight: 400; text-align: justify;\">Desde la instituci\u00f3n destacan la importancia de la educaci\u00f3n inicial y del rol que cumplen los jardines infantiles en el desarrollo integral de ni\u00f1as y ni\u00f1os, especialmente en una regi\u00f3n con las caracter\u00edsticas territoriales de Ays\u00e9n, donde estos espacios cumplen un rol clave de cuidado, protecci\u00f3n y aprendizaje.<\/p>\n<p style=\"font-weight: 400; text-align: justify;\">Las familias que, tras el proceso de postulaci\u00f3n, tienen un cupo asignado para el A\u00f1o Parvulario 2026, ser\u00e1n contactadas a partir del lunes 22 de diciembre por el equipo educativo del respectivo establecimiento, para coordinar el d\u00eda y hora en que se realizar\u00e1 la matr\u00edcula, ya que este proceso es presencial. Ante esto, es importante que los datos de contacto utilizados durante la postulaci\u00f3n est\u00e9n actualizados.<\/p>\n<p style=\"font-weight: 400; text-align: justify;\">En el caso de las ni\u00f1as y ni\u00f1os que est\u00e1n en lista de espera, la madre, padre o tutor\/a responsable de su cuidado ser\u00e1n contactados en caso de liberarse cupos en la sala cuna y\/o jard\u00edn infantil al que fueron postuladas o postulados.<\/p>\n<p style=\"font-weight: 400; text-align: justify;\">A QU\u00c9 NIVEL DEBE ASISTIR MI HIJA O HIJO SEG\u00daN SU EDAD<\/p>\n<ul style=\"text-align: justify;\">\n<li style=\"font-weight: 400;\">Sala Cuna Menor: 0 a 1 a\u00f1o.<\/li>\n<li style=\"font-weight: 400;\">Sala Cuna Mayor: 1 a 2 a\u00f1os (edad cumplida a marzo 2025, 1 a\u00f1o).<\/li>\n<li style=\"font-weight: 400;\">Nivel Medio Menor: 2 a 3 a\u00f1os (edad cumplida a marzo 2025, 2 a\u00f1os).<\/li>\n<li style=\"font-weight: 400;\">Nivel Medio Mayor: 3 a 4 a\u00f1os (edad cumplida a marzo 2025, 3 a\u00f1os).<\/li>\n<\/ul>\n<p style=\"font-weight: 400; text-align: justify;\">Quienes requieran mayor informaci\u00f3n sobre el proceso de postulaci\u00f3n, pueden consultar en el sitio web\u00a0<a href=\"http:\/\/www.integra.cl\/\" data-saferedirecturl=\"https:\/\/www.google.com\/url?q=http:\/\/www.integra.cl&amp;source=gmail&amp;ust=1766606365666000&amp;usg=AOvVaw0P_3v69ARA3qH4TG6QhnBz\">www.integra.cl<\/a>, el tel\u00e9fono gratuito 800 540 011 \u2013opci\u00f3n 1\u2013 o en las redes sociales oficiales de Fundaci\u00f3n Integra.<\/p>\n<p style=\"font-weight: 400; text-align: justify;\">Por \u00faltimo, si alguna familia decide no utilizar el cupo asignado para el A\u00f1o Parvulario 2026, es clave que lo informen al equipo educativo de la sala cuna o jard\u00edn infantil. Esto permitir\u00e1 a las ni\u00f1as y ni\u00f1os que est\u00e1n en lista de espera utilizar dicha vacante, accediendo as\u00ed a una educaci\u00f3n parvularia p\u00fablica, gratuita y de calidad.<\/p>\n<\/div><\/section><\/div><div  style='height:50px' class='hr hr-invisible   avia-builder-el-6  el_after_av_one_full  el_before_av_social_share '><span class='hr-inner ' ><span class='hr-inner-style'><\/span><\/span><\/div><\/p>\n<div  class='av-social-sharing-box  avia-builder-el-7  el_after_av_hr  el_before_av_hr  '><div class='av-share-box'><h5 class='av-share-link-description av-no-toc '>Compartir esta noticia<\/h5><ul class='av-share-box-list noLightbox'><li class='av-share-link av-social-link-facebook' ><a target=\"_blank\" aria-label=\"Compartir en Facebook\" href='https:\/\/www.facebook.com\/sharer.php?u=https:\/\/radiorevelacionfm.cl\/?p=62774&#038;t=Fundaci%C3%B3n%20Integra%20recuerda%20a%20las%20familias%20consultar%20los%20resultados%20de%20postulaci%C3%B3n%20a%20salas%20cuna%20y%20jardines%20infantiles' aria-hidden='false' data-av_icon='\ue8f3' data-av_iconfont='entypo-fontello' title='' data-avia-related-tooltip='Compartir en Facebook' rel=\"noopener\"><span class='avia_hidden_link_text'>Compartir en Facebook<\/span><\/a><\/li><li class='av-share-link av-social-link-twitter' ><a target=\"_blank\" aria-label=\"Compartir en Twitter\" href='https:\/\/twitter.com\/share?text=Fundaci%C3%B3n%20Integra%20recuerda%20a%20las%20familias%20consultar%20los%20resultados%20de%20postulaci%C3%B3n%20a%20salas%20cuna%20y%20jardines%20infantiles&#038;url=https:\/\/radiorevelacionfm.cl\/?p=62774' aria-hidden='false' data-av_icon='\ue8f1' data-av_iconfont='entypo-fontello' title='' data-avia-related-tooltip='Compartir en Twitter' rel=\"noopener\"><span class='avia_hidden_link_text'>Compartir en Twitter<\/span><\/a><\/li><li class='av-share-link av-social-link-whatsapp' ><a target=\"_blank\" aria-label=\"Compartir en Whatsapp\" href='https:\/\/api.whatsapp.com\/send?text=https:\/\/radiorevelacionfm.cl\/?p=62774' aria-hidden='false' data-av_icon='\uf232' data-av_iconfont='entypo-fontello' title='' data-avia-related-tooltip='Compartir en Whatsapp' rel=\"noopener\"><span class='avia_hidden_link_text'>Compartir en Whatsapp<\/span><\/a><\/li><li class='av-share-link av-social-link-linkedin' ><a target=\"_blank\" aria-label=\"Compartir en LinkedIn\" href='https:\/\/linkedin.com\/shareArticle?mini=true&#038;title=Fundaci%C3%B3n%20Integra%20recuerda%20a%20las%20familias%20consultar%20los%20resultados%20de%20postulaci%C3%B3n%20a%20salas%20cuna%20y%20jardines%20infantiles&#038;url=https:\/\/radiorevelacionfm.cl\/?p=62774' aria-hidden='false' data-av_icon='\ue8fc' data-av_iconfont='entypo-fontello' title='' data-avia-related-tooltip='Compartir en LinkedIn' rel=\"noopener\"><span class='avia_hidden_link_text'>Compartir en LinkedIn<\/span><\/a><\/li><li class='av-share-link av-social-link-mail' ><a  aria-label=\"Compartir por correo\" href='mailto:?subject=Fundaci%C3%B3n%20Integra%20recuerda%20a%20las%20familias%20consultar%20los%20resultados%20de%20postulaci%C3%B3n%20a%20salas%20cuna%20y%20jardines%20infantiles&#038;body=https:\/\/radiorevelacionfm.cl\/?p=62774' aria-hidden='false' data-av_icon='\ue805' data-av_iconfont='entypo-fontello' title='' data-avia-related-tooltip='Compartir por correo'><span class='avia_hidden_link_text'>Compartir por correo<\/span><\/a><\/li><\/ul><\/div><\/div>\n<div  style='height:50px' class='hr hr-invisible   avia-builder-el-8  el_after_av_social_share  el_before_av_comments_list '><span class='hr-inner ' ><span class='hr-inner-style'><\/span><\/span><\/div>\n<div  class='av-buildercomment  av-blog-meta-html-info-disabled av-blog-meta-tag-disabled  '><\/div>\n","protected":false},"excerpt":{"rendered":"","protected":false},"author":1,"featured_media":62775,"comment_status":"closed","ping_status":"closed","sticky":false,"template":"","format":"standard","meta":{"footnotes":""},"categories":[49],"tags":[],"class_list":["post-62774","post","type-post","status-publish","format-standard","has-post-thumbnail","hentry","category-educacion"],"jetpack_featured_media_url":"https:\/\/radiorevelacionfm.cl\/wp-content\/uploads\/2025\/12\/MG_8891-min-1-1.jpg","_links":{"self":[{"href":"https:\/\/radiorevelacionfm.cl\/index.php?rest_route=\/wp\/v2\/posts\/62774","targetHints":{"allow":["GET"]}}],"collection":[{"href":"https:\/\/radiorevelacionfm.cl\/index.php?rest_route=\/wp\/v2\/posts"}],"about":[{"href":"https:\/\/radiorevelacionfm.cl\/index.php?rest_route=\/wp\/v2\/types\/post"}],"author":[{"embeddable":true,"href":"https:\/\/radiorevelacionfm.cl\/index.php?rest_route=\/wp\/v2\/users\/1"}],"replies":[{"embeddable":true,"href":"https:\/\/radiorevelacionfm.cl\/index.php?rest_route=%2Fwp%2Fv2%2Fcomments&post=62774"}],"version-history":[{"count":2,"href":"https:\/\/radiorevelacionfm.cl\/index.php?rest_route=\/wp\/v2\/posts\/62774\/revisions"}],"predecessor-version":[{"id":62793,"href":"https:\/\/radiorevelacionfm.cl\/index.php?rest_route=\/wp\/v2\/posts\/62774\/revisions\/62793"}],"wp:featuredmedia":[{"embeddable":true,"href":"https:\/\/radiorevelacionfm.cl\/index.php?rest_route=\/wp\/v2\/media\/62775"}],"wp:attachment":[{"href":"https:\/\/radiorevelacionfm.cl\/index.php?rest_route=%2Fwp%2Fv2%2Fmedia&parent=62774"}],"wp:term":[{"taxonomy":"category","embeddable":true,"href":"https:\/\/radiorevelacionfm.cl\/index.php?rest_route=%2Fwp%2Fv2%2Fcategories&post=62774"},{"taxonomy":"post_tag","embeddable":true,"href":"https:\/\/radiorevelacionfm.cl\/index.php?rest_route=%2Fwp%2Fv2%2Ftags&post=62774"}],"curies":[{"name":"wp","href":"https:\/\/api.w.org\/{rel}","templated":true}]}}