{"id":62772,"date":"2025-12-23T21:01:37","date_gmt":"2025-12-24T00:01:37","guid":{"rendered":"https:\/\/radiorevelacionfm.cl\/?p=62772"},"modified":"2025-12-23T21:01:37","modified_gmt":"2025-12-24T00:01:37","slug":"recuerdan-que-25-de-diciembre-y-1-enero-son-feriados-irrenunciables-y-obligatorios-para-las-y-los-trabajadores-del-comercio","status":"publish","type":"post","link":"https:\/\/radiorevelacionfm.cl\/?p=62772","title":{"rendered":"Recuerdan que 25 de diciembre y 1 enero son feriados irrenunciables y obligatorios para las y los trabajadores del comercio"},"content":{"rendered":"<div class=\"flex_column av_one_full  flex_column_div av-zero-column-padding first  avia-builder-el-0  el_before_av_one_full  avia-builder-el-first  \" style='border-radius:0px; '><div  class='avia-image-container  av-styling-    avia-builder-el-1  avia-builder-el-no-sibling  avia-align-center '  itemprop=\"image\" itemscope=\"itemscope\" itemtype=\"https:\/\/schema.org\/ImageObject\"  ><div class='avia-image-container-inner'><div class='avia-image-overlay-wrap'><img decoding=\"async\" class='wp-image-61413 avia-img-lazy-loading-not-61413 avia_image' src=\"https:\/\/radiorevelacionfm.cl\/wp-content\/uploads\/2025\/11\/RecorridoComercio-9-1-1.jpeg\" alt='' title='RecorridoComercio (9) (1) (1)' height=\"600\" width=\"1070\"  itemprop=\"thumbnailUrl\" srcset=\"https:\/\/radiorevelacionfm.cl\/wp-content\/uploads\/2025\/11\/RecorridoComercio-9-1-1.jpeg 1070w, https:\/\/radiorevelacionfm.cl\/wp-content\/uploads\/2025\/11\/RecorridoComercio-9-1-1-300x168.jpeg 300w, https:\/\/radiorevelacionfm.cl\/wp-content\/uploads\/2025\/11\/RecorridoComercio-9-1-1-1030x578.jpeg 1030w, https:\/\/radiorevelacionfm.cl\/wp-content\/uploads\/2025\/11\/RecorridoComercio-9-1-1-768x431.jpeg 768w, https:\/\/radiorevelacionfm.cl\/wp-content\/uploads\/2025\/11\/RecorridoComercio-9-1-1-705x395.jpeg 705w, https:\/\/radiorevelacionfm.cl\/wp-content\/uploads\/2025\/11\/RecorridoComercio-9-1-1-450x252.jpeg 450w, https:\/\/radiorevelacionfm.cl\/wp-content\/uploads\/2025\/11\/RecorridoComercio-9-1-1-600x336.jpeg 600w\" sizes=\"(max-width: 1070px) 100vw, 1070px\" \/><\/div><\/div><\/div><\/div><div class=\"flex_column av_one_full  flex_column_div av-zero-column-padding first  avia-builder-el-2  el_after_av_one_full  el_before_av_one_full  column-top-margin\" style='border-radius:0px; '><section class=\"av_textblock_section \"  itemscope=\"itemscope\" itemtype=\"https:\/\/schema.org\/BlogPosting\" itemprop=\"blogPost\" ><div class='avia_textblock  '   itemprop=\"text\" ><p style=\"text-align: center;\"><span style=\"font-size: 18pt;\"><b>Recuerdan que 25 de diciembre y 1 enero son feriados irrenunciables y obligatorios para las y los trabajadores del comercio<\/b><\/span><\/p>\n<div id=\"gtx-trans\" style=\"position: absolute; left: -50px; top: 4.31534px;\">\n<div class=\"gtx-trans-icon\"><\/div>\n<\/div>\n<\/div><\/section><\/div><div class=\"flex_column av_one_full  flex_column_div av-zero-column-padding first  avia-builder-el-4  el_after_av_one_full  el_before_av_hr  column-top-margin\" style='border-radius:0px; '><section class=\"av_textblock_section \"  itemscope=\"itemscope\" itemtype=\"https:\/\/schema.org\/BlogPosting\" itemprop=\"blogPost\" ><div class='avia_textblock  '   itemprop=\"text\" ><p style=\"font-weight: 400; text-align: justify;\"><em>Autoridades laborales instan a empleadores a respetar feriados del comercio. Las multas en este \u00edtem pueden superar el mill\u00f3n de pesos y se aplican por cada trabajador o trabajadora afectada por la infracci\u00f3n.<\/em><\/p>\n<p style=\"font-weight: 400; text-align: justify;\">El Seremi(s) del Trabajo y Previsi\u00f3n Social, Rodrigo D\u00edaz Cordaro y el Director regional de la Direcci\u00f3n del Trabajo, Christian Aros Troncoso, realizaron un llamado a los empleadores del comercio a respetar plenamente los feriados obligatorios e irrenunciables del 25 de diciembre y de 1 de enero de 2025 que favorecen a las y los trabajadores del sector.<\/p>\n<p style=\"font-weight: 400; text-align: justify;\">En este sentido, el Seremi(s) Rodrigo D\u00edaz afirm\u00f3, \u201cAhora que estamos cerrando el a\u00f1o, nos encontramos ac\u00e1 con el Director del Trabajo, haciendo un llamado a los empleadores, especialmente para que este 25 de diciembre y 1 de enero, los trabajadores puedan tener este feriado como corresponde. Este es un feriado con \u201capellido\u201d, es un feriado irrenunciable para el comercio, as\u00ed que ah\u00ed el llamado a los empleadores para que nuevamente se programen y puedan cumplir con la ley y no nos veamos en la obligaci\u00f3n de multar si es que hay denuncias que as\u00ed lo estipulen\u201d.<\/p>\n<p style=\"font-weight: 400; text-align: justify;\">La Direcci\u00f3n del Trabajo record\u00f3 que en este tipo de feriados las multas son aplicadas por cada trabajador o trabajadora afectada por la infracci\u00f3n de su empleador. En las empresas de mayor tama\u00f1o las multas pueden llegar hasta las 20 UTM ($1.390.840) por trabajador.<\/p>\n<p style=\"font-weight: 400; text-align: justify;\">Su director regional, Christian Aros, se refiri\u00f3 a los horarios de atenci\u00f3n que deben tener los recintos comerciales en las jornadas previas y a los canales de informaci\u00f3n y denuncias, \u201cRecordarles que el d\u00eda 24 y el d\u00eda 31 de diciembre, las y los trabajadores deber\u00e1n ya estar fuera de los lugares de trabajo a m\u00e1s tardar a las 8 de la noche. A las 20:00 horas no tiene que haber ning\u00fan trabajador y el local tiene que estar cerrado. Por lo tanto, les pedimos a los empleadores que administren las medidas para que las y los trabajadores puedan ya estar fuera de los locales a las 8 de la noche. Nosotros como Direcci\u00f3n del Trabajo vamos a estar fiscalizando el d\u00eda 25 de diciembre y el 1 de enero este feriado irrenunciable con nuestros fiscalizadores, haciendo recorrido, pero tambi\u00e9n vamos a estar recibiendo denuncias en el tel\u00e9fono 600450 4000 y a trav\u00e9s de la p\u00e1gina\u00a0<a href=\"http:\/\/www.dt.gob.cl\/\" data-saferedirecturl=\"https:\/\/www.google.com\/url?q=http:\/\/www.dt.gob.cl&amp;source=gmail&amp;ust=1766605841594000&amp;usg=AOvVaw33L1D-3mp-WFe-n1XCoD_V\">www.dt.gob.cl<\/a>\u201d.<\/p>\n<p style=\"font-weight: 400; text-align: justify;\"><strong><u>Trabajadores del comercio exceptuados del descanso<\/u><\/strong><\/p>\n<p style=\"font-weight: 400; text-align: justify;\">Los trabajadores que se except\u00faan de los feriados obligatorios e irrenunciables del 25 de diciembre y 1 de enero son aquellos que se desempe\u00f1an en restaurantes; establecimientos de entretenimiento, tales como cines, espect\u00e1culos en vivo, discotecas, pub, cabaret, clubes; locales comerciales en los aer\u00f3dromos civiles p\u00fablicos y aeropuertos; casinos de juegos y otros lugares de juegos legalmente autorizados; expendio de combustibles, farmacias de urgencia y farmacias que deban cumplir turnos fijados por la autoridad sanitaria.<\/p>\n<p style=\"font-weight: 400; text-align: justify;\">El Seremi D\u00edaz Cordaro adem\u00e1s detall\u00f3 que el comercio como minimarket pueden bajo cierta condici\u00f3n, \u201crecordar tambi\u00e9n que los locales comerciales que s\u00ed pueden abrir son los locales que son atendidos por sus propios due\u00f1os\u201d. Sobre aquellos trabajadores del comercio que s\u00ed deben trabajar, la autoridad coment\u00f3, \u201cEn el caso, por ejemplo, de las bencineras, el trabajador que trabaj\u00f3 el a\u00f1o pasado no puede trabajar este a\u00f1o, as\u00ed que por eso el llamado es que est\u00e9n atentos, se programen, a\u00fan hay tiempo para que lo hagan bien y que finalmente se disfrute estas fiestas de fin de a\u00f1o\u201d, esto \u00faltimo mencionado por el seremi responde a una norma existentes desde el a\u00f1o 2026 que se\u00f1ala que los trabajadores que est\u00e9n exceptuados del feriado obligatorio e irrenunciable s\u00ed tendr\u00e1n derecho a tomar descanso a lo menos una vez cada dos a\u00f1os si contin\u00faan contratados por el mismo empleador. Por ejemplo, si un trabajador labor\u00f3 el 25 de diciembre del 2024 y\/o 1 de enero de 2025, y contin\u00faa trabajando para el mismo empleador, esta vez deber\u00e1 descansar.<\/p>\n<p style=\"font-weight: 400; text-align: justify;\">Tal como acot\u00f3 Aros Troncoso, de acuerdo con la Ley 19.973, los trabajadores del comercio tendr\u00e1n que estar fuera de su lugar de trabajo a las 20:00 horas de ma\u00f1ana 24 de diciembre y hasta las 06:00 horas del jueves 26 de diciembre, y a las 20:00 horas del martes 31 de diciembre y hasta las 06:00 horas del jueves 2 de enero de 2025.<\/p>\n<\/div><\/section><\/div><div  style='height:50px' class='hr hr-invisible   avia-builder-el-6  el_after_av_one_full  el_before_av_social_share '><span class='hr-inner ' ><span class='hr-inner-style'><\/span><\/span><\/div><\/p>\n<div  class='av-social-sharing-box  avia-builder-el-7  el_after_av_hr  el_before_av_hr  '><div class='av-share-box'><h5 class='av-share-link-description av-no-toc '>Compartir esta noticia<\/h5><ul class='av-share-box-list noLightbox'><li class='av-share-link av-social-link-facebook' ><a target=\"_blank\" aria-label=\"Compartir en Facebook\" href='https:\/\/www.facebook.com\/sharer.php?u=https:\/\/radiorevelacionfm.cl\/?p=62772&#038;t=Recuerdan%20que%2025%20de%20diciembre%20y%201%20enero%20son%20feriados%20irrenunciables%20y%20obligatorios%20para%20las%20y%20los%20trabajadores%20del%20comercio' aria-hidden='false' data-av_icon='\ue8f3' data-av_iconfont='entypo-fontello' title='' data-avia-related-tooltip='Compartir en Facebook' rel=\"noopener\"><span class='avia_hidden_link_text'>Compartir en Facebook<\/span><\/a><\/li><li class='av-share-link av-social-link-twitter' ><a target=\"_blank\" aria-label=\"Compartir en Twitter\" href='https:\/\/twitter.com\/share?text=Recuerdan%20que%2025%20de%20diciembre%20y%201%20enero%20son%20feriados%20irrenunciables%20y%20obligatorios%20para%20las%20y%20los%20trabajadores%20del%20comercio&#038;url=https:\/\/radiorevelacionfm.cl\/?p=62772' aria-hidden='false' data-av_icon='\ue8f1' data-av_iconfont='entypo-fontello' title='' data-avia-related-tooltip='Compartir en Twitter' rel=\"noopener\"><span class='avia_hidden_link_text'>Compartir en Twitter<\/span><\/a><\/li><li class='av-share-link av-social-link-whatsapp' ><a target=\"_blank\" aria-label=\"Compartir en Whatsapp\" href='https:\/\/api.whatsapp.com\/send?text=https:\/\/radiorevelacionfm.cl\/?p=62772' aria-hidden='false' data-av_icon='\uf232' data-av_iconfont='entypo-fontello' title='' data-avia-related-tooltip='Compartir en Whatsapp' rel=\"noopener\"><span class='avia_hidden_link_text'>Compartir en Whatsapp<\/span><\/a><\/li><li class='av-share-link av-social-link-linkedin' ><a target=\"_blank\" aria-label=\"Compartir en LinkedIn\" href='https:\/\/linkedin.com\/shareArticle?mini=true&#038;title=Recuerdan%20que%2025%20de%20diciembre%20y%201%20enero%20son%20feriados%20irrenunciables%20y%20obligatorios%20para%20las%20y%20los%20trabajadores%20del%20comercio&#038;url=https:\/\/radiorevelacionfm.cl\/?p=62772' aria-hidden='false' data-av_icon='\ue8fc' data-av_iconfont='entypo-fontello' title='' data-avia-related-tooltip='Compartir en LinkedIn' rel=\"noopener\"><span class='avia_hidden_link_text'>Compartir en LinkedIn<\/span><\/a><\/li><li class='av-share-link av-social-link-mail' ><a  aria-label=\"Compartir por correo\" href='mailto:?subject=Recuerdan%20que%2025%20de%20diciembre%20y%201%20enero%20son%20feriados%20irrenunciables%20y%20obligatorios%20para%20las%20y%20los%20trabajadores%20del%20comercio&#038;body=https:\/\/radiorevelacionfm.cl\/?p=62772' aria-hidden='false' data-av_icon='\ue805' data-av_iconfont='entypo-fontello' title='' data-avia-related-tooltip='Compartir por correo'><span class='avia_hidden_link_text'>Compartir por correo<\/span><\/a><\/li><\/ul><\/div><\/div>\n<div  style='height:50px' class='hr hr-invisible   avia-builder-el-8  el_after_av_social_share  el_before_av_comments_list '><span class='hr-inner ' ><span class='hr-inner-style'><\/span><\/span><\/div>\n<div  class='av-buildercomment  av-blog-meta-html-info-disabled av-blog-meta-tag-disabled  '><\/div>\n","protected":false},"excerpt":{"rendered":"","protected":false},"author":1,"featured_media":61413,"comment_status":"closed","ping_status":"closed","sticky":false,"template":"","format":"standard","meta":{"footnotes":""},"categories":[56],"tags":[],"class_list":["post-62772","post","type-post","status-publish","format-standard","has-post-thumbnail","hentry","category-trabajo"],"jetpack_featured_media_url":"https:\/\/radiorevelacionfm.cl\/wp-content\/uploads\/2025\/11\/RecorridoComercio-9-1-1.jpeg","_links":{"self":[{"href":"https:\/\/radiorevelacionfm.cl\/index.php?rest_route=\/wp\/v2\/posts\/62772","targetHints":{"allow":["GET"]}}],"collection":[{"href":"https:\/\/radiorevelacionfm.cl\/index.php?rest_route=\/wp\/v2\/posts"}],"about":[{"href":"https:\/\/radiorevelacionfm.cl\/index.php?rest_route=\/wp\/v2\/types\/post"}],"author":[{"embeddable":true,"href":"https:\/\/radiorevelacionfm.cl\/index.php?rest_route=\/wp\/v2\/users\/1"}],"replies":[{"embeddable":true,"href":"https:\/\/radiorevelacionfm.cl\/index.php?rest_route=%2Fwp%2Fv2%2Fcomments&post=62772"}],"version-history":[{"count":2,"href":"https:\/\/radiorevelacionfm.cl\/index.php?rest_route=\/wp\/v2\/posts\/62772\/revisions"}],"predecessor-version":[{"id":62787,"href":"https:\/\/radiorevelacionfm.cl\/index.php?rest_route=\/wp\/v2\/posts\/62772\/revisions\/62787"}],"wp:featuredmedia":[{"embeddable":true,"href":"https:\/\/radiorevelacionfm.cl\/index.php?rest_route=\/wp\/v2\/media\/61413"}],"wp:attachment":[{"href":"https:\/\/radiorevelacionfm.cl\/index.php?rest_route=%2Fwp%2Fv2%2Fmedia&parent=62772"}],"wp:term":[{"taxonomy":"category","embeddable":true,"href":"https:\/\/radiorevelacionfm.cl\/index.php?rest_route=%2Fwp%2Fv2%2Fcategories&post=62772"},{"taxonomy":"post_tag","embeddable":true,"href":"https:\/\/radiorevelacionfm.cl\/index.php?rest_route=%2Fwp%2Fv2%2Ftags&post=62772"}],"curies":[{"name":"wp","href":"https:\/\/api.w.org\/{rel}","templated":true}]}}