{"id":6277,"date":"2021-07-14T18:34:17","date_gmt":"2021-07-14T21:34:17","guid":{"rendered":"https:\/\/radiorevelacionfm.cl\/?p=6277"},"modified":"2021-07-14T18:34:17","modified_gmt":"2021-07-14T21:34:17","slug":"1-500-escudos-faciales-dono-universidad-de-aysen-a-la-red-asistencial","status":"publish","type":"post","link":"https:\/\/radiorevelacionfm.cl\/?p=6277","title":{"rendered":"1.500 escudos faciales don\u00f3 Universidad de Ays\u00e9n a la Red Asistencial"},"content":{"rendered":"<div class=\"flex_column av_one_full  flex_column_div av-zero-column-padding first  avia-builder-el-0  el_before_av_one_full  avia-builder-el-first  \" style='border-radius:0px; '><div  class='avia-image-container  av-styling-    avia-builder-el-1  avia-builder-el-no-sibling  avia-align-center '  itemprop=\"image\" itemscope=\"itemscope\" itemtype=\"https:\/\/schema.org\/ImageObject\"  ><div class='avia-image-container-inner'><div class='avia-image-overlay-wrap'><img decoding=\"async\" class='wp-image-6278 avia-img-lazy-loading-not-6278 avia_image' src=\"https:\/\/radiorevelacionfm.cl\/wp-content\/uploads\/2021\/07\/foto1-1_optimized.jpeg\" alt='' title='foto1-(1)_optimized' height=\"600\" width=\"1070\"  itemprop=\"thumbnailUrl\" srcset=\"https:\/\/radiorevelacionfm.cl\/wp-content\/uploads\/2021\/07\/foto1-1_optimized.jpeg 1070w, https:\/\/radiorevelacionfm.cl\/wp-content\/uploads\/2021\/07\/foto1-1_optimized-300x168.jpeg 300w, https:\/\/radiorevelacionfm.cl\/wp-content\/uploads\/2021\/07\/foto1-1_optimized-1030x578.jpeg 1030w, https:\/\/radiorevelacionfm.cl\/wp-content\/uploads\/2021\/07\/foto1-1_optimized-768x431.jpeg 768w, https:\/\/radiorevelacionfm.cl\/wp-content\/uploads\/2021\/07\/foto1-1_optimized-705x395.jpeg 705w, https:\/\/radiorevelacionfm.cl\/wp-content\/uploads\/2021\/07\/foto1-1_optimized-600x336.jpeg 600w\" sizes=\"(max-width: 1070px) 100vw, 1070px\" \/><\/div><\/div><\/div><\/div><div class=\"flex_column av_one_full  flex_column_div av-zero-column-padding first  avia-builder-el-2  el_after_av_one_full  el_before_av_one_full  column-top-margin\" style='border-radius:0px; '><section class=\"av_textblock_section \"  itemscope=\"itemscope\" itemtype=\"https:\/\/schema.org\/BlogPosting\" itemprop=\"blogPost\" ><div class='avia_textblock  '   itemprop=\"text\" ><p style=\"text-align: center;\"><strong><span style=\"font-size: 18pt;\">1.500 escudos faciales don\u00f3 Universidad de Ays\u00e9n a la Red Asistencial<\/span><\/strong><\/p>\n<div id=\"gtx-trans\" style=\"position: absolute; left: -50px; top: 4.31534px;\">\n<div class=\"gtx-trans-icon\"><\/div>\n<\/div>\n<\/div><\/section><\/div><div class=\"flex_column av_one_full  flex_column_div av-zero-column-padding first  avia-builder-el-4  el_after_av_one_full  el_before_av_hr  column-top-margin\" style='border-radius:0px; '><section class=\"av_textblock_section \"  itemscope=\"itemscope\" itemtype=\"https:\/\/schema.org\/BlogPosting\" itemprop=\"blogPost\" ><div class='avia_textblock  '   itemprop=\"text\" ><p style=\"text-align: justify;\">Al mediod\u00eda del viernes 9 de julio, en dependencias de la Direcci\u00f3n del Servicio de Salud, la Universidad de Ays\u00e9n, hizo entrega de 1.500 escudos faciales, que se suman a otras dos entregas de igual cantidad, haciendo un total de 4.500 de estos elementos de protecci\u00f3n personal, que ser\u00e1n destinados para su uso entre los trabajadores de la Salud.<\/p>\n<p style=\"text-align: justify;\">Gerard Olivar, director de Investigaci\u00f3n de la Universidad Ays\u00e9n, en representaci\u00f3n de la Rectora de la Universidad de Ays\u00e9n, hizo entrega de la donaci\u00f3n, al director del SSA quien se mostr\u00f3 muy contento y agradecido.<\/p>\n<p style=\"text-align: justify;\">\u201cPara nosotros es muy importante esta donaci\u00f3n, porque va en beneficio de los trabajadores y funcionarios, ya que ha pasado m\u00e1s de un a\u00f1o desde el inicio de la pandemia y est\u00e1n muy agotados y requieren de la mayor protecci\u00f3n, as\u00ed que agradecemos a la Universidad de Ays\u00e9n, al Ministerio de Ciencias que financi\u00f3 con los fondos y a FOSIS que apoy\u00f3 en esta iniciativa, para que hoy d\u00eda podamos tener un mejor resguardo para nuestros trabajadores, por lo que es un agrado, tener esta coordinaci\u00f3n con la universidad que se ha portado tan bien con nosotros\u201d.<\/p>\n<p style=\"text-align: justify;\">Representando a la rector\u00eda de la Universidad de Ays\u00e9n, Gerard Olivar, director de Investigaci\u00f3n de la casa de estudios, sostuvo: \u201cMuy contentos de aportar al Servicio de Salud estos m\u00e1s de 3000 escudos faciales, fabricados con el aporte de CORFO. Contentos de no solamente donar los escudos de manera que sea una protecci\u00f3n para los trabajadores de salud, sino para que ellos atiendan de mucho mejor manera a la poblaci\u00f3n aysenina, por otro lado, agradecer a Jos\u00e9 Aldunate en el FABLAB de nuestra universidad y a todo el grupo del proyecto que colabor\u00f3\u201d.<\/p>\n<p style=\"text-align: justify;\">Finalmente, Jos\u00e9 Aldunate, encargado del proyecto FABLAB de la U. Ays\u00e9n, se\u00f1al\u00f3 que \u201cEste proyecto es la segunda etapa de un concurso que lanza el Ministerio de Ciencias, como un desaf\u00edo a la innovaci\u00f3n y que est\u00e1 administrado por CORFO. Nosotros partimos en mayo del a\u00f1o pasado con la primera etapa en la cual entregamos los primeros 1500 escudos faciales y en esta segunda etapa, que parti\u00f3 m\u00e1s o menos en noviembre formalmente, y hasta el d\u00eda de hoy en que termina la pr\u00f3xima semana. Para nosotros es un esfuerzo super grande pero tambi\u00e9n al mismo tiempo, muestra la capacidad regional de fabricaci\u00f3n, porque esto es un esfuerzo no del FABLAB si no que tiene una serie de productores locales y tambi\u00e9n de fuera de la regi\u00f3n, de gente que se dedic\u00f3 a paliar un poco la emergencia de la fabricaci\u00f3n de los escudos faciales y la necesidad que necesitaba abordarse, entonces de alguna manera este proyecto vino tambi\u00e9n a fortalecer las capacidades que ya estaban instaladas pero que ahora se han fortalecido y validado con este proyecto, yo quiero agradecer a los proveedores como 3Z 3D y tambi\u00e9n Cisne Verde quienes nos apoyaron en todo este proceso, esperamos tambi\u00e9n haber generado un aporte a la instalaci\u00f3n de sus propias capacidades\u201d.<\/p>\n<p style=\"text-align: justify;\">Los productos se componen de un marco impreso en 3D, dise\u00f1ados para estos efectos, una mica transparente tama\u00f1o carta, el\u00e1sticos y salva orejas impresas que funcionan como adaptadores, los que fueron dise\u00f1ados por la casa de estudios superior y financiados por el Ministerio de Ciencia, Tecnolog\u00eda Conocimiento e Innovaci\u00f3n de CORFO, y aprobados bajo est\u00e1ndares de seguridad por el Laboratorio LICTEX\u00a0\u00a0de la Universidad de Santiago de Chile.<\/p>\n<\/div><\/section><\/div><div  style='height:50px' class='hr hr-invisible   avia-builder-el-6  el_after_av_one_full  el_before_av_social_share '><span class='hr-inner ' ><span class='hr-inner-style'><\/span><\/span><\/div><\/p>\n<div  class='av-social-sharing-box  avia-builder-el-7  el_after_av_hr  el_before_av_hr  '><div class='av-share-box'><h5 class='av-share-link-description av-no-toc '>Compartir esta noticia<\/h5><ul class='av-share-box-list noLightbox'><li class='av-share-link av-social-link-facebook' ><a target=\"_blank\" aria-label=\"Compartir en Facebook\" href='https:\/\/www.facebook.com\/sharer.php?u=https:\/\/radiorevelacionfm.cl\/?p=6277&#038;t=1.500%20escudos%20faciales%20don%C3%B3%20Universidad%20de%20Ays%C3%A9n%20a%20la%20Red%20Asistencial' aria-hidden='false' data-av_icon='\ue8f3' data-av_iconfont='entypo-fontello' title='' data-avia-related-tooltip='Compartir en Facebook' rel=\"noopener\"><span class='avia_hidden_link_text'>Compartir en Facebook<\/span><\/a><\/li><li class='av-share-link av-social-link-twitter' ><a target=\"_blank\" aria-label=\"Compartir en Twitter\" href='https:\/\/twitter.com\/share?text=1.500%20escudos%20faciales%20don%C3%B3%20Universidad%20de%20Ays%C3%A9n%20a%20la%20Red%20Asistencial&#038;url=https:\/\/radiorevelacionfm.cl\/?p=6277' aria-hidden='false' data-av_icon='\ue8f1' data-av_iconfont='entypo-fontello' title='' data-avia-related-tooltip='Compartir en Twitter' rel=\"noopener\"><span class='avia_hidden_link_text'>Compartir en Twitter<\/span><\/a><\/li><li class='av-share-link av-social-link-whatsapp' ><a target=\"_blank\" aria-label=\"Compartir en Whatsapp\" href='https:\/\/api.whatsapp.com\/send?text=https:\/\/radiorevelacionfm.cl\/?p=6277' aria-hidden='false' data-av_icon='\uf232' data-av_iconfont='entypo-fontello' title='' data-avia-related-tooltip='Compartir en Whatsapp' rel=\"noopener\"><span class='avia_hidden_link_text'>Compartir en Whatsapp<\/span><\/a><\/li><li class='av-share-link av-social-link-linkedin' ><a target=\"_blank\" aria-label=\"Compartir en LinkedIn\" href='https:\/\/linkedin.com\/shareArticle?mini=true&#038;title=1.500%20escudos%20faciales%20don%C3%B3%20Universidad%20de%20Ays%C3%A9n%20a%20la%20Red%20Asistencial&#038;url=https:\/\/radiorevelacionfm.cl\/?p=6277' aria-hidden='false' data-av_icon='\ue8fc' data-av_iconfont='entypo-fontello' title='' data-avia-related-tooltip='Compartir en LinkedIn' rel=\"noopener\"><span class='avia_hidden_link_text'>Compartir en LinkedIn<\/span><\/a><\/li><li class='av-share-link av-social-link-mail' ><a  aria-label=\"Compartir por correo\" href='mailto:?subject=1.500%20escudos%20faciales%20don%C3%B3%20Universidad%20de%20Ays%C3%A9n%20a%20la%20Red%20Asistencial&#038;body=https:\/\/radiorevelacionfm.cl\/?p=6277' aria-hidden='false' data-av_icon='\ue805' data-av_iconfont='entypo-fontello' title='' data-avia-related-tooltip='Compartir por correo'><span class='avia_hidden_link_text'>Compartir por correo<\/span><\/a><\/li><\/ul><\/div><\/div>\n<div  style='height:50px' class='hr hr-invisible   avia-builder-el-8  el_after_av_social_share  el_before_av_comments_list '><span class='hr-inner ' ><span class='hr-inner-style'><\/span><\/span><\/div>\n<div  class='av-buildercomment  av-blog-meta-html-info-disabled av-blog-meta-tag-disabled  '><\/div>\n","protected":false},"excerpt":{"rendered":"","protected":false},"author":1,"featured_media":6278,"comment_status":"open","ping_status":"open","sticky":false,"template":"","format":"standard","meta":{"footnotes":""},"categories":[46],"tags":[],"class_list":["post-6277","post","type-post","status-publish","format-standard","has-post-thumbnail","hentry","category-salud"],"jetpack_featured_media_url":"https:\/\/radiorevelacionfm.cl\/wp-content\/uploads\/2021\/07\/foto1-1_optimized.jpeg","_links":{"self":[{"href":"https:\/\/radiorevelacionfm.cl\/index.php?rest_route=\/wp\/v2\/posts\/6277","targetHints":{"allow":["GET"]}}],"collection":[{"href":"https:\/\/radiorevelacionfm.cl\/index.php?rest_route=\/wp\/v2\/posts"}],"about":[{"href":"https:\/\/radiorevelacionfm.cl\/index.php?rest_route=\/wp\/v2\/types\/post"}],"author":[{"embeddable":true,"href":"https:\/\/radiorevelacionfm.cl\/index.php?rest_route=\/wp\/v2\/users\/1"}],"replies":[{"embeddable":true,"href":"https:\/\/radiorevelacionfm.cl\/index.php?rest_route=%2Fwp%2Fv2%2Fcomments&post=6277"}],"version-history":[{"count":1,"href":"https:\/\/radiorevelacionfm.cl\/index.php?rest_route=\/wp\/v2\/posts\/6277\/revisions"}],"predecessor-version":[{"id":6279,"href":"https:\/\/radiorevelacionfm.cl\/index.php?rest_route=\/wp\/v2\/posts\/6277\/revisions\/6279"}],"wp:featuredmedia":[{"embeddable":true,"href":"https:\/\/radiorevelacionfm.cl\/index.php?rest_route=\/wp\/v2\/media\/6278"}],"wp:attachment":[{"href":"https:\/\/radiorevelacionfm.cl\/index.php?rest_route=%2Fwp%2Fv2%2Fmedia&parent=6277"}],"wp:term":[{"taxonomy":"category","embeddable":true,"href":"https:\/\/radiorevelacionfm.cl\/index.php?rest_route=%2Fwp%2Fv2%2Fcategories&post=6277"},{"taxonomy":"post_tag","embeddable":true,"href":"https:\/\/radiorevelacionfm.cl\/index.php?rest_route=%2Fwp%2Fv2%2Ftags&post=6277"}],"curies":[{"name":"wp","href":"https:\/\/api.w.org\/{rel}","templated":true}]}}