{"id":62769,"date":"2025-12-24T12:47:06","date_gmt":"2025-12-24T15:47:06","guid":{"rendered":"https:\/\/radiorevelacionfm.cl\/?p=62769"},"modified":"2025-12-24T12:47:06","modified_gmt":"2025-12-24T15:47:06","slug":"gobierno-lanza-campana-colabora-por-verdad-sobre-victimas-de-desaparicion-en-dictadura","status":"publish","type":"post","link":"https:\/\/radiorevelacionfm.cl\/?p=62769","title":{"rendered":"Gobierno lanza campa\u00f1a \u201cColabora por Verdad\u201d sobre v\u00edctimas de desaparici\u00f3n en dictadura"},"content":{"rendered":"<div class=\"flex_column av_one_full  flex_column_div av-zero-column-padding first  avia-builder-el-0  el_before_av_one_full  avia-builder-el-first  \" style='border-radius:0px; '><div  class='avia-image-container  av-styling-    avia-builder-el-1  avia-builder-el-no-sibling  avia-align-center '  itemprop=\"image\" itemscope=\"itemscope\" itemtype=\"https:\/\/schema.org\/ImageObject\"  ><div class='avia-image-container-inner'><div class='avia-image-overlay-wrap'><img decoding=\"async\" class='wp-image-62770 avia-img-lazy-loading-not-62770 avia_image' src=\"https:\/\/radiorevelacionfm.cl\/wp-content\/uploads\/2025\/12\/thumbnail_rrss_pnb-colabora-verdad-2025_fb-1-1-1_optimized-1.jpg\" alt='' title='thumbnail_rrss_pnb-colabora-verdad-2025_fb-1-(1)-(1)_optimized (1)' height=\"800\" width=\"800\"  itemprop=\"thumbnailUrl\" srcset=\"https:\/\/radiorevelacionfm.cl\/wp-content\/uploads\/2025\/12\/thumbnail_rrss_pnb-colabora-verdad-2025_fb-1-1-1_optimized-1.jpg 800w, https:\/\/radiorevelacionfm.cl\/wp-content\/uploads\/2025\/12\/thumbnail_rrss_pnb-colabora-verdad-2025_fb-1-1-1_optimized-1-300x300.jpg 300w, https:\/\/radiorevelacionfm.cl\/wp-content\/uploads\/2025\/12\/thumbnail_rrss_pnb-colabora-verdad-2025_fb-1-1-1_optimized-1-80x80.jpg 80w, https:\/\/radiorevelacionfm.cl\/wp-content\/uploads\/2025\/12\/thumbnail_rrss_pnb-colabora-verdad-2025_fb-1-1-1_optimized-1-768x768.jpg 768w, https:\/\/radiorevelacionfm.cl\/wp-content\/uploads\/2025\/12\/thumbnail_rrss_pnb-colabora-verdad-2025_fb-1-1-1_optimized-1-36x36.jpg 36w, https:\/\/radiorevelacionfm.cl\/wp-content\/uploads\/2025\/12\/thumbnail_rrss_pnb-colabora-verdad-2025_fb-1-1-1_optimized-1-180x180.jpg 180w, https:\/\/radiorevelacionfm.cl\/wp-content\/uploads\/2025\/12\/thumbnail_rrss_pnb-colabora-verdad-2025_fb-1-1-1_optimized-1-705x705.jpg 705w, https:\/\/radiorevelacionfm.cl\/wp-content\/uploads\/2025\/12\/thumbnail_rrss_pnb-colabora-verdad-2025_fb-1-1-1_optimized-1-120x120.jpg 120w, https:\/\/radiorevelacionfm.cl\/wp-content\/uploads\/2025\/12\/thumbnail_rrss_pnb-colabora-verdad-2025_fb-1-1-1_optimized-1-450x450.jpg 450w, https:\/\/radiorevelacionfm.cl\/wp-content\/uploads\/2025\/12\/thumbnail_rrss_pnb-colabora-verdad-2025_fb-1-1-1_optimized-1-600x600.jpg 600w, https:\/\/radiorevelacionfm.cl\/wp-content\/uploads\/2025\/12\/thumbnail_rrss_pnb-colabora-verdad-2025_fb-1-1-1_optimized-1-100x100.jpg 100w\" sizes=\"(max-width: 800px) 100vw, 800px\" \/><\/div><\/div><\/div><\/div><div class=\"flex_column av_one_full  flex_column_div av-zero-column-padding first  avia-builder-el-2  el_after_av_one_full  el_before_av_one_full  column-top-margin\" style='border-radius:0px; '><section class=\"av_textblock_section \"  itemscope=\"itemscope\" itemtype=\"https:\/\/schema.org\/BlogPosting\" itemprop=\"blogPost\" ><div class='avia_textblock  '   itemprop=\"text\" ><p style=\"text-align: center;\"><strong><span style=\"font-size: 18pt;\">Gobierno lanza campa\u00f1a \u201cColabora por Verdad\u201d sobre v\u00edctimas de desaparici\u00f3n en dictadura<\/span><\/strong><\/p>\n<div id=\"gtx-trans\" style=\"position: absolute; left: -50px; top: 4.31534px;\">\n<div class=\"gtx-trans-icon\"><\/div>\n<\/div>\n<\/div><\/section><\/div><div class=\"flex_column av_one_full  flex_column_div av-zero-column-padding first  avia-builder-el-4  el_after_av_one_full  el_before_av_hr  column-top-margin\" style='border-radius:0px; '><section class=\"av_textblock_section \"  itemscope=\"itemscope\" itemtype=\"https:\/\/schema.org\/BlogPosting\" itemprop=\"blogPost\" ><div class='avia_textblock  '   itemprop=\"text\" ><p style=\"text-align: justify;\">Recientemente, el Ministerio de Justicia y Derechos Humanos lanz\u00f3 la campa\u00f1a denominada \u201cColabora por Verdad\u201d, instancia que tiene por objetivo convocar a la ciudadan\u00eda en aportar antecedentes, testimonios o documentos que puedan contribuir al esclarecimiento de las desapariciones forzadas durante la dictadura. La campa\u00f1a incluye canales seguros y accesibles para facilitar la entrega de informaci\u00f3n.<\/p>\n<p style=\"text-align: justify;\">El seremi de Justicia y Derechos Humanos, Samuel Navarro Castro se refiri\u00f3 a esta campa\u00f1a se\u00f1alando que \u201cen el contexto del D\u00eda Internacional de los Derechos Humanos se le entreg\u00f3 al Presidente de la Rep\u00fablica Gabriel Boric un informe bianual de los avances y progresos del Plan Nacional de B\u00fasqueda, Verdad y Justicia donde se confirma o ratifica el estado de avance de las 23 medidas y m\u00e1s de 100 acciones que contiene este plan nacional algunas de ella ya desarrolladas, otras en desarrollo, en ejecuci\u00f3n con distintos niveles, a prop\u00f3sito de lo mismo, tambi\u00e9n se reforz\u00f3 este plan con la campa\u00f1a \u201cColabora por Verdad\u201d que tiene por objeto que las personas que tienen antecedentes, testimonios, documentaci\u00f3n u otros elementos en relaci\u00f3n a los detenidos desaparecidos puedan entregar esta informaci\u00f3n por los canales que tiene el Ministerio de Justicia y Derechos Humanos, ya sea directamente o por escrito, con el objeto de recabar antecedentes sobre detenidos desaparecidos, su paradero y de esta forma relacionarlos con la dem\u00e1s documentaci\u00f3n y antecedentes que ya contiene el plan para poder solicitar si ello lo permite solicitar diligencias a los ministros en visita especial que conocen causas de derechos humanos, ya sea en las querellas abiertas y en investigaci\u00f3n o en nuevas querellas que permitan estos antecedentes que se entregan formular en relaci\u00f3n a las v\u00edctimas de desaparici\u00f3n forzada, creemos que es importante que todos lo que tengan antecedentes ya sea en forma directa e indirecta que puedan proporcionar, colaboren con la entrega de informaci\u00f3n que permita avanzar en el esclarecimiento del paradero de los 1469 detenidos desaparecidos que es la n\u00f3mina oficial que ha confeccionado el Programa de Derechos Humanos del Ministerio de Justicia y Derechos Humanos\u201d.<\/p>\n<p style=\"text-align: justify;\">Finalmente, cabe mencionar que la campa\u00f1a incluye canales seguros y accesibles para facilitar la entrega de informaci\u00f3n. Cada documento, recuerdo o testimonio puede aportar a la verdad. La b\u00fasqueda es responsabilidad del Estado, pero la verdad es un compromiso de pa\u00eds, para conocer m\u00e1s respecto a esta campa\u00f1a, puedes ingresar a\u00a0<a href=\"https:\/\/www.derechoshumanos.gob.cl\/colabora-por-verdad\/\">https:\/\/www.derechoshumanos.gob.cl\/colabora-por-verdad\/<\/a><\/p>\n<\/div><\/section><\/div><div  style='height:50px' class='hr hr-invisible   avia-builder-el-6  el_after_av_one_full  el_before_av_social_share '><span class='hr-inner ' ><span class='hr-inner-style'><\/span><\/span><\/div><\/p>\n<div  class='av-social-sharing-box  avia-builder-el-7  el_after_av_hr  el_before_av_hr  '><div class='av-share-box'><h5 class='av-share-link-description av-no-toc '>Compartir esta noticia<\/h5><ul class='av-share-box-list noLightbox'><li class='av-share-link av-social-link-facebook' ><a target=\"_blank\" aria-label=\"Compartir en Facebook\" href='https:\/\/www.facebook.com\/sharer.php?u=https:\/\/radiorevelacionfm.cl\/?p=62769&#038;t=Gobierno%20lanza%20campa%C3%B1a%20%E2%80%9CColabora%20por%20Verdad%E2%80%9D%20sobre%20v%C3%ADctimas%20de%20desaparici%C3%B3n%20en%20dictadura' aria-hidden='false' data-av_icon='\ue8f3' data-av_iconfont='entypo-fontello' title='' data-avia-related-tooltip='Compartir en Facebook' rel=\"noopener\"><span class='avia_hidden_link_text'>Compartir en Facebook<\/span><\/a><\/li><li class='av-share-link av-social-link-twitter' ><a target=\"_blank\" aria-label=\"Compartir en Twitter\" href='https:\/\/twitter.com\/share?text=Gobierno%20lanza%20campa%C3%B1a%20%E2%80%9CColabora%20por%20Verdad%E2%80%9D%20sobre%20v%C3%ADctimas%20de%20desaparici%C3%B3n%20en%20dictadura&#038;url=https:\/\/radiorevelacionfm.cl\/?p=62769' aria-hidden='false' data-av_icon='\ue8f1' data-av_iconfont='entypo-fontello' title='' data-avia-related-tooltip='Compartir en Twitter' rel=\"noopener\"><span class='avia_hidden_link_text'>Compartir en Twitter<\/span><\/a><\/li><li class='av-share-link av-social-link-whatsapp' ><a target=\"_blank\" aria-label=\"Compartir en Whatsapp\" href='https:\/\/api.whatsapp.com\/send?text=https:\/\/radiorevelacionfm.cl\/?p=62769' aria-hidden='false' data-av_icon='\uf232' data-av_iconfont='entypo-fontello' title='' data-avia-related-tooltip='Compartir en Whatsapp' rel=\"noopener\"><span class='avia_hidden_link_text'>Compartir en Whatsapp<\/span><\/a><\/li><li class='av-share-link av-social-link-linkedin' ><a target=\"_blank\" aria-label=\"Compartir en LinkedIn\" href='https:\/\/linkedin.com\/shareArticle?mini=true&#038;title=Gobierno%20lanza%20campa%C3%B1a%20%E2%80%9CColabora%20por%20Verdad%E2%80%9D%20sobre%20v%C3%ADctimas%20de%20desaparici%C3%B3n%20en%20dictadura&#038;url=https:\/\/radiorevelacionfm.cl\/?p=62769' aria-hidden='false' data-av_icon='\ue8fc' data-av_iconfont='entypo-fontello' title='' data-avia-related-tooltip='Compartir en LinkedIn' rel=\"noopener\"><span class='avia_hidden_link_text'>Compartir en LinkedIn<\/span><\/a><\/li><li class='av-share-link av-social-link-mail' ><a  aria-label=\"Compartir por correo\" href='mailto:?subject=Gobierno%20lanza%20campa%C3%B1a%20%E2%80%9CColabora%20por%20Verdad%E2%80%9D%20sobre%20v%C3%ADctimas%20de%20desaparici%C3%B3n%20en%20dictadura&#038;body=https:\/\/radiorevelacionfm.cl\/?p=62769' aria-hidden='false' data-av_icon='\ue805' data-av_iconfont='entypo-fontello' title='' data-avia-related-tooltip='Compartir por correo'><span class='avia_hidden_link_text'>Compartir por correo<\/span><\/a><\/li><\/ul><\/div><\/div>\n<div  style='height:50px' class='hr hr-invisible   avia-builder-el-8  el_after_av_social_share  el_before_av_comments_list '><span class='hr-inner ' ><span class='hr-inner-style'><\/span><\/span><\/div>\n<div  class='av-buildercomment  av-blog-meta-html-info-disabled av-blog-meta-tag-disabled  '><\/div>\n","protected":false},"excerpt":{"rendered":"","protected":false},"author":1,"featured_media":62770,"comment_status":"closed","ping_status":"closed","sticky":false,"template":"","format":"standard","meta":{"footnotes":""},"categories":[55],"tags":[],"class_list":["post-62769","post","type-post","status-publish","format-standard","has-post-thumbnail","hentry","category-justicia"],"jetpack_featured_media_url":"https:\/\/radiorevelacionfm.cl\/wp-content\/uploads\/2025\/12\/thumbnail_rrss_pnb-colabora-verdad-2025_fb-1-1-1_optimized-1.jpg","_links":{"self":[{"href":"https:\/\/radiorevelacionfm.cl\/index.php?rest_route=\/wp\/v2\/posts\/62769","targetHints":{"allow":["GET"]}}],"collection":[{"href":"https:\/\/radiorevelacionfm.cl\/index.php?rest_route=\/wp\/v2\/posts"}],"about":[{"href":"https:\/\/radiorevelacionfm.cl\/index.php?rest_route=\/wp\/v2\/types\/post"}],"author":[{"embeddable":true,"href":"https:\/\/radiorevelacionfm.cl\/index.php?rest_route=\/wp\/v2\/users\/1"}],"replies":[{"embeddable":true,"href":"https:\/\/radiorevelacionfm.cl\/index.php?rest_route=%2Fwp%2Fv2%2Fcomments&post=62769"}],"version-history":[{"count":2,"href":"https:\/\/radiorevelacionfm.cl\/index.php?rest_route=\/wp\/v2\/posts\/62769\/revisions"}],"predecessor-version":[{"id":62807,"href":"https:\/\/radiorevelacionfm.cl\/index.php?rest_route=\/wp\/v2\/posts\/62769\/revisions\/62807"}],"wp:featuredmedia":[{"embeddable":true,"href":"https:\/\/radiorevelacionfm.cl\/index.php?rest_route=\/wp\/v2\/media\/62770"}],"wp:attachment":[{"href":"https:\/\/radiorevelacionfm.cl\/index.php?rest_route=%2Fwp%2Fv2%2Fmedia&parent=62769"}],"wp:term":[{"taxonomy":"category","embeddable":true,"href":"https:\/\/radiorevelacionfm.cl\/index.php?rest_route=%2Fwp%2Fv2%2Fcategories&post=62769"},{"taxonomy":"post_tag","embeddable":true,"href":"https:\/\/radiorevelacionfm.cl\/index.php?rest_route=%2Fwp%2Fv2%2Ftags&post=62769"}],"curies":[{"name":"wp","href":"https:\/\/api.w.org\/{rel}","templated":true}]}}