{"id":62765,"date":"2025-12-23T18:26:06","date_gmt":"2025-12-23T21:26:06","guid":{"rendered":"https:\/\/radiorevelacionfm.cl\/?p=62765"},"modified":"2025-12-23T18:26:06","modified_gmt":"2025-12-23T21:26:06","slug":"carabineros-de-aysen-instala-por-segundo-ano-consecutivo-la-avanzada-fronteriza-paso-marconi-campos-de-hielo-sur","status":"publish","type":"post","link":"https:\/\/radiorevelacionfm.cl\/?p=62765","title":{"rendered":"Carabineros de Ays\u00e9n instala por segundo a\u00f1o consecutivo la Avanzada Fronteriza Paso Marconi, Campos de Hielo Sur"},"content":{"rendered":"<div class=\"flex_column av_one_full  flex_column_div av-zero-column-padding first  avia-builder-el-0  el_before_av_one_full  avia-builder-el-first  \" style='border-radius:0px; '><div  class='avia-image-container  av-styling-    avia-builder-el-1  avia-builder-el-no-sibling  avia-align-center '  itemprop=\"image\" itemscope=\"itemscope\" itemtype=\"https:\/\/schema.org\/ImageObject\"  ><div class='avia-image-container-inner'><div class='avia-image-overlay-wrap'><img decoding=\"async\" class='wp-image-62766 avia-img-lazy-loading-not-62766 avia_image' src=\"https:\/\/radiorevelacionfm.cl\/wp-content\/uploads\/2025\/12\/c6458e6d-480f-46f6-91dc-12ffb61a2f29-1_optimized.jpg\" alt='' title='c6458e6d-480f-46f6-91dc-12ffb61a2f29-(1)_optimized' height=\"600\" width=\"1067\"  itemprop=\"thumbnailUrl\" srcset=\"https:\/\/radiorevelacionfm.cl\/wp-content\/uploads\/2025\/12\/c6458e6d-480f-46f6-91dc-12ffb61a2f29-1_optimized.jpg 1067w, https:\/\/radiorevelacionfm.cl\/wp-content\/uploads\/2025\/12\/c6458e6d-480f-46f6-91dc-12ffb61a2f29-1_optimized-300x169.jpg 300w, https:\/\/radiorevelacionfm.cl\/wp-content\/uploads\/2025\/12\/c6458e6d-480f-46f6-91dc-12ffb61a2f29-1_optimized-1030x579.jpg 1030w, https:\/\/radiorevelacionfm.cl\/wp-content\/uploads\/2025\/12\/c6458e6d-480f-46f6-91dc-12ffb61a2f29-1_optimized-768x432.jpg 768w, https:\/\/radiorevelacionfm.cl\/wp-content\/uploads\/2025\/12\/c6458e6d-480f-46f6-91dc-12ffb61a2f29-1_optimized-705x396.jpg 705w, https:\/\/radiorevelacionfm.cl\/wp-content\/uploads\/2025\/12\/c6458e6d-480f-46f6-91dc-12ffb61a2f29-1_optimized-450x253.jpg 450w, https:\/\/radiorevelacionfm.cl\/wp-content\/uploads\/2025\/12\/c6458e6d-480f-46f6-91dc-12ffb61a2f29-1_optimized-600x337.jpg 600w\" sizes=\"(max-width: 1067px) 100vw, 1067px\" \/><\/div><\/div><\/div><\/div><div class=\"flex_column av_one_full  flex_column_div av-zero-column-padding first  avia-builder-el-2  el_after_av_one_full  el_before_av_one_full  column-top-margin\" style='border-radius:0px; '><section class=\"av_textblock_section \"  itemscope=\"itemscope\" itemtype=\"https:\/\/schema.org\/BlogPosting\" itemprop=\"blogPost\" ><div class='avia_textblock  '   itemprop=\"text\" ><p style=\"text-align: center;\"><strong><span style=\"font-size: 18pt;\">Carabineros de Ays\u00e9n instala por segundo a\u00f1o consecutivo la Avanzada Fronteriza Paso Marconi, Campos de Hielo Sur<\/span><\/strong><\/p>\n<div id=\"gtx-trans\" style=\"position: absolute; left: -50px; top: 4.31534px;\">\n<div class=\"gtx-trans-icon\"><\/div>\n<\/div>\n<\/div><\/section><\/div><div class=\"flex_column av_one_full  flex_column_div av-zero-column-padding first  avia-builder-el-4  el_after_av_one_full  el_before_av_hr  column-top-margin\" style='border-radius:0px; '><section class=\"av_textblock_section \"  itemscope=\"itemscope\" itemtype=\"https:\/\/schema.org\/BlogPosting\" itemprop=\"blogPost\" ><div class='avia_textblock  '   itemprop=\"text\" ><ul>\n<li dir=\"ltr\">\n<p dir=\"ltr\" style=\"text-align: justify;\" role=\"presentation\"><em>Tras un riguroso entrenamiento sumado una preparaci\u00f3n f\u00edsica y mental, cinco carabineros especialistas en monta\u00f1a y frontera, fueron trasladados hasta el refugio Eduardo Garc\u00eda Soto para -mediante relevos- custodiar la frontera y hacer soberan\u00eda en uno de los lugares m\u00e1s inh\u00f3spitos de nuestra Patagonia.<\/em><\/p>\n<\/li>\n<\/ul>\n<p dir=\"ltr\" style=\"text-align: justify;\">Carabineros de Chile reforz\u00f3 la presencia del Estado en uno de los territorios m\u00e1s remotos y desafiantes del pa\u00eds al iniciar, por segundo a\u00f1o consecutivo, la operaci\u00f3n de la Avanzada Temporal Fronteriza Paso Marconi, ubicada en el refugio Eduardo Garc\u00eda Soto, en los Campos de Hielo Sur, Regi\u00f3n de Ays\u00e9n.<\/p>\n<p dir=\"ltr\" style=\"text-align: justify;\">Cinco funcionarios especialistas en monta\u00f1a y frontera fueron trasladados el 18 de diciembre con apoyo de la Secci\u00f3n A\u00e9rea de Carabineros hasta este punto estrat\u00e9gico, donde -mediante relevos- permanecer\u00e1n hasta fines de marzo de 2026 para custodiar la soberan\u00eda nacional y realizar controles migratorios.<\/p>\n<p dir=\"ltr\" style=\"text-align: justify;\">El Jefe de Zona subrogante, Coronel Juan Abarca Hern\u00e1ndez, destac\u00f3 desde el lugar que esta iniciativa constituye \u00abun hito hist\u00f3rico y relevante para el resguardo de nuestra soberan\u00eda nacional en lo m\u00e1s austral de la regi\u00f3n de Ays\u00e9n, en la Patagonia chilena\u00bb. El Oficial enfatiz\u00f3 que los carabineros desplegados han recibido una rigurosa preparaci\u00f3n f\u00edsica, mental y t\u00e9cnica, incluyendo capacitaciones en progresi\u00f3n glaciar y rescate en grietas.<\/p>\n<p dir=\"ltr\" style=\"text-align: justify;\">La avanzada se instala en el refugio Eduardo Garc\u00eda Soto, administrado por Conaf, y representa un significativo desaf\u00edo log\u00edstico: dotaci\u00f3n de suministros, energ\u00eda, sistemas de comunicaci\u00f3n y habitabilidad en condiciones clim\u00e1ticas extremas con caracter\u00edsticas polares, marcadas por viento y temperaturas bajo cero.<\/p>\n<p dir=\"ltr\" style=\"text-align: justify;\">Recientemente, personal de la Subcomisar\u00eda de Villa O\u2019Higgins (F) y destacamentos dependientes explor\u00f3 una ruta terrestre de acceso y evacuaci\u00f3n, cubriendo m\u00e1s de 55 kil\u00f3metros en cuatro d\u00edas, para contar con alternativas seguras en caso de emergencias.<\/p>\n<p dir=\"ltr\" style=\"text-align: justify;\">Tareas de control<\/p>\n<p dir=\"ltr\" style=\"text-align: justify;\">La principal funci\u00f3n de la patrulla es el control migratorio de turistas y expedicionarios, principalmente extranjeros, que ingresan al territorio chileno desde Argentina a trav\u00e9s del Paso Marconi, una ruta habitual para monta\u00f1istas que acceden desde El Chalt\u00e9n hacia los glaciares del Campo de Hielo Sur, la tercera mayor reserva de hielo continental del mundo despu\u00e9s de la Ant\u00e1rtida y Groenlandia.<\/p>\n<p dir=\"ltr\" style=\"text-align: justify;\">Esta operaci\u00f3n, que en su primera edici\u00f3n (temporada 2024-2025) permiti\u00f3 controlar 44 ingresos y reforzar la presencia estatal en una zona de alto valor geopol\u00edtico, se realiza con relevos peri\u00f3dicos de personal altamente capacitado, haciendo efectiva la soberan\u00eda en uno de los rincones m\u00e1s inh\u00f3spitos de la Patagonia chilena.<\/p>\n<p dir=\"ltr\" style=\"text-align: justify;\">Carabineros reiter\u00f3 su compromiso con el resguardo de las fronteras y la seguridad nacional en este extremo austral del pa\u00eds.<\/p>\n<\/div><\/section><\/div><div  style='height:50px' class='hr hr-invisible   avia-builder-el-6  el_after_av_one_full  el_before_av_social_share '><span class='hr-inner ' ><span class='hr-inner-style'><\/span><\/span><\/div><\/p>\n<div  class='av-social-sharing-box  avia-builder-el-7  el_after_av_hr  el_before_av_hr  '><div class='av-share-box'><h5 class='av-share-link-description av-no-toc '>Compartir esta noticia<\/h5><ul class='av-share-box-list noLightbox'><li class='av-share-link av-social-link-facebook' ><a target=\"_blank\" aria-label=\"Compartir en Facebook\" href='https:\/\/www.facebook.com\/sharer.php?u=https:\/\/radiorevelacionfm.cl\/?p=62765&#038;t=Carabineros%20de%20Ays%C3%A9n%20instala%20por%20segundo%20a%C3%B1o%20consecutivo%20la%20Avanzada%20Fronteriza%20Paso%20Marconi%2C%20Campos%20de%20Hielo%20Sur' aria-hidden='false' data-av_icon='\ue8f3' data-av_iconfont='entypo-fontello' title='' data-avia-related-tooltip='Compartir en Facebook' rel=\"noopener\"><span class='avia_hidden_link_text'>Compartir en Facebook<\/span><\/a><\/li><li class='av-share-link av-social-link-twitter' ><a target=\"_blank\" aria-label=\"Compartir en Twitter\" href='https:\/\/twitter.com\/share?text=Carabineros%20de%20Ays%C3%A9n%20instala%20por%20segundo%20a%C3%B1o%20consecutivo%20la%20Avanzada%20Fronteriza%20Paso%20Marconi%2C%20Campos%20de%20Hielo%20Sur&#038;url=https:\/\/radiorevelacionfm.cl\/?p=62765' aria-hidden='false' data-av_icon='\ue8f1' data-av_iconfont='entypo-fontello' title='' data-avia-related-tooltip='Compartir en Twitter' rel=\"noopener\"><span class='avia_hidden_link_text'>Compartir en Twitter<\/span><\/a><\/li><li class='av-share-link av-social-link-whatsapp' ><a target=\"_blank\" aria-label=\"Compartir en Whatsapp\" href='https:\/\/api.whatsapp.com\/send?text=https:\/\/radiorevelacionfm.cl\/?p=62765' aria-hidden='false' data-av_icon='\uf232' data-av_iconfont='entypo-fontello' title='' data-avia-related-tooltip='Compartir en Whatsapp' rel=\"noopener\"><span class='avia_hidden_link_text'>Compartir en Whatsapp<\/span><\/a><\/li><li class='av-share-link av-social-link-linkedin' ><a target=\"_blank\" aria-label=\"Compartir en LinkedIn\" href='https:\/\/linkedin.com\/shareArticle?mini=true&#038;title=Carabineros%20de%20Ays%C3%A9n%20instala%20por%20segundo%20a%C3%B1o%20consecutivo%20la%20Avanzada%20Fronteriza%20Paso%20Marconi%2C%20Campos%20de%20Hielo%20Sur&#038;url=https:\/\/radiorevelacionfm.cl\/?p=62765' aria-hidden='false' data-av_icon='\ue8fc' data-av_iconfont='entypo-fontello' title='' data-avia-related-tooltip='Compartir en LinkedIn' rel=\"noopener\"><span class='avia_hidden_link_text'>Compartir en LinkedIn<\/span><\/a><\/li><li class='av-share-link av-social-link-mail' ><a  aria-label=\"Compartir por correo\" href='mailto:?subject=Carabineros%20de%20Ays%C3%A9n%20instala%20por%20segundo%20a%C3%B1o%20consecutivo%20la%20Avanzada%20Fronteriza%20Paso%20Marconi%2C%20Campos%20de%20Hielo%20Sur&#038;body=https:\/\/radiorevelacionfm.cl\/?p=62765' aria-hidden='false' data-av_icon='\ue805' data-av_iconfont='entypo-fontello' title='' data-avia-related-tooltip='Compartir por correo'><span class='avia_hidden_link_text'>Compartir por correo<\/span><\/a><\/li><\/ul><\/div><\/div>\n<div  style='height:50px' class='hr hr-invisible   avia-builder-el-8  el_after_av_social_share  el_before_av_comments_list '><span class='hr-inner ' ><span class='hr-inner-style'><\/span><\/span><\/div>\n<div  class='av-buildercomment  av-blog-meta-html-info-disabled av-blog-meta-tag-disabled  '><\/div>\n","protected":false},"excerpt":{"rendered":"","protected":false},"author":1,"featured_media":62766,"comment_status":"closed","ping_status":"closed","sticky":false,"template":"","format":"standard","meta":{"footnotes":""},"categories":[36],"tags":[],"class_list":["post-62765","post","type-post","status-publish","format-standard","has-post-thumbnail","hentry","category-policial"],"jetpack_featured_media_url":"https:\/\/radiorevelacionfm.cl\/wp-content\/uploads\/2025\/12\/c6458e6d-480f-46f6-91dc-12ffb61a2f29-1_optimized.jpg","_links":{"self":[{"href":"https:\/\/radiorevelacionfm.cl\/index.php?rest_route=\/wp\/v2\/posts\/62765","targetHints":{"allow":["GET"]}}],"collection":[{"href":"https:\/\/radiorevelacionfm.cl\/index.php?rest_route=\/wp\/v2\/posts"}],"about":[{"href":"https:\/\/radiorevelacionfm.cl\/index.php?rest_route=\/wp\/v2\/types\/post"}],"author":[{"embeddable":true,"href":"https:\/\/radiorevelacionfm.cl\/index.php?rest_route=\/wp\/v2\/users\/1"}],"replies":[{"embeddable":true,"href":"https:\/\/radiorevelacionfm.cl\/index.php?rest_route=%2Fwp%2Fv2%2Fcomments&post=62765"}],"version-history":[{"count":2,"href":"https:\/\/radiorevelacionfm.cl\/index.php?rest_route=\/wp\/v2\/posts\/62765\/revisions"}],"predecessor-version":[{"id":62768,"href":"https:\/\/radiorevelacionfm.cl\/index.php?rest_route=\/wp\/v2\/posts\/62765\/revisions\/62768"}],"wp:featuredmedia":[{"embeddable":true,"href":"https:\/\/radiorevelacionfm.cl\/index.php?rest_route=\/wp\/v2\/media\/62766"}],"wp:attachment":[{"href":"https:\/\/radiorevelacionfm.cl\/index.php?rest_route=%2Fwp%2Fv2%2Fmedia&parent=62765"}],"wp:term":[{"taxonomy":"category","embeddable":true,"href":"https:\/\/radiorevelacionfm.cl\/index.php?rest_route=%2Fwp%2Fv2%2Fcategories&post=62765"},{"taxonomy":"post_tag","embeddable":true,"href":"https:\/\/radiorevelacionfm.cl\/index.php?rest_route=%2Fwp%2Fv2%2Ftags&post=62765"}],"curies":[{"name":"wp","href":"https:\/\/api.w.org\/{rel}","templated":true}]}}