{"id":62761,"date":"2025-12-23T17:12:21","date_gmt":"2025-12-23T20:12:21","guid":{"rendered":"https:\/\/radiorevelacionfm.cl\/?p=62761"},"modified":"2025-12-23T17:12:21","modified_gmt":"2025-12-23T20:12:21","slug":"aysen-presento-crecimiento-de-82-en-el-tercer-trimestre-del-2025-y-se-posiciona-nuevamente-como-la-segunda-region-de-mayor-expansion-economica","status":"publish","type":"post","link":"https:\/\/radiorevelacionfm.cl\/?p=62761","title":{"rendered":"Ays\u00e9n present\u00f3 crecimiento de 8,2% en el tercer trimestre del 2025 y se posiciona nuevamente como la segunda regi\u00f3n de mayor expansi\u00f3n econ\u00f3mica"},"content":{"rendered":"<div class=\"flex_column av_one_full  flex_column_div av-zero-column-padding first  avia-builder-el-0  el_before_av_one_full  avia-builder-el-first  \" style='border-radius:0px; '><div  class='avia-image-container  av-styling-    avia-builder-el-1  avia-builder-el-no-sibling  avia-align-center '  itemprop=\"image\" itemscope=\"itemscope\" itemtype=\"https:\/\/schema.org\/ImageObject\"  ><div class='avia-image-container-inner'><div class='avia-image-overlay-wrap'><img decoding=\"async\" class='wp-image-62762 avia-img-lazy-loading-not-62762 avia_image' src=\"https:\/\/radiorevelacionfm.cl\/wp-content\/uploads\/2025\/12\/pib-regional-1_optimized-1.jpg\" alt='' title='pib-regional-(1)_optimized (1)' height=\"600\" width=\"1000\"  itemprop=\"thumbnailUrl\" srcset=\"https:\/\/radiorevelacionfm.cl\/wp-content\/uploads\/2025\/12\/pib-regional-1_optimized-1.jpg 1000w, https:\/\/radiorevelacionfm.cl\/wp-content\/uploads\/2025\/12\/pib-regional-1_optimized-1-300x180.jpg 300w, https:\/\/radiorevelacionfm.cl\/wp-content\/uploads\/2025\/12\/pib-regional-1_optimized-1-768x461.jpg 768w, https:\/\/radiorevelacionfm.cl\/wp-content\/uploads\/2025\/12\/pib-regional-1_optimized-1-705x423.jpg 705w, https:\/\/radiorevelacionfm.cl\/wp-content\/uploads\/2025\/12\/pib-regional-1_optimized-1-450x270.jpg 450w, https:\/\/radiorevelacionfm.cl\/wp-content\/uploads\/2025\/12\/pib-regional-1_optimized-1-600x360.jpg 600w\" sizes=\"(max-width: 1000px) 100vw, 1000px\" \/><\/div><\/div><\/div><\/div><div class=\"flex_column av_one_full  flex_column_div av-zero-column-padding first  avia-builder-el-2  el_after_av_one_full  el_before_av_one_full  column-top-margin\" style='border-radius:0px; '><section class=\"av_textblock_section \"  itemscope=\"itemscope\" itemtype=\"https:\/\/schema.org\/BlogPosting\" itemprop=\"blogPost\" ><div class='avia_textblock  '   itemprop=\"text\" ><p style=\"text-align: center;\"><strong><span style=\"font-size: 18pt;\">Ays\u00e9n present\u00f3 crecimiento de 8,2% en el tercer trimestre del 2025 y se posiciona nuevamente como la segunda regi\u00f3n de mayor expansi\u00f3n econ\u00f3mica<\/span><\/strong><\/p>\n<div id=\"gtx-trans\" style=\"position: absolute; left: -50px; top: 4.31534px;\">\n<div class=\"gtx-trans-icon\"><\/div>\n<\/div>\n<\/div><\/section><\/div><div class=\"flex_column av_one_full  flex_column_div av-zero-column-padding first  avia-builder-el-4  el_after_av_one_full  el_before_av_hr  column-top-margin\" style='border-radius:0px; '><section class=\"av_textblock_section \"  itemscope=\"itemscope\" itemtype=\"https:\/\/schema.org\/BlogPosting\" itemprop=\"blogPost\" ><div class='avia_textblock  '   itemprop=\"text\" ><p style=\"text-align: justify;\">Seg\u00fan datos proporcionados por el Banco Central y de acuerdo con las cifras emanadas del PIB Regional, durante el tercer trimestre de 2025, once de las diecise\u0301is regiones del pai\u0301s registraron crecimiento en su actividad econo\u0301mica, aportando al alza de 1,6% del total de la economi\u0301a. La Regi\u00f3n de Ays\u00e9n se convirti\u00f3 nuevamente en la segunda a nivel pa\u00eds con mayor crecimiento econ\u00f3mico. Con este resultado Ays\u00e9n registra 15 meses consecutivos de crecimiento econ\u00f3mico sostenido, lo que se traduce en crecimiento y desarrollo en cada uno de los rincones de nuestro extenso territorio.<\/p>\n<p style=\"text-align: justify;\">El 8,2% registrado por Ays\u00e9n, fue incidido mayoritariamente por el cultivo de salmones, dentro del resto de bienes, y en menor medida por los servicios personales y empresariales. La mineri\u0301a contrarresto\u0301 parcialmente estos resultados, registrando una menor extraccio\u0301n de oro y plata. Por su parte, el consumo de los hogares crecio\u0301 0,8%, destacando la contribucio\u0301n del consumo de servicios, en particular de restaurantes y hoteles. El gasto en bienes no durables aporto\u0301 al crecimiento con una menor incidencia, asociada principalmente a productos farmace\u00faticos.<\/p>\n<p style=\"text-align: justify;\">Al respecto, el Seremi de Econom\u00eda de la Regi\u00f3n de Ays\u00e9n Felipe Rojas Pizarro, puntualiz\u00f3 que: <em>\u201cCerramos este a\u00f1o con muy buenas noticias econ\u00f3micas para la regi\u00f3n. Ays\u00e9n destaca con un crecimiento de 8,2% para el tercer trimestre del a\u00f1o 2025, posicion\u00e1ndonos nuevamente como la segunda regi\u00f3n con mayor crecimiento a nivel pa\u00eds y adem\u00e1s, encadenamos 15 meses de crecimiento para nuestro territorio. Esto se debe principalmente a la acuicultura, pero tambi\u00e9n a los servicios personales y empresariales. Por otro lado, tambi\u00e9n fueron publicadas las cifras de crecimiento en cuanto al consumo privado en la regi\u00f3n, donde el crecimiento fue mucho m\u00e1s moderado, llegando al 0,8%, destacando principalmente de compras en restaurantes y hoteles y alojamientos\u201d.<\/em><\/p>\n<p style=\"text-align: justify;\">Por su parte, la Seremi de Gobierno \u00darsula Mix Jim\u00e9nez, relev\u00f3 el trabajo realizado para alcanzar esta estabilidad econ\u00f3mica: <em>\u201cEstas cifras confirman que Ays\u00e9n avanza por la senda correcta. Un crecimiento de 8,2% y 15 meses consecutivos de expansi\u00f3n econ\u00f3mica no son casualidad, sino el resultado de un trabajo responsable del Gobierno del Presidente Gabriel Boric, que ha puesto en el centro la estabilidad econ\u00f3mica, la inversi\u00f3n p\u00fablica y el fortalecimiento del desarrollo productivo regional. Este crecimiento se traduce en m\u00e1s oportunidades, empleo y bienestar para las familias de nuestro territorio, y reafirma que cuando el Estado y el sector privado trabajan de manera articulada, los resultados llegan a las personas y a cada rinc\u00f3n de la regi\u00f3n.\u201d<\/em><\/p>\n<p style=\"text-align: justify;\">Este notable crecimiento econ\u00f3mico del 8,2% registrado en Ays\u00e9n durante el tercer trimestre es resultado de un trabajo serio y responsable, fruto de la colaboraci\u00f3n entre el sector p\u00fablico y privado. Este logro refleja el compromiso del Gobierno del Presidente Gabriel Boric, que ha priorizado la estabilidad macroecon\u00f3mica y la generaci\u00f3n de condiciones propicias para el desarrollo regional. Gracias a estas pol\u00edticas, hoy Ays\u00e9n no solo destaca a nivel nacional por su dinamismo, sino que tambi\u00e9n forma parte de un pa\u00eds que cierra el a\u00f1o 2025 con una econom\u00eda estabilizada y excelentes proyecciones para el futuro.<\/p>\n<\/div><\/section><\/div><div  style='height:50px' class='hr hr-invisible   avia-builder-el-6  el_after_av_one_full  el_before_av_social_share '><span class='hr-inner ' ><span class='hr-inner-style'><\/span><\/span><\/div><\/p>\n<div  class='av-social-sharing-box  avia-builder-el-7  el_after_av_hr  el_before_av_hr  '><div class='av-share-box'><h5 class='av-share-link-description av-no-toc '>Compartir esta noticia<\/h5><ul class='av-share-box-list noLightbox'><li class='av-share-link av-social-link-facebook' ><a target=\"_blank\" aria-label=\"Compartir en Facebook\" href='https:\/\/www.facebook.com\/sharer.php?u=https:\/\/radiorevelacionfm.cl\/?p=62761&#038;t=Ays%C3%A9n%20present%C3%B3%20crecimiento%20de%208%2C2%25%20en%20el%20tercer%20trimestre%20del%202025%20y%20se%20posiciona%20nuevamente%20como%20la%20segunda%20regi%C3%B3n%20de%20mayor%20expansi%C3%B3n%20econ%C3%B3mica' aria-hidden='false' data-av_icon='\ue8f3' data-av_iconfont='entypo-fontello' title='' data-avia-related-tooltip='Compartir en Facebook' rel=\"noopener\"><span class='avia_hidden_link_text'>Compartir en Facebook<\/span><\/a><\/li><li class='av-share-link av-social-link-twitter' ><a target=\"_blank\" aria-label=\"Compartir en Twitter\" href='https:\/\/twitter.com\/share?text=Ays%C3%A9n%20present%C3%B3%20crecimiento%20de%208%2C2%25%20en%20el%20tercer%20trimestre%20del%202025%20y%20se%20posiciona%20nuevamente%20como%20la%20segunda%20regi%C3%B3n%20de%20mayor%20expansi%C3%B3n%20econ%C3%B3mica&#038;url=https:\/\/radiorevelacionfm.cl\/?p=62761' aria-hidden='false' data-av_icon='\ue8f1' data-av_iconfont='entypo-fontello' title='' data-avia-related-tooltip='Compartir en Twitter' rel=\"noopener\"><span class='avia_hidden_link_text'>Compartir en Twitter<\/span><\/a><\/li><li class='av-share-link av-social-link-whatsapp' ><a target=\"_blank\" aria-label=\"Compartir en Whatsapp\" href='https:\/\/api.whatsapp.com\/send?text=https:\/\/radiorevelacionfm.cl\/?p=62761' aria-hidden='false' data-av_icon='\uf232' data-av_iconfont='entypo-fontello' title='' data-avia-related-tooltip='Compartir en Whatsapp' rel=\"noopener\"><span class='avia_hidden_link_text'>Compartir en Whatsapp<\/span><\/a><\/li><li class='av-share-link av-social-link-linkedin' ><a target=\"_blank\" aria-label=\"Compartir en LinkedIn\" href='https:\/\/linkedin.com\/shareArticle?mini=true&#038;title=Ays%C3%A9n%20present%C3%B3%20crecimiento%20de%208%2C2%25%20en%20el%20tercer%20trimestre%20del%202025%20y%20se%20posiciona%20nuevamente%20como%20la%20segunda%20regi%C3%B3n%20de%20mayor%20expansi%C3%B3n%20econ%C3%B3mica&#038;url=https:\/\/radiorevelacionfm.cl\/?p=62761' aria-hidden='false' data-av_icon='\ue8fc' data-av_iconfont='entypo-fontello' title='' data-avia-related-tooltip='Compartir en LinkedIn' rel=\"noopener\"><span class='avia_hidden_link_text'>Compartir en LinkedIn<\/span><\/a><\/li><li class='av-share-link av-social-link-mail' ><a  aria-label=\"Compartir por correo\" href='mailto:?subject=Ays%C3%A9n%20present%C3%B3%20crecimiento%20de%208%2C2%25%20en%20el%20tercer%20trimestre%20del%202025%20y%20se%20posiciona%20nuevamente%20como%20la%20segunda%20regi%C3%B3n%20de%20mayor%20expansi%C3%B3n%20econ%C3%B3mica&#038;body=https:\/\/radiorevelacionfm.cl\/?p=62761' aria-hidden='false' data-av_icon='\ue805' data-av_iconfont='entypo-fontello' title='' data-avia-related-tooltip='Compartir por correo'><span class='avia_hidden_link_text'>Compartir por correo<\/span><\/a><\/li><\/ul><\/div><\/div>\n<div  style='height:50px' class='hr hr-invisible   avia-builder-el-8  el_after_av_social_share  el_before_av_comments_list '><span class='hr-inner ' ><span class='hr-inner-style'><\/span><\/span><\/div>\n<div  class='av-buildercomment  av-blog-meta-html-info-disabled av-blog-meta-tag-disabled  '><\/div>\n","protected":false},"excerpt":{"rendered":"","protected":false},"author":1,"featured_media":62762,"comment_status":"closed","ping_status":"closed","sticky":false,"template":"","format":"standard","meta":{"footnotes":""},"categories":[37],"tags":[],"class_list":["post-62761","post","type-post","status-publish","format-standard","has-post-thumbnail","hentry","category-economia"],"jetpack_featured_media_url":"https:\/\/radiorevelacionfm.cl\/wp-content\/uploads\/2025\/12\/pib-regional-1_optimized-1.jpg","_links":{"self":[{"href":"https:\/\/radiorevelacionfm.cl\/index.php?rest_route=\/wp\/v2\/posts\/62761","targetHints":{"allow":["GET"]}}],"collection":[{"href":"https:\/\/radiorevelacionfm.cl\/index.php?rest_route=\/wp\/v2\/posts"}],"about":[{"href":"https:\/\/radiorevelacionfm.cl\/index.php?rest_route=\/wp\/v2\/types\/post"}],"author":[{"embeddable":true,"href":"https:\/\/radiorevelacionfm.cl\/index.php?rest_route=\/wp\/v2\/users\/1"}],"replies":[{"embeddable":true,"href":"https:\/\/radiorevelacionfm.cl\/index.php?rest_route=%2Fwp%2Fv2%2Fcomments&post=62761"}],"version-history":[{"count":2,"href":"https:\/\/radiorevelacionfm.cl\/index.php?rest_route=\/wp\/v2\/posts\/62761\/revisions"}],"predecessor-version":[{"id":62764,"href":"https:\/\/radiorevelacionfm.cl\/index.php?rest_route=\/wp\/v2\/posts\/62761\/revisions\/62764"}],"wp:featuredmedia":[{"embeddable":true,"href":"https:\/\/radiorevelacionfm.cl\/index.php?rest_route=\/wp\/v2\/media\/62762"}],"wp:attachment":[{"href":"https:\/\/radiorevelacionfm.cl\/index.php?rest_route=%2Fwp%2Fv2%2Fmedia&parent=62761"}],"wp:term":[{"taxonomy":"category","embeddable":true,"href":"https:\/\/radiorevelacionfm.cl\/index.php?rest_route=%2Fwp%2Fv2%2Fcategories&post=62761"},{"taxonomy":"post_tag","embeddable":true,"href":"https:\/\/radiorevelacionfm.cl\/index.php?rest_route=%2Fwp%2Fv2%2Ftags&post=62761"}],"curies":[{"name":"wp","href":"https:\/\/api.w.org\/{rel}","templated":true}]}}