{"id":62751,"date":"2025-12-23T16:24:07","date_gmt":"2025-12-23T19:24:07","guid":{"rendered":"https:\/\/radiorevelacionfm.cl\/?p=62751"},"modified":"2025-12-23T16:24:07","modified_gmt":"2025-12-23T19:24:07","slug":"relatos-autobiograficos-de-tortel-cochrane-y-coyhaique-son-premiados-en-concurso-literario-de-personas-mayores","status":"publish","type":"post","link":"https:\/\/radiorevelacionfm.cl\/?p=62751","title":{"rendered":"Relatos autobiogr\u00e1ficos de Tortel, Cochrane y Coyhaique son premiados en Concurso Literario de Personas Mayores"},"content":{"rendered":"<div class=\"flex_column av_one_full  flex_column_div av-zero-column-padding first  avia-builder-el-0  el_before_av_one_full  avia-builder-el-first  \" style='border-radius:0px; '><div  class='avia-image-container  av-styling-    avia-builder-el-1  avia-builder-el-no-sibling  avia-align-center '  itemprop=\"image\" itemscope=\"itemscope\" itemtype=\"https:\/\/schema.org\/ImageObject\"  ><div class='avia-image-container-inner'><div class='avia-image-overlay-wrap'><img decoding=\"async\" class='wp-image-62752 avia-img-lazy-loading-not-62752 avia_image' src=\"https:\/\/radiorevelacionfm.cl\/wp-content\/uploads\/2025\/12\/premiacion-1-1_optimized-1.jpeg\" alt='' title='premiaci\u00f3n-1-(1)_optimized (1)' height=\"600\" width=\"1110\"  itemprop=\"thumbnailUrl\" srcset=\"https:\/\/radiorevelacionfm.cl\/wp-content\/uploads\/2025\/12\/premiacion-1-1_optimized-1.jpeg 1110w, https:\/\/radiorevelacionfm.cl\/wp-content\/uploads\/2025\/12\/premiacion-1-1_optimized-1-300x162.jpeg 300w, https:\/\/radiorevelacionfm.cl\/wp-content\/uploads\/2025\/12\/premiacion-1-1_optimized-1-1030x557.jpeg 1030w, https:\/\/radiorevelacionfm.cl\/wp-content\/uploads\/2025\/12\/premiacion-1-1_optimized-1-768x415.jpeg 768w, https:\/\/radiorevelacionfm.cl\/wp-content\/uploads\/2025\/12\/premiacion-1-1_optimized-1-705x381.jpeg 705w, https:\/\/radiorevelacionfm.cl\/wp-content\/uploads\/2025\/12\/premiacion-1-1_optimized-1-450x243.jpeg 450w, https:\/\/radiorevelacionfm.cl\/wp-content\/uploads\/2025\/12\/premiacion-1-1_optimized-1-600x324.jpeg 600w\" sizes=\"(max-width: 1110px) 100vw, 1110px\" \/><\/div><\/div><\/div><\/div><div class=\"flex_column av_one_full  flex_column_div av-zero-column-padding first  avia-builder-el-2  el_after_av_one_full  el_before_av_one_full  column-top-margin\" style='border-radius:0px; '><section class=\"av_textblock_section \"  itemscope=\"itemscope\" itemtype=\"https:\/\/schema.org\/BlogPosting\" itemprop=\"blogPost\" ><div class='avia_textblock  '   itemprop=\"text\" ><p style=\"text-align: center;\"><strong><span style=\"font-size: 18pt;\">Relatos autobiogr\u00e1ficos de Tortel, Cochrane y Coyhaique son premiados en Concurso Literario de Personas Mayores<\/span><\/strong><\/p>\n<div id=\"gtx-trans\" style=\"position: absolute; left: -50px; top: 4.31534px;\">\n<div class=\"gtx-trans-icon\"><\/div>\n<\/div>\n<\/div><\/section><\/div><div class=\"flex_column av_one_full  flex_column_div av-zero-column-padding first  avia-builder-el-4  el_after_av_one_full  el_before_av_hr  column-top-margin\" style='border-radius:0px; '><section class=\"av_textblock_section \"  itemscope=\"itemscope\" itemtype=\"https:\/\/schema.org\/BlogPosting\" itemprop=\"blogPost\" ><div class='avia_textblock  '   itemprop=\"text\" ><p style=\"text-align: justify;\">Con una amplia participaci\u00f3n se llev\u00f3 a cabo en Coyhaique la Ceremonia de premiaci\u00f3n regional de la XI Edici\u00f3n del Concurso Literario Autobiogr\u00e1fico de Personas Mayores 2025, organizado por el Servicio Nacional de Adulto Mayor, Senama, instancia que pone en valor la creatividad, memoria y experiencia de las personas mayores.<\/p>\n<p style=\"text-align: justify;\">En esta versi\u00f3n\u00a0el concurso literario de Senama tuvo una orientaci\u00f3n dedicada a la conmemoraci\u00f3n de los 80 a\u00f1os que recibi\u00f3 el Premio Nobel Gabriela Mistral, es por ello que se invit\u00f3 a personas mayores que dedicaron su vida laboral al \u00e1rea de la educaci\u00f3n para que elaboraran un relato de su vida que incorporara los valores promovidos por la poetisa. Esta acci\u00f3n gener\u00f3 un aumento de participaci\u00f3n en relaci\u00f3n a a\u00f1os anteriores, teniendo un total de 36 relatos de diversos puntos de la regi\u00f3n.<\/p>\n<p style=\"text-align: justify;\">Al respecto Coordinadora regional de Senama Claudia Andaur detall\u00f3 que \u201ctriplicamos el n\u00famero de relatos presentados en la regi\u00f3n, as\u00ed que eso nos tiene s\u00faper contentos. Eso fue gracias a un trabajo que se hizo con bibliotecas, con municipios, con el Programa V\u00ednculos y recibimos relatos de muchas comunas como Cisnes, Cochrane, Chile Chico, Ib\u00e1\u00f1ez, donde tambi\u00e9n los profesionales de las comunas nos apoyaron en ese trabajo de talleres literarios para personas mayores, que fue el incentivo, el empujoncito que hizo que muchas personas mayores se atrevieran esta vez a concursar y presentar sus relatos\u201d.<\/p>\n<p style=\"text-align: justify;\">Felicitando la participaci\u00f3n y el aporte a la memoria regional a trav\u00e9s de sus relatos la Seremi de Desarrollo Social y Familia, Karina Acevedo complement\u00f3 que \u201cha sido tremendamente grato poder premiar y relevar la historia en este caso de tres mujeres: de Tortel, de Cochrane y de la ciudad de Coyhaique. Yo quiero invitarlos a que puedan a trav\u00e9s de estos concursos sumarse, leer, buscar los libros porque con eso estimulamos el espacio cognitivo de las personas mayores, nos integramos en la historia, nos escuchamos, nos vemos y adem\u00e1s compartimos la historia que ellos han vivido.\u00a0Para nosotros como Ministerio, nos motivan en promover el envejecimiento activo y saludable de nuestras personas mayores y junto a ello tenemos normativas distintas, hay un Servicio Nacional del Adulto Mayor que ha ido fortaleciendo y\u00a0robusteciendo\u00a0cada una de sus capacidades y sus l\u00edneas de trabajo\u201d recalc\u00f3.<\/p>\n<p style=\"text-align: justify;\">RELATOS QUE TRASCIENDEN<\/p>\n<p style=\"text-align: justify;\">3 fueron las representantes regionales que tuvieron una destacada participaci\u00f3n en este concurso, desde Tortel y con la primera menci\u00f3n honrosa Irma Guelet es la autora del poema \u201cRa\u00edces en el agua\u201d quien narra con gracia infantil el traslado familiar a una tierra definitiva llamada Tortel.<\/p>\n<p style=\"text-align: justify;\">Yolanda Mu\u00f1oz obtuvo la segunda Menci\u00f3n Honrosa con \u201cSoy la que sembr\u00f3 sin tierra y cosech\u00f3 hogar\u201d cr\u00f3nica autobiogr\u00e1fica que destaca por ser un manifiesto tenaz de la lucha y de sacrificio permanente de tantas mujeres que buscan estar mejor. Emocionada con el reconocimiento se\u00f1al\u00f3 \u201cNos motivaron, Nos ayudaron y me encant\u00f3, me gust\u00f3 contar mi historia, porque saqu\u00e9 algo de que ten\u00eda muy guardado de ni\u00f1ez cuando me fui al Baker. Invito a que se animen a contar su historia, porque hay unas muy lindas, entonces eso me gustar\u00eda que\u00a0mi gente del Baker se anime a contar su historia para que sus hijos, sus nietos, sus bisnietos, sepan lo que era la vida antes\u201d.<\/p>\n<p style=\"text-align: justify;\">Mar\u00eda Luisa L\u00f3pez fue la ganadora regional con \u201cLos cerros de Coyhaique\u201d, un relato conducido por la imaginaci\u00f3n infantil de retratar la geograf\u00eda m\u00e1s inmediata de la capital regional.<\/p>\n<p style=\"text-align: justify;\">Catalog\u00f3 como una experiencia enriquecedora participar \u201cnunca me imagin\u00e9 que el cuento iba a quedar seleccionado y me sent\u00ed sumamente orgullosa, por supuesto, y contenta. Es un est\u00edmulo a las personas que nos gusta expresar las cosas de manera escrita a seguir adelante. Y lo otro es\u00a0que\u00a0adem\u00e1s, tuvimos un taller que fue muy interesante, aprendimos cosas tambi\u00e9n, as\u00ed que todo eso nos va enriqueciendo, yo dir\u00eda que ha sido una experiencia enriquecedora\u201d.<\/p>\n<\/div><\/section><\/div><div  style='height:50px' class='hr hr-invisible   avia-builder-el-6  el_after_av_one_full  el_before_av_social_share '><span class='hr-inner ' ><span class='hr-inner-style'><\/span><\/span><\/div><\/p>\n<div  class='av-social-sharing-box  avia-builder-el-7  el_after_av_hr  el_before_av_hr  '><div class='av-share-box'><h5 class='av-share-link-description av-no-toc '>Compartir esta noticia<\/h5><ul class='av-share-box-list noLightbox'><li class='av-share-link av-social-link-facebook' ><a target=\"_blank\" aria-label=\"Compartir en Facebook\" href='https:\/\/www.facebook.com\/sharer.php?u=https:\/\/radiorevelacionfm.cl\/?p=62751&#038;t=Relatos%20autobiogr%C3%A1ficos%20de%20Tortel%2C%20Cochrane%20y%20Coyhaique%20son%20premiados%20en%20Concurso%20Literario%20de%20Personas%20Mayores' aria-hidden='false' data-av_icon='\ue8f3' data-av_iconfont='entypo-fontello' title='' data-avia-related-tooltip='Compartir en Facebook' rel=\"noopener\"><span class='avia_hidden_link_text'>Compartir en Facebook<\/span><\/a><\/li><li class='av-share-link av-social-link-twitter' ><a target=\"_blank\" aria-label=\"Compartir en Twitter\" href='https:\/\/twitter.com\/share?text=Relatos%20autobiogr%C3%A1ficos%20de%20Tortel%2C%20Cochrane%20y%20Coyhaique%20son%20premiados%20en%20Concurso%20Literario%20de%20Personas%20Mayores&#038;url=https:\/\/radiorevelacionfm.cl\/?p=62751' aria-hidden='false' data-av_icon='\ue8f1' data-av_iconfont='entypo-fontello' title='' data-avia-related-tooltip='Compartir en Twitter' rel=\"noopener\"><span class='avia_hidden_link_text'>Compartir en Twitter<\/span><\/a><\/li><li class='av-share-link av-social-link-whatsapp' ><a target=\"_blank\" aria-label=\"Compartir en Whatsapp\" href='https:\/\/api.whatsapp.com\/send?text=https:\/\/radiorevelacionfm.cl\/?p=62751' aria-hidden='false' data-av_icon='\uf232' data-av_iconfont='entypo-fontello' title='' data-avia-related-tooltip='Compartir en Whatsapp' rel=\"noopener\"><span class='avia_hidden_link_text'>Compartir en Whatsapp<\/span><\/a><\/li><li class='av-share-link av-social-link-linkedin' ><a target=\"_blank\" aria-label=\"Compartir en LinkedIn\" href='https:\/\/linkedin.com\/shareArticle?mini=true&#038;title=Relatos%20autobiogr%C3%A1ficos%20de%20Tortel%2C%20Cochrane%20y%20Coyhaique%20son%20premiados%20en%20Concurso%20Literario%20de%20Personas%20Mayores&#038;url=https:\/\/radiorevelacionfm.cl\/?p=62751' aria-hidden='false' data-av_icon='\ue8fc' data-av_iconfont='entypo-fontello' title='' data-avia-related-tooltip='Compartir en LinkedIn' rel=\"noopener\"><span class='avia_hidden_link_text'>Compartir en LinkedIn<\/span><\/a><\/li><li class='av-share-link av-social-link-mail' ><a  aria-label=\"Compartir por correo\" href='mailto:?subject=Relatos%20autobiogr%C3%A1ficos%20de%20Tortel%2C%20Cochrane%20y%20Coyhaique%20son%20premiados%20en%20Concurso%20Literario%20de%20Personas%20Mayores&#038;body=https:\/\/radiorevelacionfm.cl\/?p=62751' aria-hidden='false' data-av_icon='\ue805' data-av_iconfont='entypo-fontello' title='' data-avia-related-tooltip='Compartir por correo'><span class='avia_hidden_link_text'>Compartir por correo<\/span><\/a><\/li><\/ul><\/div><\/div>\n<div  style='height:50px' class='hr hr-invisible   avia-builder-el-8  el_after_av_social_share  el_before_av_comments_list '><span class='hr-inner ' ><span class='hr-inner-style'><\/span><\/span><\/div>\n<div  class='av-buildercomment  av-blog-meta-html-info-disabled av-blog-meta-tag-disabled  '><\/div>\n","protected":false},"excerpt":{"rendered":"","protected":false},"author":1,"featured_media":62752,"comment_status":"closed","ping_status":"closed","sticky":false,"template":"","format":"standard","meta":{"footnotes":""},"categories":[38],"tags":[],"class_list":["post-62751","post","type-post","status-publish","format-standard","has-post-thumbnail","hentry","category-regional"],"jetpack_featured_media_url":"https:\/\/radiorevelacionfm.cl\/wp-content\/uploads\/2025\/12\/premiacion-1-1_optimized-1.jpeg","_links":{"self":[{"href":"https:\/\/radiorevelacionfm.cl\/index.php?rest_route=\/wp\/v2\/posts\/62751","targetHints":{"allow":["GET"]}}],"collection":[{"href":"https:\/\/radiorevelacionfm.cl\/index.php?rest_route=\/wp\/v2\/posts"}],"about":[{"href":"https:\/\/radiorevelacionfm.cl\/index.php?rest_route=\/wp\/v2\/types\/post"}],"author":[{"embeddable":true,"href":"https:\/\/radiorevelacionfm.cl\/index.php?rest_route=\/wp\/v2\/users\/1"}],"replies":[{"embeddable":true,"href":"https:\/\/radiorevelacionfm.cl\/index.php?rest_route=%2Fwp%2Fv2%2Fcomments&post=62751"}],"version-history":[{"count":2,"href":"https:\/\/radiorevelacionfm.cl\/index.php?rest_route=\/wp\/v2\/posts\/62751\/revisions"}],"predecessor-version":[{"id":62754,"href":"https:\/\/radiorevelacionfm.cl\/index.php?rest_route=\/wp\/v2\/posts\/62751\/revisions\/62754"}],"wp:featuredmedia":[{"embeddable":true,"href":"https:\/\/radiorevelacionfm.cl\/index.php?rest_route=\/wp\/v2\/media\/62752"}],"wp:attachment":[{"href":"https:\/\/radiorevelacionfm.cl\/index.php?rest_route=%2Fwp%2Fv2%2Fmedia&parent=62751"}],"wp:term":[{"taxonomy":"category","embeddable":true,"href":"https:\/\/radiorevelacionfm.cl\/index.php?rest_route=%2Fwp%2Fv2%2Fcategories&post=62751"},{"taxonomy":"post_tag","embeddable":true,"href":"https:\/\/radiorevelacionfm.cl\/index.php?rest_route=%2Fwp%2Fv2%2Ftags&post=62751"}],"curies":[{"name":"wp","href":"https:\/\/api.w.org\/{rel}","templated":true}]}}