{"id":62738,"date":"2025-12-23T15:29:49","date_gmt":"2025-12-23T18:29:49","guid":{"rendered":"https:\/\/radiorevelacionfm.cl\/?p=62738"},"modified":"2025-12-23T15:29:49","modified_gmt":"2025-12-23T18:29:49","slug":"tres-anos-de-incubadora-ecoterraneo-innovacion-y-emprendimiento-florecen-en-aysen-de-la-mano-de-geogama","status":"publish","type":"post","link":"https:\/\/radiorevelacionfm.cl\/?p=62738","title":{"rendered":"Tres a\u00f1os de Incubadora Ecoterr\u00e1neo: Innovaci\u00f3n y emprendimiento florecen en Ays\u00e9n de la mano de GEOGAMA"},"content":{"rendered":"<div class=\"flex_column av_one_full  flex_column_div av-zero-column-padding first  avia-builder-el-0  el_before_av_one_full  avia-builder-el-first  \" style='border-radius:0px; '><div  class='avia-image-container  av-styling-    avia-builder-el-1  avia-builder-el-no-sibling  avia-align-center '  itemprop=\"image\" itemscope=\"itemscope\" itemtype=\"https:\/\/schema.org\/ImageObject\"  ><div class='avia-image-container-inner'><div class='avia-image-overlay-wrap'><img decoding=\"async\" class='wp-image-62739 avia-img-lazy-loading-not-62739 avia_image' src=\"https:\/\/radiorevelacionfm.cl\/wp-content\/uploads\/2025\/12\/captura-de-pantalla-2025-12-22-a-las-20_optimized_optimized.25.14-1-2-1-1.jpg\" alt='' title='captura-de-pantalla-2025-12-22-a-la(s)-20_optimized_optimized.25.14-(1)-(2)-(1) (1)' height=\"600\" width=\"973\"  itemprop=\"thumbnailUrl\" srcset=\"https:\/\/radiorevelacionfm.cl\/wp-content\/uploads\/2025\/12\/captura-de-pantalla-2025-12-22-a-las-20_optimized_optimized.25.14-1-2-1-1.jpg 973w, https:\/\/radiorevelacionfm.cl\/wp-content\/uploads\/2025\/12\/captura-de-pantalla-2025-12-22-a-las-20_optimized_optimized.25.14-1-2-1-1-300x185.jpg 300w, https:\/\/radiorevelacionfm.cl\/wp-content\/uploads\/2025\/12\/captura-de-pantalla-2025-12-22-a-las-20_optimized_optimized.25.14-1-2-1-1-768x474.jpg 768w, https:\/\/radiorevelacionfm.cl\/wp-content\/uploads\/2025\/12\/captura-de-pantalla-2025-12-22-a-las-20_optimized_optimized.25.14-1-2-1-1-705x435.jpg 705w, https:\/\/radiorevelacionfm.cl\/wp-content\/uploads\/2025\/12\/captura-de-pantalla-2025-12-22-a-las-20_optimized_optimized.25.14-1-2-1-1-450x277.jpg 450w, https:\/\/radiorevelacionfm.cl\/wp-content\/uploads\/2025\/12\/captura-de-pantalla-2025-12-22-a-las-20_optimized_optimized.25.14-1-2-1-1-600x370.jpg 600w\" sizes=\"(max-width: 973px) 100vw, 973px\" \/><\/div><\/div><\/div><\/div><div class=\"flex_column av_one_full  flex_column_div av-zero-column-padding first  avia-builder-el-2  el_after_av_one_full  el_before_av_one_full  column-top-margin\" style='border-radius:0px; '><section class=\"av_textblock_section \"  itemscope=\"itemscope\" itemtype=\"https:\/\/schema.org\/BlogPosting\" itemprop=\"blogPost\" ><div class='avia_textblock  '   itemprop=\"text\" ><p style=\"text-align: center;\"><strong><span style=\"font-size: 18pt;\">Tres a\u00f1os de Incubadora Ecoterr\u00e1neo: Innovaci\u00f3n y emprendimiento florecen en Ays\u00e9n de la mano de GEOGAMA<\/span><\/strong><\/p>\n<div id=\"gtx-trans\" style=\"position: absolute; left: -50px; top: 4.31534px;\">\n<div class=\"gtx-trans-icon\"><\/div>\n<\/div>\n<\/div><\/section><\/div><div class=\"flex_column av_one_full  flex_column_div av-zero-column-padding first  avia-builder-el-4  el_after_av_one_full  el_before_av_hr  column-top-margin\" style='border-radius:0px; '><section class=\"av_textblock_section \"  itemscope=\"itemscope\" itemtype=\"https:\/\/schema.org\/BlogPosting\" itemprop=\"blogPost\" ><div class='avia_textblock  '   itemprop=\"text\" ><p style=\"text-align: justify;\"><em>Hace poco m\u00e1s de tres a\u00f1os en Puerto Ays\u00e9n, naci\u00f3 Ecoterr\u00e1neo espacio dedicado al emprendimiento que evolucion\u00f3 para convertirse en la primera Incubadora de Negocios del territorio, impulsada por GEOGAMA y apoyada por CORFO. <\/em><\/p>\n<p style=\"text-align: justify;\">\u00bfEl objetivo?: crear oportunidades para emprendedores locales en un espacio geogr\u00e1fico marcado fuertemente por la distancia y la complejidad log\u00edstica. Lo que comenz\u00f3 como un proyecto piloto se transform\u00f3 en una robusta plataforma que hoy conecta innovaci\u00f3n, sostenibilidad y desarrollo econ\u00f3mico en nuestra regi\u00f3n.<\/p>\n<p style=\"text-align: justify;\">Recientemente se realiz\u00f3 el hito de cierre de los primeros 3 a\u00f1os de la Incubadora de Negocios Ecoterr\u00e1neo, momento donde se dieron cita autoridades, actores del ecosistema emprendedor y la totalidad del equipo humano liderado por Christian Haeger, CEO de GEOGAMA, quien manifest\u00f3 que: \u201cEstamos orgullosos porque finalmente es una decisi\u00f3n de la compa\u00f1\u00eda tomar este tremendo proyecto, desarrollarlo e ir vi\u00e9ndolo crecer d\u00eda a d\u00eda. Estamos realmente orgullosos y creemos que este ser\u00e1 el inicio de una segunda etapa llena de \u00e9xitos para nuestra querida regi\u00f3n\u201d.<\/p>\n<p style=\"text-align: justify;\">Desde sus inicios Ecoterr\u00e1neo ha acompa\u00f1ado a decenas de emprendedores que buscan transformar sus ideas de negocios en iniciativas autosustentables, enfocados siempre en el respeto por el entorno natural y el fortalecimiento de la econom\u00eda local. Mediante talleres, mentor\u00edas y redes de colaboraci\u00f3n, la incubadora ha logrado en 3 a\u00f1os, potenciar proyectos que aprovechando los recursos locales y promoviendo pr\u00e1cticas responsables, han generado un impacto ampliamente positivo. En este contexto la Gerente de Ecoterr\u00e1neo, Marcela Vidal relev\u00f3 el impacto y cobertura alcanzada por la incubadora: \u201cEstamos felices de culminar esta primera etapa de tres a\u00f1os siendo la primera incubadora de la Regi\u00f3n de Ays\u00e9n. Adem\u00e1s, orgullosos de haber compartido con m\u00e1s de 150 emprendedores a lo largo de tres a\u00f1os. Haber crecido en cobertura regional abarcando Puerto Ays\u00e9n, Coyhaique, Puerto Cisnes y hasta Villa O\u2019Higgins, por tanto\u00a0 estamos contentos de poder continuar otros tres a\u00f1os m\u00e1s aportando al ecosistema de emprendimiento e innovaci\u00f3n de la Regi\u00f3n de Ays\u00e9n\u201d.<\/p>\n<p style=\"text-align: justify;\">El apoyo de CORFO, ha sido un factor determinante en el crecimiento y desarrollo de esta iniciativa y en ese contexto, Paula Rocamora, Directora de Comunicaciones y miembro hist\u00f3rico de GEOGAMA, puntualiz\u00f3 que: \u201cEn GEOGAMA, empresa de base cient\u00edfica tecnol\u00f3gica creemos firmemente en la innovaci\u00f3n y el desarrollo sostenible. Por eso, el apoyo de CORFO ha sido fundamental para impulsar esta incubadora, permiti\u00e9ndonos crecer, fortalecer nuestras capacidades y contribuir al desarrollo del ecosistema del emprendimiento en Ays\u00e9n.\u00a0 Gracias a CORFO,\u00a0 podemos seguir avanzando y generando m\u00e1s oportunidades para las y los emprendedores de Ays\u00e9n, con 3 a\u00f1os m\u00e1s de Incubadora, lo que por supuesto nos permite cerrar este 2025 y abrir el 2026, con la intenci\u00f3n de seguir creciendo y aportando\u201d.<\/p>\n<p style=\"text-align: justify;\">En relaci\u00f3n a la continuidad, la incubadora seguir\u00e1 abriendo caminos y es as\u00ed como hoy proyectan el trabajo que se realizar\u00e1 por los pr\u00f3ximos tres a\u00f1os, ya que han recibido el apoyo de CORFO para una segunda etapa, la que traer\u00e1 consigo mayor presencia regional, como as\u00ed tambi\u00e9n nuevas y mejores oportunidades para el ecosistema del emprendimiento regional.<\/p>\n<p style=\"text-align: justify;\">La Senadora Ximena \u00d3rdenes Neira, estuvo presente en la ceremonia de cierre de esta primera etapa, donde manifest\u00f3 que: \u201cEste es un momento bien significativo, primero porque hay historia, hay emprendedores y emprendedoras que a trav\u00e9s de Ecoterr\u00e1neo que es una incubadora de Ays\u00e9n y que tiene sello regional, existe una propuesta para crear un ecosistema de innovaci\u00f3n y potenciar el desarrollo productivo a trav\u00e9s del emprendimiento. Hoy, ya con una historia, un recorrido y un periodo de 3 a\u00f1os de trabajo realizado, demuestran que hay un prop\u00f3sito com\u00fan; crecer y desarrollarnos\u201d.<\/p>\n<p style=\"text-align: justify;\">Por su parte, Nayareth Medina participante de la incubadora relev\u00f3 parte de su experiencia en Ecoterr\u00e1neo relevando que: \u201cEl equipo humano de Ecoterr\u00e1neo es muy profesional; te ense\u00f1an y orientan, hacen talleres e incluso ayudan a postular a proyectos. Esta experiencia es muy beneficiosa para quienes estamos comenzando, por tanto estoy muy agradecida de haber participado durante este a\u00f1o\u201d.<\/p>\n<p style=\"text-align: justify;\">En el presente, la Incubadora Ecoterr\u00e1neo se ha consolidado como un referente en el apoyo al emprendimiento en zonas extremas, demostrando que la innovaci\u00f3n puede florecer incluso en los lugares m\u00e1s apartados del pa\u00eds. No solo impulsando negocios, sino que construyendo comunidad y generando impacto econ\u00f3mico y social. De este modo el enfoque de esta nueva etapa que comienza el 2026 y que ser\u00e1 apoyada por Corfo por los pr\u00f3ximos 3 a\u00f1os, estar\u00e1 orientada a la sostenibilidad y la innovaci\u00f3n en emprendimientos regionales, aline\u00e1ndose estrat\u00e9gicamente con los objetivos que mueven al pa\u00eds y al mundo en la actualidad. Todo lo anterior, es posible gracias al compromiso de GEOGAMA y el trabajo conjunto con instituciones p\u00fablicas y privadas, que hacen posible que esta historia se siga escribiendo.<\/p>\n<\/div><\/section><\/div><div  style='height:50px' class='hr hr-invisible   avia-builder-el-6  el_after_av_one_full  el_before_av_social_share '><span class='hr-inner ' ><span class='hr-inner-style'><\/span><\/span><\/div><\/p>\n<div  class='av-social-sharing-box  avia-builder-el-7  el_after_av_hr  el_before_av_hr  '><div class='av-share-box'><h5 class='av-share-link-description av-no-toc '>Compartir esta noticia<\/h5><ul class='av-share-box-list noLightbox'><li class='av-share-link av-social-link-facebook' ><a target=\"_blank\" aria-label=\"Compartir en Facebook\" href='https:\/\/www.facebook.com\/sharer.php?u=https:\/\/radiorevelacionfm.cl\/?p=62738&#038;t=Tres%20a%C3%B1os%20de%20Incubadora%20Ecoterr%C3%A1neo%3A%20Innovaci%C3%B3n%20y%20emprendimiento%20florecen%20en%20Ays%C3%A9n%20de%20la%20mano%20de%20GEOGAMA' aria-hidden='false' data-av_icon='\ue8f3' data-av_iconfont='entypo-fontello' title='' data-avia-related-tooltip='Compartir en Facebook' rel=\"noopener\"><span class='avia_hidden_link_text'>Compartir en Facebook<\/span><\/a><\/li><li class='av-share-link av-social-link-twitter' ><a target=\"_blank\" aria-label=\"Compartir en Twitter\" href='https:\/\/twitter.com\/share?text=Tres%20a%C3%B1os%20de%20Incubadora%20Ecoterr%C3%A1neo%3A%20Innovaci%C3%B3n%20y%20emprendimiento%20florecen%20en%20Ays%C3%A9n%20de%20la%20mano%20de%20GEOGAMA&#038;url=https:\/\/radiorevelacionfm.cl\/?p=62738' aria-hidden='false' data-av_icon='\ue8f1' data-av_iconfont='entypo-fontello' title='' data-avia-related-tooltip='Compartir en Twitter' rel=\"noopener\"><span class='avia_hidden_link_text'>Compartir en Twitter<\/span><\/a><\/li><li class='av-share-link av-social-link-whatsapp' ><a target=\"_blank\" aria-label=\"Compartir en Whatsapp\" href='https:\/\/api.whatsapp.com\/send?text=https:\/\/radiorevelacionfm.cl\/?p=62738' aria-hidden='false' data-av_icon='\uf232' data-av_iconfont='entypo-fontello' title='' data-avia-related-tooltip='Compartir en Whatsapp' rel=\"noopener\"><span class='avia_hidden_link_text'>Compartir en Whatsapp<\/span><\/a><\/li><li class='av-share-link av-social-link-linkedin' ><a target=\"_blank\" aria-label=\"Compartir en LinkedIn\" href='https:\/\/linkedin.com\/shareArticle?mini=true&#038;title=Tres%20a%C3%B1os%20de%20Incubadora%20Ecoterr%C3%A1neo%3A%20Innovaci%C3%B3n%20y%20emprendimiento%20florecen%20en%20Ays%C3%A9n%20de%20la%20mano%20de%20GEOGAMA&#038;url=https:\/\/radiorevelacionfm.cl\/?p=62738' aria-hidden='false' data-av_icon='\ue8fc' data-av_iconfont='entypo-fontello' title='' data-avia-related-tooltip='Compartir en LinkedIn' rel=\"noopener\"><span class='avia_hidden_link_text'>Compartir en LinkedIn<\/span><\/a><\/li><li class='av-share-link av-social-link-mail' ><a  aria-label=\"Compartir por correo\" href='mailto:?subject=Tres%20a%C3%B1os%20de%20Incubadora%20Ecoterr%C3%A1neo%3A%20Innovaci%C3%B3n%20y%20emprendimiento%20florecen%20en%20Ays%C3%A9n%20de%20la%20mano%20de%20GEOGAMA&#038;body=https:\/\/radiorevelacionfm.cl\/?p=62738' aria-hidden='false' data-av_icon='\ue805' data-av_iconfont='entypo-fontello' title='' data-avia-related-tooltip='Compartir por correo'><span class='avia_hidden_link_text'>Compartir por correo<\/span><\/a><\/li><\/ul><\/div><\/div>\n<div  style='height:50px' class='hr hr-invisible   avia-builder-el-8  el_after_av_social_share  el_before_av_comments_list '><span class='hr-inner ' ><span class='hr-inner-style'><\/span><\/span><\/div>\n<div  class='av-buildercomment  av-blog-meta-html-info-disabled av-blog-meta-tag-disabled  '><\/div>\n","protected":false},"excerpt":{"rendered":"","protected":false},"author":1,"featured_media":62739,"comment_status":"closed","ping_status":"closed","sticky":false,"template":"","format":"standard","meta":{"footnotes":""},"categories":[38],"tags":[],"class_list":["post-62738","post","type-post","status-publish","format-standard","has-post-thumbnail","hentry","category-regional"],"jetpack_featured_media_url":"https:\/\/radiorevelacionfm.cl\/wp-content\/uploads\/2025\/12\/captura-de-pantalla-2025-12-22-a-las-20_optimized_optimized.25.14-1-2-1-1.jpg","_links":{"self":[{"href":"https:\/\/radiorevelacionfm.cl\/index.php?rest_route=\/wp\/v2\/posts\/62738","targetHints":{"allow":["GET"]}}],"collection":[{"href":"https:\/\/radiorevelacionfm.cl\/index.php?rest_route=\/wp\/v2\/posts"}],"about":[{"href":"https:\/\/radiorevelacionfm.cl\/index.php?rest_route=\/wp\/v2\/types\/post"}],"author":[{"embeddable":true,"href":"https:\/\/radiorevelacionfm.cl\/index.php?rest_route=\/wp\/v2\/users\/1"}],"replies":[{"embeddable":true,"href":"https:\/\/radiorevelacionfm.cl\/index.php?rest_route=%2Fwp%2Fv2%2Fcomments&post=62738"}],"version-history":[{"count":2,"href":"https:\/\/radiorevelacionfm.cl\/index.php?rest_route=\/wp\/v2\/posts\/62738\/revisions"}],"predecessor-version":[{"id":62745,"href":"https:\/\/radiorevelacionfm.cl\/index.php?rest_route=\/wp\/v2\/posts\/62738\/revisions\/62745"}],"wp:featuredmedia":[{"embeddable":true,"href":"https:\/\/radiorevelacionfm.cl\/index.php?rest_route=\/wp\/v2\/media\/62739"}],"wp:attachment":[{"href":"https:\/\/radiorevelacionfm.cl\/index.php?rest_route=%2Fwp%2Fv2%2Fmedia&parent=62738"}],"wp:term":[{"taxonomy":"category","embeddable":true,"href":"https:\/\/radiorevelacionfm.cl\/index.php?rest_route=%2Fwp%2Fv2%2Fcategories&post=62738"},{"taxonomy":"post_tag","embeddable":true,"href":"https:\/\/radiorevelacionfm.cl\/index.php?rest_route=%2Fwp%2Fv2%2Ftags&post=62738"}],"curies":[{"name":"wp","href":"https:\/\/api.w.org\/{rel}","templated":true}]}}