{"id":62735,"date":"2025-12-23T16:02:45","date_gmt":"2025-12-23T19:02:45","guid":{"rendered":"https:\/\/radiorevelacionfm.cl\/?p=62735"},"modified":"2025-12-23T16:02:45","modified_gmt":"2025-12-23T19:02:45","slug":"coyhaique-prensa-regional-participo-en-jornada-explicativa-sobre-comisiones-de-libertad-condicional","status":"publish","type":"post","link":"https:\/\/radiorevelacionfm.cl\/?p=62735","title":{"rendered":"Coyhaique: prensa regional particip\u00f3 en jornada explicativa sobre comisiones de libertad condicional"},"content":{"rendered":"<div class=\"flex_column av_one_full  flex_column_div av-zero-column-padding first  avia-builder-el-0  el_before_av_one_full  avia-builder-el-first  \" style='border-radius:0px; '><div  class='avia-image-container  av-styling-    avia-builder-el-1  avia-builder-el-no-sibling  avia-align-center '  itemprop=\"image\" itemscope=\"itemscope\" itemtype=\"https:\/\/schema.org\/ImageObject\"  ><div class='avia-image-container-inner'><div class='avia-image-overlay-wrap'><img decoding=\"async\" class='wp-image-62736 avia-img-lazy-loading-not-62736 avia_image' src=\"https:\/\/radiorevelacionfm.cl\/wp-content\/uploads\/2025\/12\/foto-02-5-1_optimized.jpeg\" alt='' title='foto-02-(5)-(1)_optimized' height=\"600\" width=\"900\"  itemprop=\"thumbnailUrl\" srcset=\"https:\/\/radiorevelacionfm.cl\/wp-content\/uploads\/2025\/12\/foto-02-5-1_optimized.jpeg 900w, https:\/\/radiorevelacionfm.cl\/wp-content\/uploads\/2025\/12\/foto-02-5-1_optimized-300x200.jpeg 300w, https:\/\/radiorevelacionfm.cl\/wp-content\/uploads\/2025\/12\/foto-02-5-1_optimized-768x512.jpeg 768w, https:\/\/radiorevelacionfm.cl\/wp-content\/uploads\/2025\/12\/foto-02-5-1_optimized-705x470.jpeg 705w, https:\/\/radiorevelacionfm.cl\/wp-content\/uploads\/2025\/12\/foto-02-5-1_optimized-450x300.jpeg 450w, https:\/\/radiorevelacionfm.cl\/wp-content\/uploads\/2025\/12\/foto-02-5-1_optimized-600x400.jpeg 600w\" sizes=\"(max-width: 900px) 100vw, 900px\" \/><\/div><\/div><\/div><\/div><div class=\"flex_column av_one_full  flex_column_div av-zero-column-padding first  avia-builder-el-2  el_after_av_one_full  el_before_av_one_full  column-top-margin\" style='border-radius:0px; '><section class=\"av_textblock_section \"  itemscope=\"itemscope\" itemtype=\"https:\/\/schema.org\/BlogPosting\" itemprop=\"blogPost\" ><div class='avia_textblock  '   itemprop=\"text\" ><p style=\"text-align: center;\"><span style=\"font-size: 18pt;\"><b>Coyhaique: prensa regional particip\u00f3 en jornada explicativa sobre comisiones de libertad condicional<\/b><\/span><\/p>\n<div id=\"gtx-trans\" style=\"position: absolute; left: -50px; top: 4.31534px;\">\n<div class=\"gtx-trans-icon\"><\/div>\n<\/div>\n<\/div><\/section><\/div><div class=\"flex_column av_one_full  flex_column_div av-zero-column-padding first  avia-builder-el-4  el_after_av_one_full  el_before_av_hr  column-top-margin\" style='border-radius:0px; '><section class=\"av_textblock_section \"  itemscope=\"itemscope\" itemtype=\"https:\/\/schema.org\/BlogPosting\" itemprop=\"blogPost\" ><div class='avia_textblock  '   itemprop=\"text\" ><p style=\"font-weight: 400; text-align: justify;\">En dependencias de la Corte de Apelaciones de Coyhaique se desarroll\u00f3, el pasado viernes 19 de diciembre, una jornada de conversaci\u00f3n dirigida a medios de comunicaci\u00f3n de la regi\u00f3n de Ays\u00e9n, instancia orientada a profundizar en el funcionamiento de las comisiones de libertad condicional, sus requisitos legales y el rol que cumplen los distintos actores del sistema penal.<\/p>\n<p style=\"font-weight: 400; text-align: justify;\">La actividad fue organizada por la Direcci\u00f3n de Comunicaciones del Poder Judicial, con el apoyo del tribunal de alzada, y fue encabezada por el magistrado Mario Devaud Ojeda, del Juzgado de Garant\u00eda de Coyhaique, quien expuso los principales aspectos del Decreto Ley 321, normativa que regula la libertad condicional en Chile desde 1925, as\u00ed como sus modificaciones m\u00e1s recientes.<\/p>\n<p style=\"font-weight: 400; text-align: justify;\">Durante la jornada se explic\u00f3 que la libertad condicional es un beneficio penitenciario que no extingue ni reduce la pena, sino que constituye una forma especial de cumplimiento en libertad, sujeta a estrictos requisitos y a la supervisi\u00f3n de Gendarmer\u00eda de Chile. Asimismo, se detall\u00f3 que toda persona condenada a una pena privativa de libertad superior a un a\u00f1o puede postular al beneficio, siempre que cumpla con exigencias como el tiempo m\u00ednimo de cumplimiento de condena, conducta intachable y la presentaci\u00f3n de un informe psicosocial elaborado por equipos t\u00e9cnicos especializados.<\/p>\n<p style=\"font-weight: 400; text-align: justify;\">El magistrado tambi\u00e9n abord\u00f3 las diferencias de requisitos seg\u00fan el tipo de delito, explicando que, en los casos de cr\u00edmenes m\u00e1s graves, la ley exige el cumplimiento de dos tercios de la pena o plazos especiales en condenas a presidio perpetuo, adem\u00e1s de condiciones adicionales en situaciones como cr\u00edmenes de lesa humanidad o delitos especialmente calificados.<\/p>\n<p style=\"font-weight: 400; text-align: justify;\">Otro de los puntos centrales del conversatorio fue el funcionamiento de las Comisiones de Libertad Condicional, su integraci\u00f3n \u2014presididas por un ministro de Corte de Apelaciones y conformadas por jueces penales\u2014, los per\u00edodos en que sesionan y las facultades que les otorga la ley, incluyendo la concesi\u00f3n, el rechazo o la revocaci\u00f3n del beneficio. En este contexto, se relev\u00f3 tambi\u00e9n el derecho de las v\u00edctimas a ser notificadas y a presentar observaciones, aspecto que ha sido objeto de especial atenci\u00f3n jurisprudencial en los \u00faltimos a\u00f1os.<\/p>\n<p style=\"font-weight: 400; text-align: justify;\">En la actividad participaron representantes de medios de comunicaci\u00f3n de Coyhaique, Puerto Ays\u00e9n y Chile Chico. Asimismo, estuvo presente el abogado penalista Sebasti\u00e1n Lagos Vera, quien complement\u00f3 la exposici\u00f3n con su experiencia profesional, aportando al an\u00e1lisis y a la resoluci\u00f3n de consultas planteadas por los asistentes.<\/p>\n<\/div><\/section><\/div><div  style='height:50px' class='hr hr-invisible   avia-builder-el-6  el_after_av_one_full  el_before_av_social_share '><span class='hr-inner ' ><span class='hr-inner-style'><\/span><\/span><\/div><\/p>\n<div  class='av-social-sharing-box  avia-builder-el-7  el_after_av_hr  el_before_av_hr  '><div class='av-share-box'><h5 class='av-share-link-description av-no-toc '>Compartir esta noticia<\/h5><ul class='av-share-box-list noLightbox'><li class='av-share-link av-social-link-facebook' ><a target=\"_blank\" aria-label=\"Compartir en Facebook\" href='https:\/\/www.facebook.com\/sharer.php?u=https:\/\/radiorevelacionfm.cl\/?p=62735&#038;t=Coyhaique%3A%20prensa%20regional%20particip%C3%B3%20en%20jornada%20explicativa%20sobre%20comisiones%20de%20libertad%20condicional' aria-hidden='false' data-av_icon='\ue8f3' data-av_iconfont='entypo-fontello' title='' data-avia-related-tooltip='Compartir en Facebook' rel=\"noopener\"><span class='avia_hidden_link_text'>Compartir en Facebook<\/span><\/a><\/li><li class='av-share-link av-social-link-twitter' ><a target=\"_blank\" aria-label=\"Compartir en Twitter\" href='https:\/\/twitter.com\/share?text=Coyhaique%3A%20prensa%20regional%20particip%C3%B3%20en%20jornada%20explicativa%20sobre%20comisiones%20de%20libertad%20condicional&#038;url=https:\/\/radiorevelacionfm.cl\/?p=62735' aria-hidden='false' data-av_icon='\ue8f1' data-av_iconfont='entypo-fontello' title='' data-avia-related-tooltip='Compartir en Twitter' rel=\"noopener\"><span class='avia_hidden_link_text'>Compartir en Twitter<\/span><\/a><\/li><li class='av-share-link av-social-link-whatsapp' ><a target=\"_blank\" aria-label=\"Compartir en Whatsapp\" href='https:\/\/api.whatsapp.com\/send?text=https:\/\/radiorevelacionfm.cl\/?p=62735' aria-hidden='false' data-av_icon='\uf232' data-av_iconfont='entypo-fontello' title='' data-avia-related-tooltip='Compartir en Whatsapp' rel=\"noopener\"><span class='avia_hidden_link_text'>Compartir en Whatsapp<\/span><\/a><\/li><li class='av-share-link av-social-link-linkedin' ><a target=\"_blank\" aria-label=\"Compartir en LinkedIn\" href='https:\/\/linkedin.com\/shareArticle?mini=true&#038;title=Coyhaique%3A%20prensa%20regional%20particip%C3%B3%20en%20jornada%20explicativa%20sobre%20comisiones%20de%20libertad%20condicional&#038;url=https:\/\/radiorevelacionfm.cl\/?p=62735' aria-hidden='false' data-av_icon='\ue8fc' data-av_iconfont='entypo-fontello' title='' data-avia-related-tooltip='Compartir en LinkedIn' rel=\"noopener\"><span class='avia_hidden_link_text'>Compartir en LinkedIn<\/span><\/a><\/li><li class='av-share-link av-social-link-mail' ><a  aria-label=\"Compartir por correo\" href='mailto:?subject=Coyhaique%3A%20prensa%20regional%20particip%C3%B3%20en%20jornada%20explicativa%20sobre%20comisiones%20de%20libertad%20condicional&#038;body=https:\/\/radiorevelacionfm.cl\/?p=62735' aria-hidden='false' data-av_icon='\ue805' data-av_iconfont='entypo-fontello' title='' data-avia-related-tooltip='Compartir por correo'><span class='avia_hidden_link_text'>Compartir por correo<\/span><\/a><\/li><\/ul><\/div><\/div>\n<div  style='height:50px' class='hr hr-invisible   avia-builder-el-8  el_after_av_social_share  el_before_av_comments_list '><span class='hr-inner ' ><span class='hr-inner-style'><\/span><\/span><\/div>\n<div  class='av-buildercomment  av-blog-meta-html-info-disabled av-blog-meta-tag-disabled  '><\/div>\n","protected":false},"excerpt":{"rendered":"","protected":false},"author":1,"featured_media":62736,"comment_status":"closed","ping_status":"closed","sticky":false,"template":"","format":"standard","meta":{"footnotes":""},"categories":[55],"tags":[],"class_list":["post-62735","post","type-post","status-publish","format-standard","has-post-thumbnail","hentry","category-justicia"],"jetpack_featured_media_url":"https:\/\/radiorevelacionfm.cl\/wp-content\/uploads\/2025\/12\/foto-02-5-1_optimized.jpeg","_links":{"self":[{"href":"https:\/\/radiorevelacionfm.cl\/index.php?rest_route=\/wp\/v2\/posts\/62735","targetHints":{"allow":["GET"]}}],"collection":[{"href":"https:\/\/radiorevelacionfm.cl\/index.php?rest_route=\/wp\/v2\/posts"}],"about":[{"href":"https:\/\/radiorevelacionfm.cl\/index.php?rest_route=\/wp\/v2\/types\/post"}],"author":[{"embeddable":true,"href":"https:\/\/radiorevelacionfm.cl\/index.php?rest_route=\/wp\/v2\/users\/1"}],"replies":[{"embeddable":true,"href":"https:\/\/radiorevelacionfm.cl\/index.php?rest_route=%2Fwp%2Fv2%2Fcomments&post=62735"}],"version-history":[{"count":2,"href":"https:\/\/radiorevelacionfm.cl\/index.php?rest_route=\/wp\/v2\/posts\/62735\/revisions"}],"predecessor-version":[{"id":62746,"href":"https:\/\/radiorevelacionfm.cl\/index.php?rest_route=\/wp\/v2\/posts\/62735\/revisions\/62746"}],"wp:featuredmedia":[{"embeddable":true,"href":"https:\/\/radiorevelacionfm.cl\/index.php?rest_route=\/wp\/v2\/media\/62736"}],"wp:attachment":[{"href":"https:\/\/radiorevelacionfm.cl\/index.php?rest_route=%2Fwp%2Fv2%2Fmedia&parent=62735"}],"wp:term":[{"taxonomy":"category","embeddable":true,"href":"https:\/\/radiorevelacionfm.cl\/index.php?rest_route=%2Fwp%2Fv2%2Fcategories&post=62735"},{"taxonomy":"post_tag","embeddable":true,"href":"https:\/\/radiorevelacionfm.cl\/index.php?rest_route=%2Fwp%2Fv2%2Ftags&post=62735"}],"curies":[{"name":"wp","href":"https:\/\/api.w.org\/{rel}","templated":true}]}}