{"id":62729,"date":"2025-12-23T09:33:13","date_gmt":"2025-12-23T12:33:13","guid":{"rendered":"https:\/\/radiorevelacionfm.cl\/?p=62729"},"modified":"2025-12-23T09:33:13","modified_gmt":"2025-12-23T12:33:13","slug":"liceo-politecnico-licencia-a-10-alumnos-al-interior-del-cdp-de-puerto-aysen","status":"publish","type":"post","link":"https:\/\/radiorevelacionfm.cl\/?p=62729","title":{"rendered":"Liceo Polit\u00e9cnico licencia a 10 alumnos al interior del CDP de Puerto Ays\u00e9n"},"content":{"rendered":"<div class=\"flex_column av_one_full  flex_column_div av-zero-column-padding first  avia-builder-el-0  el_before_av_one_full  avia-builder-el-first  \" style='border-radius:0px; '><div  class='avia-image-container  av-styling-    avia-builder-el-1  avia-builder-el-no-sibling  avia-align-center '  itemprop=\"image\" itemscope=\"itemscope\" itemtype=\"https:\/\/schema.org\/ImageObject\"  ><div class='avia-image-container-inner'><div class='avia-image-overlay-wrap'><img decoding=\"async\" class='wp-image-62730 avia-img-lazy-loading-not-62730 avia_image' src=\"https:\/\/radiorevelacionfm.cl\/wp-content\/uploads\/2025\/12\/licenciatura-1-2-1-1-1.jpg\" alt='' title='licenciatura 1 (2) (1) (1) (1)' height=\"600\" width=\"900\"  itemprop=\"thumbnailUrl\" srcset=\"https:\/\/radiorevelacionfm.cl\/wp-content\/uploads\/2025\/12\/licenciatura-1-2-1-1-1.jpg 900w, https:\/\/radiorevelacionfm.cl\/wp-content\/uploads\/2025\/12\/licenciatura-1-2-1-1-1-300x200.jpg 300w, https:\/\/radiorevelacionfm.cl\/wp-content\/uploads\/2025\/12\/licenciatura-1-2-1-1-1-768x512.jpg 768w, https:\/\/radiorevelacionfm.cl\/wp-content\/uploads\/2025\/12\/licenciatura-1-2-1-1-1-705x470.jpg 705w, https:\/\/radiorevelacionfm.cl\/wp-content\/uploads\/2025\/12\/licenciatura-1-2-1-1-1-450x300.jpg 450w, https:\/\/radiorevelacionfm.cl\/wp-content\/uploads\/2025\/12\/licenciatura-1-2-1-1-1-600x400.jpg 600w\" sizes=\"(max-width: 900px) 100vw, 900px\" \/><\/div><\/div><\/div><\/div><div class=\"flex_column av_one_full  flex_column_div av-zero-column-padding first  avia-builder-el-2  el_after_av_one_full  el_before_av_one_full  column-top-margin\" style='border-radius:0px; '><section class=\"av_textblock_section \"  itemscope=\"itemscope\" itemtype=\"https:\/\/schema.org\/BlogPosting\" itemprop=\"blogPost\" ><div class='avia_textblock  '   itemprop=\"text\" ><p style=\"text-align: center;\"><strong><span style=\"font-size: 18pt;\">Liceo Polit\u00e9cnico licencia a 10 alumnos al interior del CDP de Puerto Ays\u00e9n<\/span><\/strong><\/p>\n<div id=\"gtx-trans\" style=\"position: absolute; left: -50px; top: 4.31534px;\">\n<div class=\"gtx-trans-icon\"><\/div>\n<\/div>\n<\/div><\/section><\/div><div class=\"flex_column av_one_full  flex_column_div av-zero-column-padding first  avia-builder-el-4  el_after_av_one_full  el_before_av_hr  column-top-margin\" style='border-radius:0px; '><section class=\"av_textblock_section \"  itemscope=\"itemscope\" itemtype=\"https:\/\/schema.org\/BlogPosting\" itemprop=\"blogPost\" ><div class='avia_textblock  '   itemprop=\"text\" ><p style=\"text-align: justify;\">La semana reci\u00e9n pasada en dependencias del Centro de Detenci\u00f3n Preventiva de Puerto Ays\u00e9n, se llev\u00f3 a cabo la ceremonia de licenciatura por parte del Liceo Polit\u00e9cnico, instancia en que 10 estudiantes recibieron su licencia de ense\u00f1anza media.<\/p>\n<p style=\"text-align: justify;\">La actividad fue encabezada por el seremi de Justicia y Derechos Humanos Samuel Navarro, la directora del liceo polit\u00e9cnico de Puerto Ays\u00e9n Yoselin Viveros, cuerpo docente, familiares e invitados especiales.<\/p>\n<p style=\"text-align: justify;\">Uno de los alumnos licenciados se refiri\u00f3 a este especial momento indicando \u201cquiero agradecer a mis compa\u00f1eros, profesores y funcionarios por estar ac\u00e1 el d\u00eda de hoy en este lugar, ha sido un desaf\u00edo pero tambi\u00e9n una oportunidad para poder aprender a crecer, agradezco a mis familiares por su apoyo incondicional y constante, a mis compa\u00f1eros les deseo fuerza y perseverancia, a todos gracias por ser parte de este camino, no olvidemos que la educaci\u00f3n es un camino que no solo abre puertas, sino que tambi\u00e9n ayuda a escoger, a tomar buenas decisiones y valorar cada momento importante en nuestras vidas, un especial saludo a los profesores que con su constancia y apoyo no dejaron de ense\u00f1arnos y guiarnos por este camino de aprendizaje y reconocimiento personal\u201d.<\/p>\n<p style=\"text-align: justify;\">Respecto a la finalizaci\u00f3n de las actividades acad\u00e9micas, la directora del liceo polit\u00e9cnico de Puerto Ays\u00e9n, Yoselin Viveros indic\u00f3 que \u201cdentro de todas las ceremonias de licenciatura\u00a0 que hemos tenido este a\u00f1o, sin duda \u00e9sta es la mas emocionante, tiene una carga importante de sentimientos para las familias, pero tambi\u00e9n para las personas que est\u00e1n privadas de libertad, porque sin lugar a dudas nosotros le estamos entregando la oportunidad que les corresponde tambi\u00e9n que es el derecho a la educaci\u00f3n, por lo tanto que ellos culminen esta etapa tambi\u00e9n les permite que el d\u00eda de ma\u00f1ana cuando puedan salir, puedan reinsertarse en la sociedad ya de manera positiva, efectivamente educaci\u00f3n tiene un desaf\u00edo todav\u00eda, y la idea es que ellos no solo se queden con su licencia de cuarto medio, sino que puedan despu\u00e9s emprender un camino quiz\u00e1s en educaci\u00f3n superior porque no, as\u00ed que muy contentos y muy agradecidos de la presencia de todas las autoridades que nos acompa\u00f1aron el d\u00eda de hoy\u201d.<\/p>\n<p style=\"text-align: justify;\">Finalmente, el Seremi de Justicia y Derechos Humanos, Samuel Navarro Castro indic\u00f3 que \u201cfue una ceremonia muy emotiva en que los internos que se licenciaron de cuarto medio del Liceo Polit\u00e9cnico de Puerto Ays\u00e9n y que realizaron sus estudios al interior del Centro de Detenci\u00f3n Preventiva de Puerto Ays\u00e9n pudieron compartir no solamente esta ceremonia es importante en su vida, en su tr\u00e1nsito a la reinserci\u00f3n, tambi\u00e9n estuvieron presente sus familiares que los acompa\u00f1aron, esperamos que el pr\u00f3ximo a\u00f1o adem\u00e1s de las personas que est\u00e1n condenadas por algunos delitos, se incorporen tambi\u00e9n para proseguir estudios quienes est\u00e1n en calidad de imputados y eso reafirma las convicciones del trabajo que se hace por parte de Gendarmer\u00eda al interior de los centros penitenciarios junto en este caso al liceo polit\u00e9cnico de Ays\u00e9n, agradecer tambi\u00e9n al Servicio Local de Educaci\u00f3n que nos colabora de manera importante en esta materia\u201d.<\/p>\n<\/div><\/section><\/div><div  style='height:50px' class='hr hr-invisible   avia-builder-el-6  el_after_av_one_full  el_before_av_social_share '><span class='hr-inner ' ><span class='hr-inner-style'><\/span><\/span><\/div><\/p>\n<div  class='av-social-sharing-box  avia-builder-el-7  el_after_av_hr  el_before_av_hr  '><div class='av-share-box'><h5 class='av-share-link-description av-no-toc '>Compartir esta noticia<\/h5><ul class='av-share-box-list noLightbox'><li class='av-share-link av-social-link-facebook' ><a target=\"_blank\" aria-label=\"Compartir en Facebook\" href='https:\/\/www.facebook.com\/sharer.php?u=https:\/\/radiorevelacionfm.cl\/?p=62729&#038;t=Liceo%20Polit%C3%A9cnico%20licencia%20a%2010%20alumnos%20al%20interior%20del%20CDP%20de%20Puerto%20Ays%C3%A9n' aria-hidden='false' data-av_icon='\ue8f3' data-av_iconfont='entypo-fontello' title='' data-avia-related-tooltip='Compartir en Facebook' rel=\"noopener\"><span class='avia_hidden_link_text'>Compartir en Facebook<\/span><\/a><\/li><li class='av-share-link av-social-link-twitter' ><a target=\"_blank\" aria-label=\"Compartir en Twitter\" href='https:\/\/twitter.com\/share?text=Liceo%20Polit%C3%A9cnico%20licencia%20a%2010%20alumnos%20al%20interior%20del%20CDP%20de%20Puerto%20Ays%C3%A9n&#038;url=https:\/\/radiorevelacionfm.cl\/?p=62729' aria-hidden='false' data-av_icon='\ue8f1' data-av_iconfont='entypo-fontello' title='' data-avia-related-tooltip='Compartir en Twitter' rel=\"noopener\"><span class='avia_hidden_link_text'>Compartir en Twitter<\/span><\/a><\/li><li class='av-share-link av-social-link-whatsapp' ><a target=\"_blank\" aria-label=\"Compartir en Whatsapp\" href='https:\/\/api.whatsapp.com\/send?text=https:\/\/radiorevelacionfm.cl\/?p=62729' aria-hidden='false' data-av_icon='\uf232' data-av_iconfont='entypo-fontello' title='' data-avia-related-tooltip='Compartir en Whatsapp' rel=\"noopener\"><span class='avia_hidden_link_text'>Compartir en Whatsapp<\/span><\/a><\/li><li class='av-share-link av-social-link-linkedin' ><a target=\"_blank\" aria-label=\"Compartir en LinkedIn\" href='https:\/\/linkedin.com\/shareArticle?mini=true&#038;title=Liceo%20Polit%C3%A9cnico%20licencia%20a%2010%20alumnos%20al%20interior%20del%20CDP%20de%20Puerto%20Ays%C3%A9n&#038;url=https:\/\/radiorevelacionfm.cl\/?p=62729' aria-hidden='false' data-av_icon='\ue8fc' data-av_iconfont='entypo-fontello' title='' data-avia-related-tooltip='Compartir en LinkedIn' rel=\"noopener\"><span class='avia_hidden_link_text'>Compartir en LinkedIn<\/span><\/a><\/li><li class='av-share-link av-social-link-mail' ><a  aria-label=\"Compartir por correo\" href='mailto:?subject=Liceo%20Polit%C3%A9cnico%20licencia%20a%2010%20alumnos%20al%20interior%20del%20CDP%20de%20Puerto%20Ays%C3%A9n&#038;body=https:\/\/radiorevelacionfm.cl\/?p=62729' aria-hidden='false' data-av_icon='\ue805' data-av_iconfont='entypo-fontello' title='' data-avia-related-tooltip='Compartir por correo'><span class='avia_hidden_link_text'>Compartir por correo<\/span><\/a><\/li><\/ul><\/div><\/div>\n<div  style='height:50px' class='hr hr-invisible   avia-builder-el-8  el_after_av_social_share  el_before_av_comments_list '><span class='hr-inner ' ><span class='hr-inner-style'><\/span><\/span><\/div>\n<div  class='av-buildercomment  av-blog-meta-html-info-disabled av-blog-meta-tag-disabled  '><\/div>\n","protected":false},"excerpt":{"rendered":"","protected":false},"author":1,"featured_media":62730,"comment_status":"closed","ping_status":"closed","sticky":false,"template":"","format":"standard","meta":{"footnotes":""},"categories":[55],"tags":[],"class_list":["post-62729","post","type-post","status-publish","format-standard","has-post-thumbnail","hentry","category-justicia"],"jetpack_featured_media_url":"https:\/\/radiorevelacionfm.cl\/wp-content\/uploads\/2025\/12\/licenciatura-1-2-1-1-1.jpg","_links":{"self":[{"href":"https:\/\/radiorevelacionfm.cl\/index.php?rest_route=\/wp\/v2\/posts\/62729","targetHints":{"allow":["GET"]}}],"collection":[{"href":"https:\/\/radiorevelacionfm.cl\/index.php?rest_route=\/wp\/v2\/posts"}],"about":[{"href":"https:\/\/radiorevelacionfm.cl\/index.php?rest_route=\/wp\/v2\/types\/post"}],"author":[{"embeddable":true,"href":"https:\/\/radiorevelacionfm.cl\/index.php?rest_route=\/wp\/v2\/users\/1"}],"replies":[{"embeddable":true,"href":"https:\/\/radiorevelacionfm.cl\/index.php?rest_route=%2Fwp%2Fv2%2Fcomments&post=62729"}],"version-history":[{"count":2,"href":"https:\/\/radiorevelacionfm.cl\/index.php?rest_route=\/wp\/v2\/posts\/62729\/revisions"}],"predecessor-version":[{"id":62744,"href":"https:\/\/radiorevelacionfm.cl\/index.php?rest_route=\/wp\/v2\/posts\/62729\/revisions\/62744"}],"wp:featuredmedia":[{"embeddable":true,"href":"https:\/\/radiorevelacionfm.cl\/index.php?rest_route=\/wp\/v2\/media\/62730"}],"wp:attachment":[{"href":"https:\/\/radiorevelacionfm.cl\/index.php?rest_route=%2Fwp%2Fv2%2Fmedia&parent=62729"}],"wp:term":[{"taxonomy":"category","embeddable":true,"href":"https:\/\/radiorevelacionfm.cl\/index.php?rest_route=%2Fwp%2Fv2%2Fcategories&post=62729"},{"taxonomy":"post_tag","embeddable":true,"href":"https:\/\/radiorevelacionfm.cl\/index.php?rest_route=%2Fwp%2Fv2%2Ftags&post=62729"}],"curies":[{"name":"wp","href":"https:\/\/api.w.org\/{rel}","templated":true}]}}