{"id":62725,"date":"2025-12-23T00:24:55","date_gmt":"2025-12-23T03:24:55","guid":{"rendered":"https:\/\/radiorevelacionfm.cl\/?p=62725"},"modified":"2025-12-23T00:24:55","modified_gmt":"2025-12-23T03:24:55","slug":"minvu-y-municipio-de-ohiggins-concretan-historica-entrega-de-viviendas-a-antiguos-pobladores-del-sector-entrada-mayer","status":"publish","type":"post","link":"https:\/\/radiorevelacionfm.cl\/?p=62725","title":{"rendered":"Minvu y Municipio de O\u2019Higgins concretan hist\u00f3rica entrega de viviendas a antiguos pobladores del sector Entrada Mayer"},"content":{"rendered":"<div class=\"flex_column av_one_full  flex_column_div av-zero-column-padding first  avia-builder-el-0  el_before_av_one_full  avia-builder-el-first  \" style='border-radius:0px; '><div  class='avia-image-container  av-styling-    avia-builder-el-1  avia-builder-el-no-sibling  avia-align-center '  itemprop=\"image\" itemscope=\"itemscope\" itemtype=\"https:\/\/schema.org\/ImageObject\"  ><div class='avia-image-container-inner'><div class='avia-image-overlay-wrap'><img decoding=\"async\" class='wp-image-62726 avia-img-lazy-loading-not-62726 avia_image' src=\"https:\/\/radiorevelacionfm.cl\/wp-content\/uploads\/2025\/12\/vivienda-construida-con-programa-de-habitabilidad-rural-del-minvu-en-la-comuna-de-ohiggins-1_optimized-1.jpeg\" alt='' title='vivienda-construida-con-programa-de-habitabilidad-rural-del-minvu-en-la-comuna-de-ohiggins-(1)_optimized (1)' height=\"600\" width=\"873\"  itemprop=\"thumbnailUrl\" srcset=\"https:\/\/radiorevelacionfm.cl\/wp-content\/uploads\/2025\/12\/vivienda-construida-con-programa-de-habitabilidad-rural-del-minvu-en-la-comuna-de-ohiggins-1_optimized-1.jpeg 873w, https:\/\/radiorevelacionfm.cl\/wp-content\/uploads\/2025\/12\/vivienda-construida-con-programa-de-habitabilidad-rural-del-minvu-en-la-comuna-de-ohiggins-1_optimized-1-300x206.jpeg 300w, https:\/\/radiorevelacionfm.cl\/wp-content\/uploads\/2025\/12\/vivienda-construida-con-programa-de-habitabilidad-rural-del-minvu-en-la-comuna-de-ohiggins-1_optimized-1-768x528.jpeg 768w, https:\/\/radiorevelacionfm.cl\/wp-content\/uploads\/2025\/12\/vivienda-construida-con-programa-de-habitabilidad-rural-del-minvu-en-la-comuna-de-ohiggins-1_optimized-1-705x485.jpeg 705w, https:\/\/radiorevelacionfm.cl\/wp-content\/uploads\/2025\/12\/vivienda-construida-con-programa-de-habitabilidad-rural-del-minvu-en-la-comuna-de-ohiggins-1_optimized-1-450x309.jpeg 450w, https:\/\/radiorevelacionfm.cl\/wp-content\/uploads\/2025\/12\/vivienda-construida-con-programa-de-habitabilidad-rural-del-minvu-en-la-comuna-de-ohiggins-1_optimized-1-600x412.jpeg 600w\" sizes=\"(max-width: 873px) 100vw, 873px\" \/><\/div><\/div><\/div><\/div><div class=\"flex_column av_one_full  flex_column_div av-zero-column-padding first  avia-builder-el-2  el_after_av_one_full  el_before_av_one_full  column-top-margin\" style='border-radius:0px; '><section class=\"av_textblock_section \"  itemscope=\"itemscope\" itemtype=\"https:\/\/schema.org\/BlogPosting\" itemprop=\"blogPost\" ><div class='avia_textblock  '   itemprop=\"text\" ><p style=\"text-align: center;\"><strong><span style=\"font-size: 18pt;\">Minvu y Municipio de O\u2019Higgins concretan hist\u00f3rica entrega de viviendas a antiguos pobladores del sector Entrada Mayer<\/span><\/strong><\/p>\n<div id=\"gtx-trans\" style=\"position: absolute; left: -50px; top: 4.31534px;\">\n<div class=\"gtx-trans-icon\"><\/div>\n<\/div>\n<\/div><\/section><\/div><div class=\"flex_column av_one_full  flex_column_div av-zero-column-padding first  avia-builder-el-4  el_after_av_one_full  el_before_av_hr  column-top-margin\" style='border-radius:0px; '><section class=\"av_textblock_section \"  itemscope=\"itemscope\" itemtype=\"https:\/\/schema.org\/BlogPosting\" itemprop=\"blogPost\" ><div class='avia_textblock  '   itemprop=\"text\" ><p style=\"text-align: justify;\">Con la hist\u00f3rica entrega de dos viviendas a beneficiarios que hacen patria en el sector conocido como \u201cEntrada Mayer\u201d, a pocos kil\u00f3metros de la frontera con Argentina, la Seremi de Vivienda, Paulina Ruz Delf\u00edn, finaliz\u00f3 la semana pasada una jornada de trabajo de dos d\u00edas que incluy\u00f3 la inspecci\u00f3n de obras y reuniones informativas con autoridades y organizaciones locales de la comuna de O\u2019Higgins.<\/p>\n<p style=\"text-align: justify;\">Los felices y nuevos propietarios fueron en esta ocasi\u00f3n los pobladores Jos\u00e9 Ru\u00edz Villegas y Artemio Perez Astorga, quienes tras una esforzada vida en estos lejanos lugares de la Patagonia pudieron recibir las llaves de su casa propia, soluci\u00f3n obtenida a trav\u00e9s del Programa de Habitabilidad Rural del Ministerio de Vivienda y Urbanismo. Ambos proyectos fueron elaborados por la entidad patrocinante de la municipalidad de O\u2019Higgins, logrando un financiamiento que borde\u00f3 los 77 millones de pesos para cada uno de los beneficiarios.<\/p>\n<p style=\"text-align: justify;\">Cabe consignar que se trata de las primeras soluciones de este tipo que se logran concretar en un sector de la regi\u00f3n tan alejado de los centros urbanos, lo que signific\u00f3 un especial compromiso de parte de la entidad patrocinante y los contratistas encargados de la ejecuci\u00f3n de las obras, Aldo Barrera y Jaime Ulloa Mendoza, quienes a pesar de las distancias y dificultades propias de la conectividad, lograron concretar soluciones de 81 metros cuadrados, con gran calidad y cumpliendo todas las normas de seguridad y de aislamiento t\u00e9rmico que se requieren en zonas como estas, sobre todo en la temporada de invierno.<\/p>\n<p style=\"text-align: justify;\">En ese contexto la Seremi de Vivienda, Paulina Ruz Delf\u00edn, expres\u00f3 su satisfacci\u00f3n de poder concretar estas soluciones hist\u00f3ricas, las cuales forman parte del trabajo desarrollado por el Gobierno en el marco de su Plan de Emergencia Habitacional. \u201cLlegamos hasta la comuna de O&#8217;Higgins, espec\u00edficamente hasta el sector El Mayer, donde realizamos estas dos entregas importantes. Ha sido un gran trabajo que hemos hecho con el municipio de Villa O&#8217;Higgins, donde su entidad patrocinante elabor\u00f3 el proyecto y tambi\u00e9n ha hecho un acompa\u00f1amiento importante a los beneficiarios. Para nosotros este hito es muy especial, ya que a la fecha tenemos m\u00e1s de mil viviendas en construcci\u00f3n y mil 390 viviendas terminadas y entregadas, pero eso tambi\u00e9n se traduce en poder trasladarnos a los sectores m\u00e1s apartados de la regi\u00f3n de Ays\u00e9n, como ac\u00e1, ya que estamos casi en la frontera con Argentina, con una persona que est\u00e1 haciendo patria. As\u00ed que muy orgullosa y muy contenta\u201d, afirm\u00f3.<\/p>\n<p style=\"text-align: justify;\">El Alcalde de la comuna de O\u2019Higgins, Jos\u00e9 Fica, destac\u00f3 el trabajo conjunto que ha permitido llegar con soluciones de calidad hasta los \u00faltimos rincones de nuestra geograf\u00eda. \u201cAhora me encuentro junto al poblador Artemio P\u00e9rez, que vive alrededor de 45 kil\u00f3metros de la Villa, que le estamos entregando igual su casa propia, la cual estamos mirando aqu\u00ed, que es un excelente proyecto, muy buena construcci\u00f3n, con buenos materiales, y que le permite a \u00e9l gozar de los beneficios que entrega el Estado en vivienda. Sin duda sus condiciones de vida van a cambiar, la dignidad de la persona cambia, el modo de vivir y la tranquilidad y el sistema de vivienda, el sistema de la construcci\u00f3n, para \u00e9l va a ser un beneficio y va a poder vivir con dignidad, como se lo merece un poblador de estos sectores tan aislados como es Entrada Mayer\u201d. Indic\u00f3.<\/p>\n<p style=\"text-align: justify;\">Tras el corte de cinta y un recorrido por ambas viviendas, tanto don Jos\u00e9 Ruiz como don Artemio P\u00e9rez, se mostraron muy felices y agradecieron el apoyo recibido para obtener la vivienda que marca una nueva etapa en sus vidas, donde sin duda podr\u00e1n proyectarse con mayor tranquilidad para cumplir nuevos sue\u00f1os y objetivos en el futuro.<\/p>\n<p style=\"text-align: justify;\">Adem\u00e1s de reuniones de trabajo con los equipos municipales liderados por el Alcalde Jos\u00e9 Fica, la Seremi de Vivienda tuvo un positivo encuentro con dirigentes y familias del comit\u00e9 Villa Austral de Villa O\u2019Higgins, donde se entreg\u00f3 informaci\u00f3n actualizada respecto del avance que presenta dicho proyecto. En ese sentido se detall\u00f3 que el terreno se encuentra con firma de transferencia a la espera del decreto aprobatorio para la inscripci\u00f3n correspondiente. Tambi\u00e9n se confirm\u00f3 que se cuenta con las topograf\u00edas realizadas por el Serviu, en tanto que las mec\u00e1nicas de suelos contratadas por el municipio est\u00e1n con informe emitido, en revisi\u00f3n para su visto bueno. El proyecto habitacional, en tanto, est\u00e1 siendo dise\u00f1ado por parte de la Entidad Patrocinante del municipio de O\u2019Higgins, avanzando con total normalidad.<\/p>\n<\/div><\/section><\/div><div  style='height:50px' class='hr hr-invisible   avia-builder-el-6  el_after_av_one_full  el_before_av_social_share '><span class='hr-inner ' ><span class='hr-inner-style'><\/span><\/span><\/div><\/p>\n<div  class='av-social-sharing-box  avia-builder-el-7  el_after_av_hr  el_before_av_hr  '><div class='av-share-box'><h5 class='av-share-link-description av-no-toc '>Compartir esta noticia<\/h5><ul class='av-share-box-list noLightbox'><li class='av-share-link av-social-link-facebook' ><a target=\"_blank\" aria-label=\"Compartir en Facebook\" href='https:\/\/www.facebook.com\/sharer.php?u=https:\/\/radiorevelacionfm.cl\/?p=62725&#038;t=Minvu%20y%20Municipio%20de%20O%E2%80%99Higgins%20concretan%20hist%C3%B3rica%20entrega%20de%20viviendas%20a%20antiguos%20pobladores%20del%20sector%20Entrada%20Mayer' aria-hidden='false' data-av_icon='\ue8f3' data-av_iconfont='entypo-fontello' title='' data-avia-related-tooltip='Compartir en Facebook' rel=\"noopener\"><span class='avia_hidden_link_text'>Compartir en Facebook<\/span><\/a><\/li><li class='av-share-link av-social-link-twitter' ><a target=\"_blank\" aria-label=\"Compartir en Twitter\" href='https:\/\/twitter.com\/share?text=Minvu%20y%20Municipio%20de%20O%E2%80%99Higgins%20concretan%20hist%C3%B3rica%20entrega%20de%20viviendas%20a%20antiguos%20pobladores%20del%20sector%20Entrada%20Mayer&#038;url=https:\/\/radiorevelacionfm.cl\/?p=62725' aria-hidden='false' data-av_icon='\ue8f1' data-av_iconfont='entypo-fontello' title='' data-avia-related-tooltip='Compartir en Twitter' rel=\"noopener\"><span class='avia_hidden_link_text'>Compartir en Twitter<\/span><\/a><\/li><li class='av-share-link av-social-link-whatsapp' ><a target=\"_blank\" aria-label=\"Compartir en Whatsapp\" href='https:\/\/api.whatsapp.com\/send?text=https:\/\/radiorevelacionfm.cl\/?p=62725' aria-hidden='false' data-av_icon='\uf232' data-av_iconfont='entypo-fontello' title='' data-avia-related-tooltip='Compartir en Whatsapp' rel=\"noopener\"><span class='avia_hidden_link_text'>Compartir en Whatsapp<\/span><\/a><\/li><li class='av-share-link av-social-link-linkedin' ><a target=\"_blank\" aria-label=\"Compartir en LinkedIn\" href='https:\/\/linkedin.com\/shareArticle?mini=true&#038;title=Minvu%20y%20Municipio%20de%20O%E2%80%99Higgins%20concretan%20hist%C3%B3rica%20entrega%20de%20viviendas%20a%20antiguos%20pobladores%20del%20sector%20Entrada%20Mayer&#038;url=https:\/\/radiorevelacionfm.cl\/?p=62725' aria-hidden='false' data-av_icon='\ue8fc' data-av_iconfont='entypo-fontello' title='' data-avia-related-tooltip='Compartir en LinkedIn' rel=\"noopener\"><span class='avia_hidden_link_text'>Compartir en LinkedIn<\/span><\/a><\/li><li class='av-share-link av-social-link-mail' ><a  aria-label=\"Compartir por correo\" href='mailto:?subject=Minvu%20y%20Municipio%20de%20O%E2%80%99Higgins%20concretan%20hist%C3%B3rica%20entrega%20de%20viviendas%20a%20antiguos%20pobladores%20del%20sector%20Entrada%20Mayer&#038;body=https:\/\/radiorevelacionfm.cl\/?p=62725' aria-hidden='false' data-av_icon='\ue805' data-av_iconfont='entypo-fontello' title='' data-avia-related-tooltip='Compartir por correo'><span class='avia_hidden_link_text'>Compartir por correo<\/span><\/a><\/li><\/ul><\/div><\/div>\n<div  style='height:50px' class='hr hr-invisible   avia-builder-el-8  el_after_av_social_share  el_before_av_comments_list '><span class='hr-inner ' ><span class='hr-inner-style'><\/span><\/span><\/div>\n<div  class='av-buildercomment  av-blog-meta-html-info-disabled av-blog-meta-tag-disabled  '><\/div>\n","protected":false},"excerpt":{"rendered":"","protected":false},"author":1,"featured_media":62726,"comment_status":"closed","ping_status":"closed","sticky":false,"template":"","format":"standard","meta":{"footnotes":""},"categories":[57],"tags":[],"class_list":["post-62725","post","type-post","status-publish","format-standard","has-post-thumbnail","hentry","category-vivienda"],"jetpack_featured_media_url":"https:\/\/radiorevelacionfm.cl\/wp-content\/uploads\/2025\/12\/vivienda-construida-con-programa-de-habitabilidad-rural-del-minvu-en-la-comuna-de-ohiggins-1_optimized-1.jpeg","_links":{"self":[{"href":"https:\/\/radiorevelacionfm.cl\/index.php?rest_route=\/wp\/v2\/posts\/62725","targetHints":{"allow":["GET"]}}],"collection":[{"href":"https:\/\/radiorevelacionfm.cl\/index.php?rest_route=\/wp\/v2\/posts"}],"about":[{"href":"https:\/\/radiorevelacionfm.cl\/index.php?rest_route=\/wp\/v2\/types\/post"}],"author":[{"embeddable":true,"href":"https:\/\/radiorevelacionfm.cl\/index.php?rest_route=\/wp\/v2\/users\/1"}],"replies":[{"embeddable":true,"href":"https:\/\/radiorevelacionfm.cl\/index.php?rest_route=%2Fwp%2Fv2%2Fcomments&post=62725"}],"version-history":[{"count":2,"href":"https:\/\/radiorevelacionfm.cl\/index.php?rest_route=\/wp\/v2\/posts\/62725\/revisions"}],"predecessor-version":[{"id":62728,"href":"https:\/\/radiorevelacionfm.cl\/index.php?rest_route=\/wp\/v2\/posts\/62725\/revisions\/62728"}],"wp:featuredmedia":[{"embeddable":true,"href":"https:\/\/radiorevelacionfm.cl\/index.php?rest_route=\/wp\/v2\/media\/62726"}],"wp:attachment":[{"href":"https:\/\/radiorevelacionfm.cl\/index.php?rest_route=%2Fwp%2Fv2%2Fmedia&parent=62725"}],"wp:term":[{"taxonomy":"category","embeddable":true,"href":"https:\/\/radiorevelacionfm.cl\/index.php?rest_route=%2Fwp%2Fv2%2Fcategories&post=62725"},{"taxonomy":"post_tag","embeddable":true,"href":"https:\/\/radiorevelacionfm.cl\/index.php?rest_route=%2Fwp%2Fv2%2Ftags&post=62725"}],"curies":[{"name":"wp","href":"https:\/\/api.w.org\/{rel}","templated":true}]}}