{"id":62721,"date":"2025-12-23T00:13:37","date_gmt":"2025-12-23T03:13:37","guid":{"rendered":"https:\/\/radiorevelacionfm.cl\/?p=62721"},"modified":"2025-12-23T00:53:23","modified_gmt":"2025-12-23T03:53:23","slug":"coyhaique-se-prepara-para-un-nuevo-concierto-de-navidad","status":"publish","type":"post","link":"https:\/\/radiorevelacionfm.cl\/?p=62721","title":{"rendered":"Coyhaique se prepara para un nuevo Concierto de Navidad"},"content":{"rendered":"<div class=\"flex_column av_one_full  flex_column_div av-zero-column-padding first  avia-builder-el-0  el_before_av_one_full  avia-builder-el-first  \" style='border-radius:0px; '><div  class='avia-image-container  av-styling-    avia-builder-el-1  avia-builder-el-no-sibling  avia-align-center '  itemprop=\"image\" itemscope=\"itemscope\" itemtype=\"https:\/\/schema.org\/ImageObject\"  ><div class='avia-image-container-inner'><div class='avia-image-overlay-wrap'><img decoding=\"async\" class='wp-image-62722 avia-img-lazy-loading-not-62722 avia_image' src=\"https:\/\/radiorevelacionfm.cl\/wp-content\/uploads\/2025\/12\/3-97-1-1.jpeg\" alt='' title='3 (97) (1) (1)' height=\"600\" width=\"900\"  itemprop=\"thumbnailUrl\" srcset=\"https:\/\/radiorevelacionfm.cl\/wp-content\/uploads\/2025\/12\/3-97-1-1.jpeg 900w, https:\/\/radiorevelacionfm.cl\/wp-content\/uploads\/2025\/12\/3-97-1-1-300x200.jpeg 300w, https:\/\/radiorevelacionfm.cl\/wp-content\/uploads\/2025\/12\/3-97-1-1-768x512.jpeg 768w, https:\/\/radiorevelacionfm.cl\/wp-content\/uploads\/2025\/12\/3-97-1-1-705x470.jpeg 705w, https:\/\/radiorevelacionfm.cl\/wp-content\/uploads\/2025\/12\/3-97-1-1-450x300.jpeg 450w, https:\/\/radiorevelacionfm.cl\/wp-content\/uploads\/2025\/12\/3-97-1-1-600x400.jpeg 600w\" sizes=\"(max-width: 900px) 100vw, 900px\" \/><\/div><\/div><\/div><\/div>\n<div class=\"flex_column av_one_full  flex_column_div av-zero-column-padding first  avia-builder-el-2  el_after_av_one_full  el_before_av_one_full  column-top-margin\" style='border-radius:0px; '><section class=\"av_textblock_section \"  itemscope=\"itemscope\" itemtype=\"https:\/\/schema.org\/BlogPosting\" itemprop=\"blogPost\" ><div class='avia_textblock  '   itemprop=\"text\" ><p style=\"text-align: center;\"><strong><span style=\"font-size: 18pt;\">Coyhaique se prepara para un nuevo Concierto de Navidad<\/span><\/strong><\/p>\n<div id=\"gtx-trans\" style=\"position: absolute; left: -50px; top: 4.31534px;\">\n<div class=\"gtx-trans-icon\"><\/div>\n<\/div>\n<\/div><\/section><\/div>\n<div class=\"flex_column av_one_full  flex_column_div av-zero-column-padding first  avia-builder-el-4  el_after_av_one_full  el_before_av_hr  column-top-margin\" style='border-radius:0px; '><section class=\"av_textblock_section \"  itemscope=\"itemscope\" itemtype=\"https:\/\/schema.org\/BlogPosting\" itemprop=\"blogPost\" ><div class='avia_textblock  '   itemprop=\"text\" ><p style=\"text-align: justify;\"><em>La Orquesta de C\u00e1mara de la Universidad de Ays\u00e9n realizar\u00e1 el pr\u00f3ximo martes 23 de diciembre un Concierto Navide\u00f1o en el Santuario del Carmen.<\/em><\/p>\n<p style=\"text-align: justify;\">En v\u00edsperas de la Navidad y bajo la direcci\u00f3n del Maestro H\u00e9ctor M\u00e9ndez Alvarado, violonchelista, director de orquesta y arreglista, la Orquesta de C\u00e1mara de la Universidad de Ays\u00e9n se prepara para el concierto \u201cNavidad entre hielos y monta\u00f1as\u201d.<\/p>\n<p style=\"text-align: justify;\">El concierto es parte de los prop\u00f3sitos de la orquesta como ofrecer a la comunidad patagona un elenco de excelencia, capaz de desarrollar conciertos cercanos y accesibles para toda la comunidad.<\/p>\n<p style=\"text-align: justify;\">Fundada al alero de la Universidad de Ays\u00e9n, esta agrupaci\u00f3n se ha consolidado como la primera orquesta en la Regi\u00f3n de Ays\u00e9n, destacando su compromiso y la difusi\u00f3n de la m\u00fasica regional. La orquesta est\u00e1 integrada por un grupo de destacados int\u00e9rpretes y su labor se enfoca en la interpretaci\u00f3n musical, y en en la formaci\u00f3n de nuevas generaciones.<\/p>\n<p style=\"text-align: justify;\">El Seremi de las Culturas de Ays\u00e9n, Felipe Quiroz, se refiri\u00f3 al concierto se\u00f1alando lo siguiente: \u201cDesde la administraci\u00f3n del presidente Gabriel Boric, uno de los mandatos del quehacer cultural era generar instancias donde se pueda asegurar la sostenibilidad del ecosistema cultural. Y a trav\u00e9s de la Orquesta de C\u00e1mara de la Universidad de Ays\u00e9n, esta realidad se hace posible. Quiero dejar cordialmente invitados e invitadas a todas las personas a que puedan asistir a este concierto gratuito y familiar, donde se puede vivir y experimentar en primera persona lo importante que son las experiencias culturales y art\u00edsticas de forma gratuita y permanente en nuestro territorio\u201d.<\/p>\n<p style=\"text-align: justify;\">La actividad, financiada por el Ministerio de Culturas, las Artes y el Patrimonio, se llevar\u00e1 a cabo el d\u00eda martes 23 de diciembre a las 18:30 horas en el Santuario del Carmen, ubicado en Pedro Aguirre Cerda esquina Freire, Coyhaique.<\/p>\n<\/div><\/section><\/div><div  style='height:50px' class='hr hr-invisible   avia-builder-el-6  el_after_av_one_full  el_before_av_social_share '><span class='hr-inner ' ><span class='hr-inner-style'><\/span><\/span><\/div><\/p>\n<div  class='av-social-sharing-box  avia-builder-el-7  el_after_av_hr  el_before_av_hr  '><div class='av-share-box'><h5 class='av-share-link-description av-no-toc '>Compartir esta noticia<\/h5><ul class='av-share-box-list noLightbox'><li class='av-share-link av-social-link-facebook' ><a target=\"_blank\" aria-label=\"Compartir en Facebook\" href='https:\/\/www.facebook.com\/sharer.php?u=https:\/\/radiorevelacionfm.cl\/?p=62721&#038;t=Coyhaique%20se%20prepara%20para%20un%20nuevo%20Concierto%20de%20Navidad' aria-hidden='false' data-av_icon='\ue8f3' data-av_iconfont='entypo-fontello' title='' data-avia-related-tooltip='Compartir en Facebook' rel=\"noopener\"><span class='avia_hidden_link_text'>Compartir en Facebook<\/span><\/a><\/li><li class='av-share-link av-social-link-twitter' ><a target=\"_blank\" aria-label=\"Compartir en Twitter\" href='https:\/\/twitter.com\/share?text=Coyhaique%20se%20prepara%20para%20un%20nuevo%20Concierto%20de%20Navidad&#038;url=https:\/\/radiorevelacionfm.cl\/?p=62721' aria-hidden='false' data-av_icon='\ue8f1' data-av_iconfont='entypo-fontello' title='' data-avia-related-tooltip='Compartir en Twitter' rel=\"noopener\"><span class='avia_hidden_link_text'>Compartir en Twitter<\/span><\/a><\/li><li class='av-share-link av-social-link-whatsapp' ><a target=\"_blank\" aria-label=\"Compartir en Whatsapp\" href='https:\/\/api.whatsapp.com\/send?text=https:\/\/radiorevelacionfm.cl\/?p=62721' aria-hidden='false' data-av_icon='\uf232' data-av_iconfont='entypo-fontello' title='' data-avia-related-tooltip='Compartir en Whatsapp' rel=\"noopener\"><span class='avia_hidden_link_text'>Compartir en Whatsapp<\/span><\/a><\/li><li class='av-share-link av-social-link-linkedin' ><a target=\"_blank\" aria-label=\"Compartir en LinkedIn\" href='https:\/\/linkedin.com\/shareArticle?mini=true&#038;title=Coyhaique%20se%20prepara%20para%20un%20nuevo%20Concierto%20de%20Navidad&#038;url=https:\/\/radiorevelacionfm.cl\/?p=62721' aria-hidden='false' data-av_icon='\ue8fc' data-av_iconfont='entypo-fontello' title='' data-avia-related-tooltip='Compartir en LinkedIn' rel=\"noopener\"><span class='avia_hidden_link_text'>Compartir en LinkedIn<\/span><\/a><\/li><li class='av-share-link av-social-link-mail' ><a  aria-label=\"Compartir por correo\" href='mailto:?subject=Coyhaique%20se%20prepara%20para%20un%20nuevo%20Concierto%20de%20Navidad&#038;body=https:\/\/radiorevelacionfm.cl\/?p=62721' aria-hidden='false' data-av_icon='\ue805' data-av_iconfont='entypo-fontello' title='' data-avia-related-tooltip='Compartir por correo'><span class='avia_hidden_link_text'>Compartir por correo<\/span><\/a><\/li><\/ul><\/div><\/div>\n<div  style='height:50px' class='hr hr-invisible   avia-builder-el-8  el_after_av_social_share  el_before_av_comments_list '><span class='hr-inner ' ><span class='hr-inner-style'><\/span><\/span><\/div>\n<div  class='av-buildercomment  av-blog-meta-html-info-disabled av-blog-meta-tag-disabled  '><\/div>\n","protected":false},"excerpt":{"rendered":"","protected":false},"author":1,"featured_media":62722,"comment_status":"closed","ping_status":"closed","sticky":false,"template":"","format":"standard","meta":{"footnotes":""},"categories":[38],"tags":[],"class_list":["post-62721","post","type-post","status-publish","format-standard","has-post-thumbnail","hentry","category-regional"],"jetpack_featured_media_url":"https:\/\/radiorevelacionfm.cl\/wp-content\/uploads\/2025\/12\/3-97-1-1.jpeg","_links":{"self":[{"href":"https:\/\/radiorevelacionfm.cl\/index.php?rest_route=\/wp\/v2\/posts\/62721","targetHints":{"allow":["GET"]}}],"collection":[{"href":"https:\/\/radiorevelacionfm.cl\/index.php?rest_route=\/wp\/v2\/posts"}],"about":[{"href":"https:\/\/radiorevelacionfm.cl\/index.php?rest_route=\/wp\/v2\/types\/post"}],"author":[{"embeddable":true,"href":"https:\/\/radiorevelacionfm.cl\/index.php?rest_route=\/wp\/v2\/users\/1"}],"replies":[{"embeddable":true,"href":"https:\/\/radiorevelacionfm.cl\/index.php?rest_route=%2Fwp%2Fv2%2Fcomments&post=62721"}],"version-history":[{"count":3,"href":"https:\/\/radiorevelacionfm.cl\/index.php?rest_route=\/wp\/v2\/posts\/62721\/revisions"}],"predecessor-version":[{"id":62741,"href":"https:\/\/radiorevelacionfm.cl\/index.php?rest_route=\/wp\/v2\/posts\/62721\/revisions\/62741"}],"wp:featuredmedia":[{"embeddable":true,"href":"https:\/\/radiorevelacionfm.cl\/index.php?rest_route=\/wp\/v2\/media\/62722"}],"wp:attachment":[{"href":"https:\/\/radiorevelacionfm.cl\/index.php?rest_route=%2Fwp%2Fv2%2Fmedia&parent=62721"}],"wp:term":[{"taxonomy":"category","embeddable":true,"href":"https:\/\/radiorevelacionfm.cl\/index.php?rest_route=%2Fwp%2Fv2%2Fcategories&post=62721"},{"taxonomy":"post_tag","embeddable":true,"href":"https:\/\/radiorevelacionfm.cl\/index.php?rest_route=%2Fwp%2Fv2%2Ftags&post=62721"}],"curies":[{"name":"wp","href":"https:\/\/api.w.org\/{rel}","templated":true}]}}