{"id":62717,"date":"2025-12-22T15:18:07","date_gmt":"2025-12-22T18:18:07","guid":{"rendered":"https:\/\/radiorevelacionfm.cl\/?p=62717"},"modified":"2025-12-22T15:18:07","modified_gmt":"2025-12-22T18:18:07","slug":"primer-caso-exitoso-de-acompanamiento-postegreso-en-aysen-marca-hito-en-la-implementacion-del-nuevo-modelo-de-reinsercion-juvenil","status":"publish","type":"post","link":"https:\/\/radiorevelacionfm.cl\/?p=62717","title":{"rendered":"Primer caso exitoso de acompa\u00f1amiento postegreso en Ays\u00e9n marca hito en la implementaci\u00f3n del nuevo modelo de reinserci\u00f3n juvenil"},"content":{"rendered":"<div class=\"flex_column av_one_full  flex_column_div av-zero-column-padding first  avia-builder-el-0  el_before_av_one_full  avia-builder-el-first  \" style='border-radius:0px; '><div  class='avia-image-container  av-styling-    avia-builder-el-1  avia-builder-el-no-sibling  avia-align-center '  itemprop=\"image\" itemscope=\"itemscope\" itemtype=\"https:\/\/schema.org\/ImageObject\"  ><div class='avia-image-container-inner'><div class='avia-image-overlay-wrap'><img decoding=\"async\" class='wp-image-62718 avia-img-lazy-loading-not-62718 avia_image' src=\"https:\/\/radiorevelacionfm.cl\/wp-content\/uploads\/2025\/12\/1-2025-12-22T151523.168-1-1.jpg\" alt='' title='1 - 2025-12-22T151523.168 (1) (1)' height=\"600\" width=\"800\"  itemprop=\"thumbnailUrl\" srcset=\"https:\/\/radiorevelacionfm.cl\/wp-content\/uploads\/2025\/12\/1-2025-12-22T151523.168-1-1.jpg 800w, https:\/\/radiorevelacionfm.cl\/wp-content\/uploads\/2025\/12\/1-2025-12-22T151523.168-1-1-300x225.jpg 300w, https:\/\/radiorevelacionfm.cl\/wp-content\/uploads\/2025\/12\/1-2025-12-22T151523.168-1-1-768x576.jpg 768w, https:\/\/radiorevelacionfm.cl\/wp-content\/uploads\/2025\/12\/1-2025-12-22T151523.168-1-1-705x529.jpg 705w, https:\/\/radiorevelacionfm.cl\/wp-content\/uploads\/2025\/12\/1-2025-12-22T151523.168-1-1-450x338.jpg 450w, https:\/\/radiorevelacionfm.cl\/wp-content\/uploads\/2025\/12\/1-2025-12-22T151523.168-1-1-600x450.jpg 600w\" sizes=\"(max-width: 800px) 100vw, 800px\" \/><\/div><\/div><\/div><\/div><div class=\"flex_column av_one_full  flex_column_div av-zero-column-padding first  avia-builder-el-2  el_after_av_one_full  el_before_av_one_full  column-top-margin\" style='border-radius:0px; '><section class=\"av_textblock_section \"  itemscope=\"itemscope\" itemtype=\"https:\/\/schema.org\/BlogPosting\" itemprop=\"blogPost\" ><div class='avia_textblock  '   itemprop=\"text\" ><p style=\"text-align: center;\"><strong><span style=\"font-size: 18pt;\">Primer caso exitoso de acompa\u00f1amiento postegreso en Ays\u00e9n marca hito en la implementaci\u00f3n del nuevo modelo de reinserci\u00f3n juvenil<\/span><\/strong><\/p>\n<div id=\"gtx-trans\" style=\"position: absolute; left: -50px; top: 4.31534px;\">\n<div class=\"gtx-trans-icon\"><\/div>\n<\/div>\n<\/div><\/section><\/div><div class=\"flex_column av_one_full  flex_column_div av-zero-column-padding first  avia-builder-el-4  el_after_av_one_full  el_before_av_hr  column-top-margin\" style='border-radius:0px; '><section class=\"av_textblock_section \"  itemscope=\"itemscope\" itemtype=\"https:\/\/schema.org\/BlogPosting\" itemprop=\"blogPost\" ><div class='avia_textblock  '   itemprop=\"text\" ><p style=\"text-align: justify;\">Con resultados alentadores culmin\u00f3 el primer proceso de acompa\u00f1amiento postegreso en la Regi\u00f3n de Ays\u00e9n, instancia que forma parte del nuevo modelo de reinserci\u00f3n social juvenil y que busca fortalecer la continuidad del trabajo con j\u00f3venes que han cumplido sus sanciones en el marco de la Ley de Responsabilidad Penal Adolescente.<\/p>\n<p style=\"text-align: justify;\">El protagonista de este hito es un joven de 16 a\u00f1os, quien cumpli\u00f3 una sanci\u00f3n de <strong>Libertad Asistida Especial por un delito contra la propiedad<\/strong>, y que voluntariamente accedi\u00f3 a participar durante seis meses en el <strong>acompa\u00f1amiento postegreso<\/strong> implementado por la <strong>Unidad de Apoyo a la Reinserci\u00f3n <\/strong>del nuevo Servicio Nacional de Reinserci\u00f3n Social Juvenil.<\/p>\n<p style=\"text-align: justify;\">Esta estrategia \u2014una de las principales innovaciones de la nueva institucionalidad\u2014 tiene como objetivo sostener en el tiempo los avances logrados durante el proceso de intervenci\u00f3n, brindando orientaci\u00f3n y apoyo personalizado en aspectos como la inserci\u00f3n laboral, el fortalecimiento de v\u00ednculos familiares, la gesti\u00f3n de apoyos comunitarios y la derivaci\u00f3n oportuna a la red intersectorial para la efectiva reinserci\u00f3n social.<\/p>\n<p style=\"text-align: justify;\">Durante los seis meses que dur\u00f3 la intervenci\u00f3n, el trabajo se centr\u00f3 en que el joven pudiera tener acceso a atenciones de salud en distintas \u00e1reas, adem\u00e1s de acompa\u00f1amiento frente a las distintas necesidades que surgieron durante el proceso.<\/p>\n<p style=\"text-align: justify;\">Rodrigo Lefimil, psic\u00f3logo y encargado de la Unidad de Apoyo a la Reinserci\u00f3n, destaca que \u201cel acompa\u00f1amiento postegreso permite que las y los j\u00f3venes no enfrenten solos la etapa posterior al cumplimiento de su sanci\u00f3n, sino que cuenten con un referente que los apoye en sus metas personales y en el mantenimiento de los cambios alcanzados. Este primer caso exitoso demuestra que la estrategia funciona y que vale la pena seguir fortaleciendo este componente en la regi\u00f3n\u201d.<\/p>\n<p style=\"text-align: justify;\">Para el director regional del Servicio Nacional de Reinserci\u00f3n Social Juvenil \u201cla implementaci\u00f3n y funcionamiento de dicha unidad, implica un avance significativo de c\u00f3mo entendemos actualmente los procesos de reinserci\u00f3n, considerando necesario asegurar, a trav\u00e9s de esta estrategia, la efectiva reinserci\u00f3n de las y los j\u00f3venes que atendemos y que han cumplido su sanci\u00f3n satisfactoriamente. El Estado no s\u00f3lo los debe apoyar cuando cumplen una sentencia, sino que tambi\u00e9n cuando \u00e9sta termina y necesitan a alguien al lado para volver a empezar.<\/p>\n<p style=\"text-align: justify;\">El proceso contempl\u00f3 un trabajo conjunto con la red social y familiar del joven, as\u00ed como gestiones espec\u00edficas para mejorar su acceso a servicios de salud y educaci\u00f3n.<\/p>\n<p style=\"text-align: justify;\">El propio joven destac\u00f3 el impacto positivo que tuvo esta experiencia en su vida. \u201cHe aprendido hartas cosas. Lo m\u00e1s importante fue apoyarme m\u00e1s en mi familia para resolver mis problemas y confiar m\u00e1s en m\u00ed para avanzar, ya que, al principio, estaba muy mal, casi con depresi\u00f3n, no quer\u00eda ayuda de nadie. Pero con el programa se not\u00f3 la subida, ahora estoy mejorando y mi familia tambi\u00e9n est\u00e1 mejor, por eso yo recomiendo aceptar este apoyo. Tienen que dejarse ayudar para que todo mejore. Cuando uno pone de su parte, todo sale mejor\u201d, agreg\u00f3.<\/p>\n<p style=\"text-align: justify;\">En los 10 meses de funcionamiento del servicio, la Unidad de Apoyo a la Reinserci\u00f3n ha atendido a cinco j\u00f3venes que han decidido de manera voluntaria acceder al acompa\u00f1amiento postegreso y se proyecta que los j\u00f3venes atendidos durante el presente a\u00f1o lleguen a siete en la regi\u00f3n de Ays\u00e9n.<\/p>\n<\/div><\/section><\/div><div  style='height:50px' class='hr hr-invisible   avia-builder-el-6  el_after_av_one_full  el_before_av_social_share '><span class='hr-inner ' ><span class='hr-inner-style'><\/span><\/span><\/div><\/p>\n<div  class='av-social-sharing-box  avia-builder-el-7  el_after_av_hr  el_before_av_hr  '><div class='av-share-box'><h5 class='av-share-link-description av-no-toc '>Compartir esta noticia<\/h5><ul class='av-share-box-list noLightbox'><li class='av-share-link av-social-link-facebook' ><a target=\"_blank\" aria-label=\"Compartir en Facebook\" href='https:\/\/www.facebook.com\/sharer.php?u=https:\/\/radiorevelacionfm.cl\/?p=62717&#038;t=Primer%20caso%20exitoso%20de%20acompa%C3%B1amiento%20postegreso%20en%20Ays%C3%A9n%20marca%20hito%20en%20la%20implementaci%C3%B3n%20del%20nuevo%20modelo%20de%20reinserci%C3%B3n%20juvenil' aria-hidden='false' data-av_icon='\ue8f3' data-av_iconfont='entypo-fontello' title='' data-avia-related-tooltip='Compartir en Facebook' rel=\"noopener\"><span class='avia_hidden_link_text'>Compartir en Facebook<\/span><\/a><\/li><li class='av-share-link av-social-link-twitter' ><a target=\"_blank\" aria-label=\"Compartir en Twitter\" href='https:\/\/twitter.com\/share?text=Primer%20caso%20exitoso%20de%20acompa%C3%B1amiento%20postegreso%20en%20Ays%C3%A9n%20marca%20hito%20en%20la%20implementaci%C3%B3n%20del%20nuevo%20modelo%20de%20reinserci%C3%B3n%20juvenil&#038;url=https:\/\/radiorevelacionfm.cl\/?p=62717' aria-hidden='false' data-av_icon='\ue8f1' data-av_iconfont='entypo-fontello' title='' data-avia-related-tooltip='Compartir en Twitter' rel=\"noopener\"><span class='avia_hidden_link_text'>Compartir en Twitter<\/span><\/a><\/li><li class='av-share-link av-social-link-whatsapp' ><a target=\"_blank\" aria-label=\"Compartir en Whatsapp\" href='https:\/\/api.whatsapp.com\/send?text=https:\/\/radiorevelacionfm.cl\/?p=62717' aria-hidden='false' data-av_icon='\uf232' data-av_iconfont='entypo-fontello' title='' data-avia-related-tooltip='Compartir en Whatsapp' rel=\"noopener\"><span class='avia_hidden_link_text'>Compartir en Whatsapp<\/span><\/a><\/li><li class='av-share-link av-social-link-linkedin' ><a target=\"_blank\" aria-label=\"Compartir en LinkedIn\" href='https:\/\/linkedin.com\/shareArticle?mini=true&#038;title=Primer%20caso%20exitoso%20de%20acompa%C3%B1amiento%20postegreso%20en%20Ays%C3%A9n%20marca%20hito%20en%20la%20implementaci%C3%B3n%20del%20nuevo%20modelo%20de%20reinserci%C3%B3n%20juvenil&#038;url=https:\/\/radiorevelacionfm.cl\/?p=62717' aria-hidden='false' data-av_icon='\ue8fc' data-av_iconfont='entypo-fontello' title='' data-avia-related-tooltip='Compartir en LinkedIn' rel=\"noopener\"><span class='avia_hidden_link_text'>Compartir en LinkedIn<\/span><\/a><\/li><li class='av-share-link av-social-link-mail' ><a  aria-label=\"Compartir por correo\" href='mailto:?subject=Primer%20caso%20exitoso%20de%20acompa%C3%B1amiento%20postegreso%20en%20Ays%C3%A9n%20marca%20hito%20en%20la%20implementaci%C3%B3n%20del%20nuevo%20modelo%20de%20reinserci%C3%B3n%20juvenil&#038;body=https:\/\/radiorevelacionfm.cl\/?p=62717' aria-hidden='false' data-av_icon='\ue805' data-av_iconfont='entypo-fontello' title='' data-avia-related-tooltip='Compartir por correo'><span class='avia_hidden_link_text'>Compartir por correo<\/span><\/a><\/li><\/ul><\/div><\/div>\n<div  style='height:50px' class='hr hr-invisible   avia-builder-el-8  el_after_av_social_share  el_before_av_comments_list '><span class='hr-inner ' ><span class='hr-inner-style'><\/span><\/span><\/div>\n<div  class='av-buildercomment  av-blog-meta-html-info-disabled av-blog-meta-tag-disabled  '><\/div>\n","protected":false},"excerpt":{"rendered":"","protected":false},"author":1,"featured_media":62718,"comment_status":"closed","ping_status":"closed","sticky":false,"template":"","format":"standard","meta":{"footnotes":""},"categories":[55],"tags":[],"class_list":["post-62717","post","type-post","status-publish","format-standard","has-post-thumbnail","hentry","category-justicia"],"jetpack_featured_media_url":"https:\/\/radiorevelacionfm.cl\/wp-content\/uploads\/2025\/12\/1-2025-12-22T151523.168-1-1.jpg","_links":{"self":[{"href":"https:\/\/radiorevelacionfm.cl\/index.php?rest_route=\/wp\/v2\/posts\/62717","targetHints":{"allow":["GET"]}}],"collection":[{"href":"https:\/\/radiorevelacionfm.cl\/index.php?rest_route=\/wp\/v2\/posts"}],"about":[{"href":"https:\/\/radiorevelacionfm.cl\/index.php?rest_route=\/wp\/v2\/types\/post"}],"author":[{"embeddable":true,"href":"https:\/\/radiorevelacionfm.cl\/index.php?rest_route=\/wp\/v2\/users\/1"}],"replies":[{"embeddable":true,"href":"https:\/\/radiorevelacionfm.cl\/index.php?rest_route=%2Fwp%2Fv2%2Fcomments&post=62717"}],"version-history":[{"count":2,"href":"https:\/\/radiorevelacionfm.cl\/index.php?rest_route=\/wp\/v2\/posts\/62717\/revisions"}],"predecessor-version":[{"id":62720,"href":"https:\/\/radiorevelacionfm.cl\/index.php?rest_route=\/wp\/v2\/posts\/62717\/revisions\/62720"}],"wp:featuredmedia":[{"embeddable":true,"href":"https:\/\/radiorevelacionfm.cl\/index.php?rest_route=\/wp\/v2\/media\/62718"}],"wp:attachment":[{"href":"https:\/\/radiorevelacionfm.cl\/index.php?rest_route=%2Fwp%2Fv2%2Fmedia&parent=62717"}],"wp:term":[{"taxonomy":"category","embeddable":true,"href":"https:\/\/radiorevelacionfm.cl\/index.php?rest_route=%2Fwp%2Fv2%2Fcategories&post=62717"},{"taxonomy":"post_tag","embeddable":true,"href":"https:\/\/radiorevelacionfm.cl\/index.php?rest_route=%2Fwp%2Fv2%2Ftags&post=62717"}],"curies":[{"name":"wp","href":"https:\/\/api.w.org\/{rel}","templated":true}]}}