{"id":62713,"date":"2025-12-22T14:58:35","date_gmt":"2025-12-22T17:58:35","guid":{"rendered":"https:\/\/radiorevelacionfm.cl\/?p=62713"},"modified":"2025-12-22T14:58:35","modified_gmt":"2025-12-22T17:58:35","slug":"cierran-la-9a-version-de-campana-patagonia-ponte-las-pilas-2025-y-retira-casi-una-tonelada-de-pilas-en-desuso-en-la-region-de-aysen","status":"publish","type":"post","link":"https:\/\/radiorevelacionfm.cl\/?p=62713","title":{"rendered":"Cierran la 9\u00aa versi\u00f3n de campa\u00f1a \u201cPatagonia Ponte las Pilas 2025\u201d y retira casi una tonelada de pilas en desuso en la Regi\u00f3n de Ays\u00e9n"},"content":{"rendered":"<div class=\"flex_column av_one_full  flex_column_div av-zero-column-padding first  avia-builder-el-0  el_before_av_one_full  avia-builder-el-first  \" style='border-radius:0px; '><div  class='avia-image-container  av-styling-    avia-builder-el-1  avia-builder-el-no-sibling  avia-align-center '  itemprop=\"image\" itemscope=\"itemscope\" itemtype=\"https:\/\/schema.org\/ImageObject\"  ><div class='avia-image-container-inner'><div class='avia-image-overlay-wrap'><img decoding=\"async\" class='wp-image-62714 avia-img-lazy-loading-not-62714 avia_image' src=\"https:\/\/radiorevelacionfm.cl\/wp-content\/uploads\/2025\/12\/cierre-pilas-2025-3-1_optimized-1.jpeg\" alt='' title='cierre-pilas-2025-(3)-(1)_optimized (1)' height=\"600\" width=\"800\"  itemprop=\"thumbnailUrl\" srcset=\"https:\/\/radiorevelacionfm.cl\/wp-content\/uploads\/2025\/12\/cierre-pilas-2025-3-1_optimized-1.jpeg 800w, https:\/\/radiorevelacionfm.cl\/wp-content\/uploads\/2025\/12\/cierre-pilas-2025-3-1_optimized-1-300x225.jpeg 300w, https:\/\/radiorevelacionfm.cl\/wp-content\/uploads\/2025\/12\/cierre-pilas-2025-3-1_optimized-1-768x576.jpeg 768w, https:\/\/radiorevelacionfm.cl\/wp-content\/uploads\/2025\/12\/cierre-pilas-2025-3-1_optimized-1-705x529.jpeg 705w, https:\/\/radiorevelacionfm.cl\/wp-content\/uploads\/2025\/12\/cierre-pilas-2025-3-1_optimized-1-450x338.jpeg 450w, https:\/\/radiorevelacionfm.cl\/wp-content\/uploads\/2025\/12\/cierre-pilas-2025-3-1_optimized-1-600x450.jpeg 600w\" sizes=\"(max-width: 800px) 100vw, 800px\" \/><\/div><\/div><\/div><\/div><div class=\"flex_column av_one_full  flex_column_div av-zero-column-padding first  avia-builder-el-2  el_after_av_one_full  el_before_av_one_full  column-top-margin\" style='border-radius:0px; '><section class=\"av_textblock_section \"  itemscope=\"itemscope\" itemtype=\"https:\/\/schema.org\/BlogPosting\" itemprop=\"blogPost\" ><div class='avia_textblock  '   itemprop=\"text\" ><p style=\"text-align: center;\"><strong><span style=\"font-size: 18pt;\">Cierran la 9\u00aa versi\u00f3n de campa\u00f1a \u201cPatagonia Ponte las Pilas 2025\u201d y retira casi una tonelada de pilas en desuso en la Regi\u00f3n de Ays\u00e9n<\/span><\/strong><\/p>\n<div id=\"gtx-trans\" style=\"position: absolute; left: -50px; top: 4.31534px;\">\n<div class=\"gtx-trans-icon\"><\/div>\n<\/div>\n<\/div><\/section><\/div><div class=\"flex_column av_one_full  flex_column_div av-zero-column-padding first  avia-builder-el-4  el_after_av_one_full  el_before_av_hr  column-top-margin\" style='border-radius:0px; '><section class=\"av_textblock_section \"  itemscope=\"itemscope\" itemtype=\"https:\/\/schema.org\/BlogPosting\" itemprop=\"blogPost\" ><div class='avia_textblock  '   itemprop=\"text\" ><p style=\"text-align: justify;\"><em>Municipios, establecimientos educacionales, comercio y diversas entidades p\u00fablicas y privadas permitieron reunir casi una tonelada de pilas para su correcta disposici\u00f3n final fuera de la regi\u00f3n de Ays\u00e9n.<\/em><\/p>\n<p style=\"text-align: justify;\">Desde la Central Tehuelche ubicada en Coyhaique, se concret\u00f3 el cierre oficial de la novena versi\u00f3n de la campa\u00f1a \u201cPatagonia ponte las pilas 2025\u201d, iniciativa que por casi una d\u00e9cada ha promovido el retiro seguro y la disposici\u00f3n final adecuada de pilas en desuso en distintas comunas de la Regi\u00f3n de Ays\u00e9n.<\/p>\n<p style=\"text-align: justify;\">El hito cont\u00f3 con la participaci\u00f3n de instituciones aliadas como la Seremi de Medio Ambiente, Serviu Ays\u00e9n y la Tesorer\u00eda General de la Rep\u00fablica en Ays\u00e9n, adem\u00e1s del apoyo de municipios de toda la regi\u00f3n, comercio local, empresas privadas, servicios p\u00fablicos y numerosas organizaciones comunitarias.<\/p>\n<p style=\"text-align: justify;\">Frente a ello, Mar\u00eda de los \u00c1ngeles Gajardo, jefa de Servicio al Cliente de Edelaysen destac\u00f3 \u201cEstamos felices en nuestra novena campa\u00f1a de \u201cPatagonia ponte las pilas\u201d. Este es un muy buen ejemplo donde ha funcionado muy bien las alianzas p\u00fablico-privadas, queremos agradecer especialmente a la Seremi de Medio Ambiente y a todas las entidades que fueron parte de esta iniciativa en 2025, donde logramos aproximadamente una tonelada de almacenaje de pilas, lo que nos tiene muy contentos y esperamos el pr\u00f3ximo a\u00f1o seguirnos fortaleciendo\u201d.<\/p>\n<p style=\"text-align: justify;\">Por su parte, el Seremi de Medio Ambiente, Yoal D\u00edaz mencion\u00f3 \u201cEstamos ya en el cierre de la campa\u00f1a de pilas que lleva Edelaysen en conjunto a muchas instituciones. Desde la Seremi de Medio Ambiente estamos muy felices de ser parte de esta novena campa\u00f1a, una campa\u00f1a hist\u00f3rica que est\u00e1 asentada en la regi\u00f3n de Ays\u00e9n, en todas las localidades, por lo tanto, vemos ah\u00ed con mucha esperanza el avance de esto. Busca tambi\u00e9n visibilizar la necesidad de reducir nuestros residuos y este particularmente que es muy contaminante por lo tanto es importante que todos nos hagamos parte\u201d.<\/p>\n<p style=\"text-align: justify;\">De acuerdo con lo se\u00f1alado por la empresa, ese 2025, la campa\u00f1a permiti\u00f3 retirar casi una tonelada de pilas, destacando el rol fundamental de los establecimientos educacionales de la regi\u00f3n, que incentivaron la participaci\u00f3n de estudiantes, docentes y familias, convirti\u00e9ndose en un motor clave para el \u00e9xito de la iniciativa.<\/p>\n<p style=\"text-align: justify;\">En ese sentido, el Tesorero Regional de Ays\u00e9n Juan Andr\u00e9s Galilea expres\u00f3: \u201cNosotros como Tesorer\u00eda somos una instituci\u00f3n que est\u00e1 avanzando en el Estado Verde estamos certificados de hecho y este es un ejemplo, m\u00e1s hoy d\u00eda que ya estamos midiendo nuestra huella de carbono, sabemos que residuos generamos, hemos generado ahorro de energ\u00eda, agua y b\u00e1sicamente la disposici\u00f3n de residuos que no se utilizan. Esta es una campa\u00f1a en la que nos acogimos hace 4 o 5 a\u00f1os atr\u00e1s, apoyando a Edelaysen y Medio Ambiente porque creemos que es relevante para mantener nuestro ecosistema lo m\u00e1s limpio posible\u201d.<\/p>\n<p style=\"text-align: justify;\">La actividad de cierre dio inicio al traslado del material recolectado para su disposici\u00f3n final en un gestor autorizado fuera de la regi\u00f3n, lo que evita impactos ambientales asociados al abandono o acumulaci\u00f3n de pilas en desuso.<\/p>\n<p style=\"text-align: justify;\">Con la finalizaci\u00f3n de esta novena versi\u00f3n, Edelaysen reafirma su compromiso con la sostenibilidad, la educaci\u00f3n ambiental y el trabajo colaborativo con instituciones y comunidades de la regi\u00f3n de Ays\u00e9n, consolidando esta campa\u00f1a como una de las m\u00e1s representativas y efectivas en materia de recolecci\u00f3n segura de estos elementos nocivos y altamente contaminantes.<\/p>\n<\/div><\/section><\/div><div  style='height:50px' class='hr hr-invisible   avia-builder-el-6  el_after_av_one_full  el_before_av_social_share '><span class='hr-inner ' ><span class='hr-inner-style'><\/span><\/span><\/div><\/p>\n<div  class='av-social-sharing-box  avia-builder-el-7  el_after_av_hr  el_before_av_hr  '><div class='av-share-box'><h5 class='av-share-link-description av-no-toc '>Compartir esta noticia<\/h5><ul class='av-share-box-list noLightbox'><li class='av-share-link av-social-link-facebook' ><a target=\"_blank\" aria-label=\"Compartir en Facebook\" href='https:\/\/www.facebook.com\/sharer.php?u=https:\/\/radiorevelacionfm.cl\/?p=62713&#038;t=Cierran%20la%209%C2%AA%20versi%C3%B3n%20de%20campa%C3%B1a%20%E2%80%9CPatagonia%20Ponte%20las%20Pilas%202025%E2%80%9D%20y%20retira%20casi%20una%20tonelada%20de%20pilas%20en%20desuso%20en%20la%20Regi%C3%B3n%20de%20Ays%C3%A9n' aria-hidden='false' data-av_icon='\ue8f3' data-av_iconfont='entypo-fontello' title='' data-avia-related-tooltip='Compartir en Facebook' rel=\"noopener\"><span class='avia_hidden_link_text'>Compartir en Facebook<\/span><\/a><\/li><li class='av-share-link av-social-link-twitter' ><a target=\"_blank\" aria-label=\"Compartir en Twitter\" href='https:\/\/twitter.com\/share?text=Cierran%20la%209%C2%AA%20versi%C3%B3n%20de%20campa%C3%B1a%20%E2%80%9CPatagonia%20Ponte%20las%20Pilas%202025%E2%80%9D%20y%20retira%20casi%20una%20tonelada%20de%20pilas%20en%20desuso%20en%20la%20Regi%C3%B3n%20de%20Ays%C3%A9n&#038;url=https:\/\/radiorevelacionfm.cl\/?p=62713' aria-hidden='false' data-av_icon='\ue8f1' data-av_iconfont='entypo-fontello' title='' data-avia-related-tooltip='Compartir en Twitter' rel=\"noopener\"><span class='avia_hidden_link_text'>Compartir en Twitter<\/span><\/a><\/li><li class='av-share-link av-social-link-whatsapp' ><a target=\"_blank\" aria-label=\"Compartir en Whatsapp\" href='https:\/\/api.whatsapp.com\/send?text=https:\/\/radiorevelacionfm.cl\/?p=62713' aria-hidden='false' data-av_icon='\uf232' data-av_iconfont='entypo-fontello' title='' data-avia-related-tooltip='Compartir en Whatsapp' rel=\"noopener\"><span class='avia_hidden_link_text'>Compartir en Whatsapp<\/span><\/a><\/li><li class='av-share-link av-social-link-linkedin' ><a target=\"_blank\" aria-label=\"Compartir en LinkedIn\" href='https:\/\/linkedin.com\/shareArticle?mini=true&#038;title=Cierran%20la%209%C2%AA%20versi%C3%B3n%20de%20campa%C3%B1a%20%E2%80%9CPatagonia%20Ponte%20las%20Pilas%202025%E2%80%9D%20y%20retira%20casi%20una%20tonelada%20de%20pilas%20en%20desuso%20en%20la%20Regi%C3%B3n%20de%20Ays%C3%A9n&#038;url=https:\/\/radiorevelacionfm.cl\/?p=62713' aria-hidden='false' data-av_icon='\ue8fc' data-av_iconfont='entypo-fontello' title='' data-avia-related-tooltip='Compartir en LinkedIn' rel=\"noopener\"><span class='avia_hidden_link_text'>Compartir en LinkedIn<\/span><\/a><\/li><li class='av-share-link av-social-link-mail' ><a  aria-label=\"Compartir por correo\" href='mailto:?subject=Cierran%20la%209%C2%AA%20versi%C3%B3n%20de%20campa%C3%B1a%20%E2%80%9CPatagonia%20Ponte%20las%20Pilas%202025%E2%80%9D%20y%20retira%20casi%20una%20tonelada%20de%20pilas%20en%20desuso%20en%20la%20Regi%C3%B3n%20de%20Ays%C3%A9n&#038;body=https:\/\/radiorevelacionfm.cl\/?p=62713' aria-hidden='false' data-av_icon='\ue805' data-av_iconfont='entypo-fontello' title='' data-avia-related-tooltip='Compartir por correo'><span class='avia_hidden_link_text'>Compartir por correo<\/span><\/a><\/li><\/ul><\/div><\/div>\n<div  style='height:50px' class='hr hr-invisible   avia-builder-el-8  el_after_av_social_share  el_before_av_comments_list '><span class='hr-inner ' ><span class='hr-inner-style'><\/span><\/span><\/div>\n<div  class='av-buildercomment  av-blog-meta-html-info-disabled av-blog-meta-tag-disabled  '><\/div>\n","protected":false},"excerpt":{"rendered":"","protected":false},"author":1,"featured_media":62714,"comment_status":"closed","ping_status":"closed","sticky":false,"template":"","format":"standard","meta":{"footnotes":""},"categories":[38],"tags":[],"class_list":["post-62713","post","type-post","status-publish","format-standard","has-post-thumbnail","hentry","category-regional"],"jetpack_featured_media_url":"https:\/\/radiorevelacionfm.cl\/wp-content\/uploads\/2025\/12\/cierre-pilas-2025-3-1_optimized-1.jpeg","_links":{"self":[{"href":"https:\/\/radiorevelacionfm.cl\/index.php?rest_route=\/wp\/v2\/posts\/62713","targetHints":{"allow":["GET"]}}],"collection":[{"href":"https:\/\/radiorevelacionfm.cl\/index.php?rest_route=\/wp\/v2\/posts"}],"about":[{"href":"https:\/\/radiorevelacionfm.cl\/index.php?rest_route=\/wp\/v2\/types\/post"}],"author":[{"embeddable":true,"href":"https:\/\/radiorevelacionfm.cl\/index.php?rest_route=\/wp\/v2\/users\/1"}],"replies":[{"embeddable":true,"href":"https:\/\/radiorevelacionfm.cl\/index.php?rest_route=%2Fwp%2Fv2%2Fcomments&post=62713"}],"version-history":[{"count":2,"href":"https:\/\/radiorevelacionfm.cl\/index.php?rest_route=\/wp\/v2\/posts\/62713\/revisions"}],"predecessor-version":[{"id":62716,"href":"https:\/\/radiorevelacionfm.cl\/index.php?rest_route=\/wp\/v2\/posts\/62713\/revisions\/62716"}],"wp:featuredmedia":[{"embeddable":true,"href":"https:\/\/radiorevelacionfm.cl\/index.php?rest_route=\/wp\/v2\/media\/62714"}],"wp:attachment":[{"href":"https:\/\/radiorevelacionfm.cl\/index.php?rest_route=%2Fwp%2Fv2%2Fmedia&parent=62713"}],"wp:term":[{"taxonomy":"category","embeddable":true,"href":"https:\/\/radiorevelacionfm.cl\/index.php?rest_route=%2Fwp%2Fv2%2Fcategories&post=62713"},{"taxonomy":"post_tag","embeddable":true,"href":"https:\/\/radiorevelacionfm.cl\/index.php?rest_route=%2Fwp%2Fv2%2Ftags&post=62713"}],"curies":[{"name":"wp","href":"https:\/\/api.w.org\/{rel}","templated":true}]}}