{"id":62704,"date":"2025-12-22T14:41:10","date_gmt":"2025-12-22T17:41:10","guid":{"rendered":"https:\/\/radiorevelacionfm.cl\/?p=62704"},"modified":"2025-12-22T14:41:10","modified_gmt":"2025-12-22T17:41:10","slug":"municipio-de-cochrane-finaliza-navidades-rurales-junto-a-juntas-de-vecinos-y-convoca-a-cierre-comunal","status":"publish","type":"post","link":"https:\/\/radiorevelacionfm.cl\/?p=62704","title":{"rendered":"Municipio de Cochrane finaliza Navidades Rurales junto a juntas de vecinos y convoca a cierre comunal"},"content":{"rendered":"<div class=\"flex_column av_one_full  flex_column_div av-zero-column-padding first  avia-builder-el-0  el_before_av_one_full  avia-builder-el-first  \" style='border-radius:0px; '><div  class='avia-image-container  av-styling-    avia-builder-el-1  avia-builder-el-no-sibling  avia-align-center '  itemprop=\"image\" itemscope=\"itemscope\" itemtype=\"https:\/\/schema.org\/ImageObject\"  ><div class='avia-image-container-inner'><div class='avia-image-overlay-wrap'><img decoding=\"async\" class='wp-image-62705 avia-img-lazy-loading-not-62705 avia_image' src=\"https:\/\/radiorevelacionfm.cl\/wp-content\/uploads\/2025\/12\/navidades-rruales-y-viejito-pascuero-3-1_optimized-1.jpg\" alt='' title='navidades-rruales-y-viejito-pascuero-(3)-(1)_optimized (1)' height=\"600\" width=\"900\"  itemprop=\"thumbnailUrl\" srcset=\"https:\/\/radiorevelacionfm.cl\/wp-content\/uploads\/2025\/12\/navidades-rruales-y-viejito-pascuero-3-1_optimized-1.jpg 900w, https:\/\/radiorevelacionfm.cl\/wp-content\/uploads\/2025\/12\/navidades-rruales-y-viejito-pascuero-3-1_optimized-1-300x200.jpg 300w, https:\/\/radiorevelacionfm.cl\/wp-content\/uploads\/2025\/12\/navidades-rruales-y-viejito-pascuero-3-1_optimized-1-768x512.jpg 768w, https:\/\/radiorevelacionfm.cl\/wp-content\/uploads\/2025\/12\/navidades-rruales-y-viejito-pascuero-3-1_optimized-1-705x470.jpg 705w, https:\/\/radiorevelacionfm.cl\/wp-content\/uploads\/2025\/12\/navidades-rruales-y-viejito-pascuero-3-1_optimized-1-450x300.jpg 450w, https:\/\/radiorevelacionfm.cl\/wp-content\/uploads\/2025\/12\/navidades-rruales-y-viejito-pascuero-3-1_optimized-1-600x400.jpg 600w\" sizes=\"(max-width: 900px) 100vw, 900px\" \/><\/div><\/div><\/div><\/div><div class=\"flex_column av_one_full  flex_column_div av-zero-column-padding first  avia-builder-el-2  el_after_av_one_full  el_before_av_one_full  column-top-margin\" style='border-radius:0px; '><section class=\"av_textblock_section \"  itemscope=\"itemscope\" itemtype=\"https:\/\/schema.org\/BlogPosting\" itemprop=\"blogPost\" ><div class='avia_textblock  '   itemprop=\"text\" ><p style=\"text-align: center;\"><strong><span style=\"font-size: 18pt;\">Municipio de Cochrane finaliza Navidades Rurales junto a juntas de vecinos y convoca a cierre comunal<\/span><\/strong><\/p>\n<div id=\"gtx-trans\" style=\"position: absolute; left: -50px; top: 4.31534px;\">\n<div class=\"gtx-trans-icon\"><\/div>\n<\/div>\n<\/div><\/section><\/div><div class=\"flex_column av_one_full  flex_column_div av-zero-column-padding first  avia-builder-el-4  el_after_av_one_full  el_before_av_hr  column-top-margin\" style='border-radius:0px; '><section class=\"av_textblock_section \"  itemscope=\"itemscope\" itemtype=\"https:\/\/schema.org\/BlogPosting\" itemprop=\"blogPost\" ><div class='avia_textblock  '   itemprop=\"text\" ><p style=\"text-align: justify;\">Con un amplio despliegue territorial y una alta participaci\u00f3n de las comunidades rurales de Cochrane, la Ilustre Municipalidad de Cochrane dio por finalizado el recorrido de las Navidades Rurales, iniciativa que durante el mes de diciembre permiti\u00f3 llevar el esp\u00edritu navide\u00f1o a distintos sectores rurales de la comuna, fortaleciendo el encuentro comunitario y la cercan\u00eda con las familias.<\/p>\n<p style=\"text-align: justify;\">El recorrido consider\u00f3 visitas a diversas <strong>juntas de vecinos rurales<\/strong>, donde ni\u00f1os y ni\u00f1as compartieron junto al Viejito Pascuero, recibiendo regalos y viviendo jornadas marcadas por la alegr\u00eda, la esperanza y la vida en comunidad. Las celebraciones se desarrollaron en sectores como <strong>Esperanza Los \u00d1adis, Lago Cochrane, Lago Vargas, Puente Los \u00d1adis, San Lorenzo y Mait\u00e9n-Neff<\/strong>, entre otros, destacando el compromiso de dirigentes y vecinos del mundo rural.<\/p>\n<p style=\"text-align: justify;\">El alcalde de la comuna, <strong>Patricio Ulloa Georgia<\/strong>, valor\u00f3 profundamente esta iniciativa, se\u00f1alando, \u201cLa Navidad es tiempo de amor, esperanza y comunidad. Como es tradici\u00f3n en Cochrane, durante diciembre el Viejito Pascuero recorre nuestros sectores rurales, donde la Navidad se vive en comunidad, junto a los vecinos, los ni\u00f1os, las ni\u00f1as y las familias, con la esperanza de un a\u00f1o mejor. Agradecemos especialmente a los dirigentes, dirigentas, pobladores y adultos mayores del mundo rural, quienes mantienen viva nuestra identidad y esp\u00edritu comunitario.\u201d<\/p>\n<p style=\"text-align: justify;\">Por su parte, <strong>el Viejito Pascuero <\/strong>tambi\u00e9n entreg\u00f3 un mensaje especial a los ni\u00f1os y ni\u00f1as de la comuna y regi\u00f3n de Ays\u00e9n, destacando el esfuerzo realizado para llegar a cada rinc\u00f3n del territorio, \u201c\u00a1Ho, ho, ho! Hemos recorrido los sectores rurales de Cochrane en bicicleta, en kayak, en cuatrimoto, a caballo y a pie, de todas las formas posibles para llegar a cada rinc\u00f3n. Queremos invitar a todos los ni\u00f1os y ni\u00f1as a reencontrarnos este martes 23 de diciembre en la Plaza de Armas de Cochrane, para compartir y recibir sus regalitos. Disfruten en familia y vivan una hermosa Navidad.\u201d<\/p>\n<p style=\"text-align: justify;\">Como cierre de este recorrido navide\u00f1o, la Municipalidad de Cochrane invita a toda la comunidad del Cochrane Urbano a participar de la Navidad Comunal, que se realizar\u00e1 este martes 23 de diciembre, desde las 15:00 horas, en la Plaza de Armas de Cochrane, instancia abierta para compartir en familia y permitir que los ni\u00f1os y ni\u00f1as vivan una tarde llena de alegr\u00eda, juegos y sorpresas.<\/p>\n<p style=\"text-align: justify;\">Esta celebraci\u00f3n ser\u00e1 posible gracias al trabajo colaborativo entre el municipio y diversas instituciones y organizaciones locales, destacando la participaci\u00f3n del Cuerpo de Bomberos de Cochrane, el Ej\u00e9rcito de Chile, la Feria Libre de Cochrane, agrupaciones culturales y art\u00edsticas como el grupo de Ballet, adem\u00e1s de establecimientos educacionales como la Escuela Hern\u00e1n Merino Correa, el Liceo Bicentenario Austral Lord Cochrane, coros escolares y otros actores comunitarios que se han sumado con entusiasmo a esta jornada.<\/p>\n<p style=\"text-align: justify;\">Desde el municipio se reiter\u00f3 el agradecimiento a todas las juntas de vecinos, dirigentes y comunidades rurales que hicieron posible el desarrollo de las Navidades Rurales, reafirmando el compromiso de seguir fortaleciendo la vida comunitaria, la identidad local y la presencia municipal en todo el territorio comunal.<\/p>\n<\/div><\/section><\/div><div  style='height:50px' class='hr hr-invisible   avia-builder-el-6  el_after_av_one_full  el_before_av_social_share '><span class='hr-inner ' ><span class='hr-inner-style'><\/span><\/span><\/div><\/p>\n<div  class='av-social-sharing-box  avia-builder-el-7  el_after_av_hr  el_before_av_hr  '><div class='av-share-box'><h5 class='av-share-link-description av-no-toc '>Compartir esta noticia<\/h5><ul class='av-share-box-list noLightbox'><li class='av-share-link av-social-link-facebook' ><a target=\"_blank\" aria-label=\"Compartir en Facebook\" href='https:\/\/www.facebook.com\/sharer.php?u=https:\/\/radiorevelacionfm.cl\/?p=62704&#038;t=Municipio%20de%20Cochrane%20finaliza%20Navidades%20Rurales%20junto%20a%20juntas%20de%20vecinos%20y%20convoca%20a%20cierre%20comunal' aria-hidden='false' data-av_icon='\ue8f3' data-av_iconfont='entypo-fontello' title='' data-avia-related-tooltip='Compartir en Facebook' rel=\"noopener\"><span class='avia_hidden_link_text'>Compartir en Facebook<\/span><\/a><\/li><li class='av-share-link av-social-link-twitter' ><a target=\"_blank\" aria-label=\"Compartir en Twitter\" href='https:\/\/twitter.com\/share?text=Municipio%20de%20Cochrane%20finaliza%20Navidades%20Rurales%20junto%20a%20juntas%20de%20vecinos%20y%20convoca%20a%20cierre%20comunal&#038;url=https:\/\/radiorevelacionfm.cl\/?p=62704' aria-hidden='false' data-av_icon='\ue8f1' data-av_iconfont='entypo-fontello' title='' data-avia-related-tooltip='Compartir en Twitter' rel=\"noopener\"><span class='avia_hidden_link_text'>Compartir en Twitter<\/span><\/a><\/li><li class='av-share-link av-social-link-whatsapp' ><a target=\"_blank\" aria-label=\"Compartir en Whatsapp\" href='https:\/\/api.whatsapp.com\/send?text=https:\/\/radiorevelacionfm.cl\/?p=62704' aria-hidden='false' data-av_icon='\uf232' data-av_iconfont='entypo-fontello' title='' data-avia-related-tooltip='Compartir en Whatsapp' rel=\"noopener\"><span class='avia_hidden_link_text'>Compartir en Whatsapp<\/span><\/a><\/li><li class='av-share-link av-social-link-linkedin' ><a target=\"_blank\" aria-label=\"Compartir en LinkedIn\" href='https:\/\/linkedin.com\/shareArticle?mini=true&#038;title=Municipio%20de%20Cochrane%20finaliza%20Navidades%20Rurales%20junto%20a%20juntas%20de%20vecinos%20y%20convoca%20a%20cierre%20comunal&#038;url=https:\/\/radiorevelacionfm.cl\/?p=62704' aria-hidden='false' data-av_icon='\ue8fc' data-av_iconfont='entypo-fontello' title='' data-avia-related-tooltip='Compartir en LinkedIn' rel=\"noopener\"><span class='avia_hidden_link_text'>Compartir en LinkedIn<\/span><\/a><\/li><li class='av-share-link av-social-link-mail' ><a  aria-label=\"Compartir por correo\" href='mailto:?subject=Municipio%20de%20Cochrane%20finaliza%20Navidades%20Rurales%20junto%20a%20juntas%20de%20vecinos%20y%20convoca%20a%20cierre%20comunal&#038;body=https:\/\/radiorevelacionfm.cl\/?p=62704' aria-hidden='false' data-av_icon='\ue805' data-av_iconfont='entypo-fontello' title='' data-avia-related-tooltip='Compartir por correo'><span class='avia_hidden_link_text'>Compartir por correo<\/span><\/a><\/li><\/ul><\/div><\/div>\n<div  style='height:50px' class='hr hr-invisible   avia-builder-el-8  el_after_av_social_share  el_before_av_comments_list '><span class='hr-inner ' ><span class='hr-inner-style'><\/span><\/span><\/div>\n<div  class='av-buildercomment  av-blog-meta-html-info-disabled av-blog-meta-tag-disabled  '><\/div>\n","protected":false},"excerpt":{"rendered":"","protected":false},"author":1,"featured_media":62705,"comment_status":"closed","ping_status":"closed","sticky":false,"template":"","format":"standard","meta":{"footnotes":""},"categories":[38],"tags":[],"class_list":["post-62704","post","type-post","status-publish","format-standard","has-post-thumbnail","hentry","category-regional"],"jetpack_featured_media_url":"https:\/\/radiorevelacionfm.cl\/wp-content\/uploads\/2025\/12\/navidades-rruales-y-viejito-pascuero-3-1_optimized-1.jpg","_links":{"self":[{"href":"https:\/\/radiorevelacionfm.cl\/index.php?rest_route=\/wp\/v2\/posts\/62704","targetHints":{"allow":["GET"]}}],"collection":[{"href":"https:\/\/radiorevelacionfm.cl\/index.php?rest_route=\/wp\/v2\/posts"}],"about":[{"href":"https:\/\/radiorevelacionfm.cl\/index.php?rest_route=\/wp\/v2\/types\/post"}],"author":[{"embeddable":true,"href":"https:\/\/radiorevelacionfm.cl\/index.php?rest_route=\/wp\/v2\/users\/1"}],"replies":[{"embeddable":true,"href":"https:\/\/radiorevelacionfm.cl\/index.php?rest_route=%2Fwp%2Fv2%2Fcomments&post=62704"}],"version-history":[{"count":2,"href":"https:\/\/radiorevelacionfm.cl\/index.php?rest_route=\/wp\/v2\/posts\/62704\/revisions"}],"predecessor-version":[{"id":62707,"href":"https:\/\/radiorevelacionfm.cl\/index.php?rest_route=\/wp\/v2\/posts\/62704\/revisions\/62707"}],"wp:featuredmedia":[{"embeddable":true,"href":"https:\/\/radiorevelacionfm.cl\/index.php?rest_route=\/wp\/v2\/media\/62705"}],"wp:attachment":[{"href":"https:\/\/radiorevelacionfm.cl\/index.php?rest_route=%2Fwp%2Fv2%2Fmedia&parent=62704"}],"wp:term":[{"taxonomy":"category","embeddable":true,"href":"https:\/\/radiorevelacionfm.cl\/index.php?rest_route=%2Fwp%2Fv2%2Fcategories&post=62704"},{"taxonomy":"post_tag","embeddable":true,"href":"https:\/\/radiorevelacionfm.cl\/index.php?rest_route=%2Fwp%2Fv2%2Ftags&post=62704"}],"curies":[{"name":"wp","href":"https:\/\/api.w.org\/{rel}","templated":true}]}}