{"id":62700,"date":"2025-12-22T10:34:47","date_gmt":"2025-12-22T13:34:47","guid":{"rendered":"https:\/\/radiorevelacionfm.cl\/?p=62700"},"modified":"2025-12-22T10:34:47","modified_gmt":"2025-12-22T13:34:47","slug":"concejo-municipal-de-aysen-reconoce-como-hija-ilustre-a-exalcaldesa-de-la-comuna","status":"publish","type":"post","link":"https:\/\/radiorevelacionfm.cl\/?p=62700","title":{"rendered":"Concejo Municipal de Ays\u00e9n reconoce como Hija Ilustre a exalcaldesa de la comuna"},"content":{"rendered":"<div class=\"flex_column av_one_full  flex_column_div av-zero-column-padding first  avia-builder-el-0  el_before_av_one_full  avia-builder-el-first  \" style='border-radius:0px; '><div  class='avia-image-container  av-styling-    avia-builder-el-1  avia-builder-el-no-sibling  avia-align-center '  itemprop=\"image\" itemscope=\"itemscope\" itemtype=\"https:\/\/schema.org\/ImageObject\"  ><div class='avia-image-container-inner'><div class='avia-image-overlay-wrap'><img decoding=\"async\" class='wp-image-62701 avia-img-lazy-loading-not-62701 avia_image' src=\"https:\/\/radiorevelacionfm.cl\/wp-content\/uploads\/2025\/12\/Hija-Ilustre-Berenice-Gillibrand-4-1-1.jpeg\" alt='' title='Hija Ilustre Berenice Gillibrand (4) (1) (1)' height=\"600\" width=\"1068\"  itemprop=\"thumbnailUrl\" srcset=\"https:\/\/radiorevelacionfm.cl\/wp-content\/uploads\/2025\/12\/Hija-Ilustre-Berenice-Gillibrand-4-1-1.jpeg 1068w, https:\/\/radiorevelacionfm.cl\/wp-content\/uploads\/2025\/12\/Hija-Ilustre-Berenice-Gillibrand-4-1-1-300x169.jpeg 300w, https:\/\/radiorevelacionfm.cl\/wp-content\/uploads\/2025\/12\/Hija-Ilustre-Berenice-Gillibrand-4-1-1-1030x579.jpeg 1030w, https:\/\/radiorevelacionfm.cl\/wp-content\/uploads\/2025\/12\/Hija-Ilustre-Berenice-Gillibrand-4-1-1-768x431.jpeg 768w, https:\/\/radiorevelacionfm.cl\/wp-content\/uploads\/2025\/12\/Hija-Ilustre-Berenice-Gillibrand-4-1-1-705x396.jpeg 705w, https:\/\/radiorevelacionfm.cl\/wp-content\/uploads\/2025\/12\/Hija-Ilustre-Berenice-Gillibrand-4-1-1-450x253.jpeg 450w, https:\/\/radiorevelacionfm.cl\/wp-content\/uploads\/2025\/12\/Hija-Ilustre-Berenice-Gillibrand-4-1-1-600x337.jpeg 600w\" sizes=\"(max-width: 1068px) 100vw, 1068px\" \/><\/div><\/div><\/div><\/div><div class=\"flex_column av_one_full  flex_column_div av-zero-column-padding first  avia-builder-el-2  el_after_av_one_full  el_before_av_one_full  column-top-margin\" style='border-radius:0px; '><section class=\"av_textblock_section \"  itemscope=\"itemscope\" itemtype=\"https:\/\/schema.org\/BlogPosting\" itemprop=\"blogPost\" ><div class='avia_textblock  '   itemprop=\"text\" ><p style=\"text-align: center;\"><strong><span style=\"font-size: 18pt;\">Concejo Municipal de Ays\u00e9n reconoce como Hija Ilustre a exalcaldesa de la comuna<\/span><\/strong><\/p>\n<div id=\"gtx-trans\" style=\"position: absolute; left: -50px; top: 4.31534px;\">\n<div class=\"gtx-trans-icon\"><\/div>\n<\/div>\n<\/div><\/section><\/div><div class=\"flex_column av_one_full  flex_column_div av-zero-column-padding first  avia-builder-el-4  el_after_av_one_full  el_before_av_hr  column-top-margin\" style='border-radius:0px; '><section class=\"av_textblock_section \"  itemscope=\"itemscope\" itemtype=\"https:\/\/schema.org\/BlogPosting\" itemprop=\"blogPost\" ><div class='avia_textblock  '   itemprop=\"text\" ><p style=\"text-align: justify;\">A comienzos del presente a\u00f1o, el Concejo Municipal de Ays\u00e9n otorg\u00f3 el m\u00e1ximo reconocimiento honor\u00edfico de la comuna a Berenice Gillibrand Mellado, quien se desempe\u00f1\u00f3 como alcaldesa entre los a\u00f1os 1985 y 1989. Debido a que la homenajeada se encontraba fuera del pa\u00eds, la distinci\u00f3n pudo ser recibida de manera presencial reci\u00e9n en el mes de diciembre, en el marco de una sesi\u00f3n del Concejo Municipal.<\/p>\n<p style=\"text-align: justify;\">El reconocimiento fue concedido de manera un\u00e1nime, destacando su liderazgo visionario, su cercan\u00eda con la comunidad y su trayectoria marcada por la lucha y la perseverancia, cualidades que la convierten en un referente para la historia local. A sus 83 a\u00f1os, Berenice Gillibrand se convirti\u00f3 oficialmente en Hija Ilustre de Ays\u00e9n, en un emotivo acto que reuni\u00f3 a autoridades y vecinos de la comuna.<\/p>\n<p style=\"text-align: justify;\">Visiblemente emocionada, la exalcaldesa expres\u00f3 que este reconocimiento tuvo un significado especial para ella. \u201cNo soy una persona que se emocione f\u00e1cilmente, pero me impact\u00f3 profundamente ver a personas de distintas tendencias pol\u00edticas rindiendo homenaje a alguien que siempre fue muy comprometida con su sector, pero tambi\u00e9n consciente de que solo trabajando entre todos podemos salir adelante y sacar adelante esta ciudad, que es preciosa\u201d, se\u00f1al\u00f3.<\/p>\n<p style=\"text-align: justify;\">Berenice Gillibrand destac\u00f3 adem\u00e1s sentirse profundamente identificada con los valores de los ayseninos: el esfuerzo, la humildad y la disposici\u00f3n al trabajo. Proveniente del mundo gremial, lleg\u00f3 a liderar siete organizaciones de trabajadores, experiencia que fue clave en su camino hacia la alcald\u00eda.<\/p>\n<p style=\"text-align: justify;\">Finalmente, la nueva Hija Ilustre de Ays\u00e9n valor\u00f3 la identidad y el esp\u00edritu solidario de la comuna, compar\u00e1ndolos con sus experiencias alrededor del mundo. \u201cLo mejor de Ays\u00e9n es, primero, su naturaleza y, segundo, su gente. Aqu\u00ed las personas son gentiles y solidarias; basta ver c\u00f3mo ayudamos a un visitante que no sabe a d\u00f3nde ir, incluso sin hablar su idioma. Ese esp\u00edritu no se ve en todas partes del mundo\u201d, concluy\u00f3.<\/p>\n<\/div><\/section><\/div><div  style='height:50px' class='hr hr-invisible   avia-builder-el-6  el_after_av_one_full  el_before_av_social_share '><span class='hr-inner ' ><span class='hr-inner-style'><\/span><\/span><\/div><\/p>\n<div  class='av-social-sharing-box  avia-builder-el-7  el_after_av_hr  el_before_av_hr  '><div class='av-share-box'><h5 class='av-share-link-description av-no-toc '>Compartir esta noticia<\/h5><ul class='av-share-box-list noLightbox'><li class='av-share-link av-social-link-facebook' ><a target=\"_blank\" aria-label=\"Compartir en Facebook\" href='https:\/\/www.facebook.com\/sharer.php?u=https:\/\/radiorevelacionfm.cl\/?p=62700&#038;t=Concejo%20Municipal%20de%20Ays%C3%A9n%20reconoce%20como%20Hija%20Ilustre%20a%20exalcaldesa%20de%20la%20comuna' aria-hidden='false' data-av_icon='\ue8f3' data-av_iconfont='entypo-fontello' title='' data-avia-related-tooltip='Compartir en Facebook' rel=\"noopener\"><span class='avia_hidden_link_text'>Compartir en Facebook<\/span><\/a><\/li><li class='av-share-link av-social-link-twitter' ><a target=\"_blank\" aria-label=\"Compartir en Twitter\" href='https:\/\/twitter.com\/share?text=Concejo%20Municipal%20de%20Ays%C3%A9n%20reconoce%20como%20Hija%20Ilustre%20a%20exalcaldesa%20de%20la%20comuna&#038;url=https:\/\/radiorevelacionfm.cl\/?p=62700' aria-hidden='false' data-av_icon='\ue8f1' data-av_iconfont='entypo-fontello' title='' data-avia-related-tooltip='Compartir en Twitter' rel=\"noopener\"><span class='avia_hidden_link_text'>Compartir en Twitter<\/span><\/a><\/li><li class='av-share-link av-social-link-whatsapp' ><a target=\"_blank\" aria-label=\"Compartir en Whatsapp\" href='https:\/\/api.whatsapp.com\/send?text=https:\/\/radiorevelacionfm.cl\/?p=62700' aria-hidden='false' data-av_icon='\uf232' data-av_iconfont='entypo-fontello' title='' data-avia-related-tooltip='Compartir en Whatsapp' rel=\"noopener\"><span class='avia_hidden_link_text'>Compartir en Whatsapp<\/span><\/a><\/li><li class='av-share-link av-social-link-linkedin' ><a target=\"_blank\" aria-label=\"Compartir en LinkedIn\" href='https:\/\/linkedin.com\/shareArticle?mini=true&#038;title=Concejo%20Municipal%20de%20Ays%C3%A9n%20reconoce%20como%20Hija%20Ilustre%20a%20exalcaldesa%20de%20la%20comuna&#038;url=https:\/\/radiorevelacionfm.cl\/?p=62700' aria-hidden='false' data-av_icon='\ue8fc' data-av_iconfont='entypo-fontello' title='' data-avia-related-tooltip='Compartir en LinkedIn' rel=\"noopener\"><span class='avia_hidden_link_text'>Compartir en LinkedIn<\/span><\/a><\/li><li class='av-share-link av-social-link-mail' ><a  aria-label=\"Compartir por correo\" href='mailto:?subject=Concejo%20Municipal%20de%20Ays%C3%A9n%20reconoce%20como%20Hija%20Ilustre%20a%20exalcaldesa%20de%20la%20comuna&#038;body=https:\/\/radiorevelacionfm.cl\/?p=62700' aria-hidden='false' data-av_icon='\ue805' data-av_iconfont='entypo-fontello' title='' data-avia-related-tooltip='Compartir por correo'><span class='avia_hidden_link_text'>Compartir por correo<\/span><\/a><\/li><\/ul><\/div><\/div>\n<div  style='height:50px' class='hr hr-invisible   avia-builder-el-8  el_after_av_social_share  el_before_av_comments_list '><span class='hr-inner ' ><span class='hr-inner-style'><\/span><\/span><\/div>\n<div  class='av-buildercomment  av-blog-meta-html-info-disabled av-blog-meta-tag-disabled  '><\/div>\n","protected":false},"excerpt":{"rendered":"","protected":false},"author":1,"featured_media":62701,"comment_status":"closed","ping_status":"closed","sticky":false,"template":"","format":"standard","meta":{"footnotes":""},"categories":[38],"tags":[],"class_list":["post-62700","post","type-post","status-publish","format-standard","has-post-thumbnail","hentry","category-regional"],"jetpack_featured_media_url":"https:\/\/radiorevelacionfm.cl\/wp-content\/uploads\/2025\/12\/Hija-Ilustre-Berenice-Gillibrand-4-1-1.jpeg","_links":{"self":[{"href":"https:\/\/radiorevelacionfm.cl\/index.php?rest_route=\/wp\/v2\/posts\/62700","targetHints":{"allow":["GET"]}}],"collection":[{"href":"https:\/\/radiorevelacionfm.cl\/index.php?rest_route=\/wp\/v2\/posts"}],"about":[{"href":"https:\/\/radiorevelacionfm.cl\/index.php?rest_route=\/wp\/v2\/types\/post"}],"author":[{"embeddable":true,"href":"https:\/\/radiorevelacionfm.cl\/index.php?rest_route=\/wp\/v2\/users\/1"}],"replies":[{"embeddable":true,"href":"https:\/\/radiorevelacionfm.cl\/index.php?rest_route=%2Fwp%2Fv2%2Fcomments&post=62700"}],"version-history":[{"count":2,"href":"https:\/\/radiorevelacionfm.cl\/index.php?rest_route=\/wp\/v2\/posts\/62700\/revisions"}],"predecessor-version":[{"id":62703,"href":"https:\/\/radiorevelacionfm.cl\/index.php?rest_route=\/wp\/v2\/posts\/62700\/revisions\/62703"}],"wp:featuredmedia":[{"embeddable":true,"href":"https:\/\/radiorevelacionfm.cl\/index.php?rest_route=\/wp\/v2\/media\/62701"}],"wp:attachment":[{"href":"https:\/\/radiorevelacionfm.cl\/index.php?rest_route=%2Fwp%2Fv2%2Fmedia&parent=62700"}],"wp:term":[{"taxonomy":"category","embeddable":true,"href":"https:\/\/radiorevelacionfm.cl\/index.php?rest_route=%2Fwp%2Fv2%2Fcategories&post=62700"},{"taxonomy":"post_tag","embeddable":true,"href":"https:\/\/radiorevelacionfm.cl\/index.php?rest_route=%2Fwp%2Fv2%2Ftags&post=62700"}],"curies":[{"name":"wp","href":"https:\/\/api.w.org\/{rel}","templated":true}]}}