{"id":62696,"date":"2025-12-21T16:56:25","date_gmt":"2025-12-21T19:56:25","guid":{"rendered":"https:\/\/radiorevelacionfm.cl\/?p=62696"},"modified":"2025-12-21T16:56:25","modified_gmt":"2025-12-21T19:56:25","slug":"continuidad-y-certeza-por-que-extender-el-plan-de-emergencia-habitacional-hasta-2029","status":"publish","type":"post","link":"https:\/\/radiorevelacionfm.cl\/?p=62696","title":{"rendered":"Continuidad y certeza: por qu\u00e9 extender el Plan de Emergencia Habitacional hasta 2029"},"content":{"rendered":"<div class=\"flex_column av_one_full  flex_column_div av-zero-column-padding first  avia-builder-el-0  el_before_av_one_full  avia-builder-el-first  \" style='border-radius:0px; '><div  class='avia-image-container  av-styling-    avia-builder-el-1  avia-builder-el-no-sibling  avia-align-center '  itemprop=\"image\" itemscope=\"itemscope\" itemtype=\"https:\/\/schema.org\/ImageObject\"  ><div class='avia-image-container-inner'><div class='avia-image-overlay-wrap'><img decoding=\"async\" class='wp-image-62697 avia-img-lazy-loading-not-62697 avia_image' src=\"https:\/\/radiorevelacionfm.cl\/wp-content\/uploads\/2025\/12\/foto-columna-seremi_optimized.jpeg\" alt='' title='foto-columna-seremi_optimized' height=\"878\" width=\"1114\"  itemprop=\"thumbnailUrl\" srcset=\"https:\/\/radiorevelacionfm.cl\/wp-content\/uploads\/2025\/12\/foto-columna-seremi_optimized.jpeg 1114w, https:\/\/radiorevelacionfm.cl\/wp-content\/uploads\/2025\/12\/foto-columna-seremi_optimized-300x236.jpeg 300w, https:\/\/radiorevelacionfm.cl\/wp-content\/uploads\/2025\/12\/foto-columna-seremi_optimized-1030x812.jpeg 1030w, https:\/\/radiorevelacionfm.cl\/wp-content\/uploads\/2025\/12\/foto-columna-seremi_optimized-768x605.jpeg 768w, https:\/\/radiorevelacionfm.cl\/wp-content\/uploads\/2025\/12\/foto-columna-seremi_optimized-705x556.jpeg 705w, https:\/\/radiorevelacionfm.cl\/wp-content\/uploads\/2025\/12\/foto-columna-seremi_optimized-450x355.jpeg 450w, https:\/\/radiorevelacionfm.cl\/wp-content\/uploads\/2025\/12\/foto-columna-seremi_optimized-600x473.jpeg 600w\" sizes=\"(max-width: 1114px) 100vw, 1114px\" \/><\/div><\/div><\/div><\/div><div class=\"flex_column av_one_full  flex_column_div av-zero-column-padding first  avia-builder-el-2  el_after_av_one_full  el_before_av_one_full  column-top-margin\" style='border-radius:0px; '><section class=\"av_textblock_section \"  itemscope=\"itemscope\" itemtype=\"https:\/\/schema.org\/BlogPosting\" itemprop=\"blogPost\" ><div class='avia_textblock  '   itemprop=\"text\" ><p style=\"text-align: center;\"><strong><span style=\"font-size: 18pt;\">Continuidad y certeza: por qu\u00e9 extender el Plan de Emergencia Habitacional hasta 2029<\/span><\/strong><\/p>\n<div id=\"gtx-trans\" style=\"position: absolute; left: -50px; top: 4.31534px;\">\n<div class=\"gtx-trans-icon\"><\/div>\n<\/div>\n<\/div><\/section><\/div><div class=\"flex_column av_one_full  flex_column_div av-zero-column-padding first  avia-builder-el-4  el_after_av_one_full  el_before_av_hr  column-top-margin\" style='border-radius:0px; '><section class=\"av_textblock_section \"  itemscope=\"itemscope\" itemtype=\"https:\/\/schema.org\/BlogPosting\" itemprop=\"blogPost\" ><div class='avia_textblock  '   itemprop=\"text\" ><p>P<em>or: \u00darsula Mix Jim\u00e9nez. <\/em><em>Seremi de Gobierno, Regi\u00f3n de Ays\u00e9n<\/em><\/p>\n<p style=\"text-align: justify;\">La crisis habitacional con la que recibimos el\u00a0 pa\u00eds no es un fen\u00f3meno estad\u00edstico, es una realidad que se vive en cada rinc\u00f3n de nuestra regi\u00f3n, donde el acceso a la vivienda digna se ve desafiado por la geograf\u00eda, los costos de transporte y la escasez de suelo urbano. Frente a este escenario, la decisi\u00f3n de extender la vigencia del Plan de Emergencia Habitacional (PEH) hasta diciembre de 2029 no es una simple medida administrativa, sino un acto de responsabilidad social y pol\u00edtica con las m\u00e1s de 600 mil familias que, a nivel nacional y regional, a\u00fan esperan una soluci\u00f3n definitiva.<\/p>\n<p style=\"text-align: justify;\">Desde que asumimos este desaf\u00edo como Gobierno, la Ley 21.450 sobre Integraci\u00f3n Social en la Planificaci\u00f3n Urbana y Gesti\u00f3n de Suelo ha sido nuestro motor. Esta herramienta ha permitido acelerar procesos que antes tomaban a\u00f1os, facilitando la gesti\u00f3n de terrenos y simplificando tr\u00e1mites para que la construcci\u00f3n de viviendas no se detenga por temas burocr\u00e1ticos. En Ays\u00e9n, hemos visto c\u00f3mo esta normativa permite proyectar soluciones habitacionales con sentido de equidad, integrando a las familias a los centros urbanos y no desplaz\u00e1ndolas a la periferia.<\/p>\n<p style=\"text-align: justify;\">La ley de pr\u00f3rroga del Plan de Emergencia Habitacional se encuentra lista para ser promulgada, ya fue aprobada por unanimidad en el Congreso, extendiendo la vigencia de la Ley 21.450 hasta el 31 de diciembre de 2029, con el fin de dar certeza y continuidad a este Plan fundamental para la poblaci\u00f3n.<\/p>\n<p style=\"text-align: justify;\">Los proyectos habitacionales son procesos de largo aliento; una paralizaci\u00f3n por falta de vigencia del marco legal vigente ser\u00eda un golpe devastador para los comit\u00e9s de vivienda que han trabajado incansablemente. Extender el plan permite que las obras en curso mantengan su ritmo y que los nuevos proyectos cuenten con la viabilidad financiera y t\u00e9cnica necesaria hasta su entrega.<\/p>\n<p style=\"text-align: justify;\">Pero esta extensi\u00f3n tambi\u00e9n nos abre una ventana de oportunidad \u00fanica. No se trata s\u00f3lo de construir casas, sino de repensar nuestra pol\u00edtica habitacional. El debate legislativo actual permite analizar qu\u00e9 medidas excepcionales de este plan \u2014como la gesti\u00f3n simplificada de suelo\u2014 debieran transformarse en pol\u00edticas permanentes. Debemos avanzar hacia modelos de vivienda que respondan a los cambios demogr\u00e1ficos actuales y que sean sostenibles financieramente, especialmente en zonas extremas donde la construcci\u00f3n requiere un enfoque diferenciado.<\/p>\n<p style=\"text-align: justify;\">En Ays\u00e9n, la vivienda es soberan\u00eda y es dignidad. Al asegurar la continuidad del Programa de Emergencia Habitacional hasta 2029, el Gobierno del Presidente Gabriel Boric reafirma su compromiso de no dejar a ninguna familia sola en este camino. La urgencia habitacional nos exige altura de miras y unidad: s\u00f3lo con certezas jur\u00eddicas y planificaci\u00f3n territorial con sentido social podremos saldar esta deuda hist\u00f3rica y transformar la vivienda en un derecho real para todas y todos los habitantes de nuestra Patagonia.<\/p>\n<\/div><\/section><\/div><div  style='height:50px' class='hr hr-invisible   avia-builder-el-6  el_after_av_one_full  el_before_av_social_share '><span class='hr-inner ' ><span class='hr-inner-style'><\/span><\/span><\/div><\/p>\n<div  class='av-social-sharing-box  avia-builder-el-7  el_after_av_hr  el_before_av_hr  '><div class='av-share-box'><h5 class='av-share-link-description av-no-toc '>Compartir esta noticia<\/h5><ul class='av-share-box-list noLightbox'><li class='av-share-link av-social-link-facebook' ><a target=\"_blank\" aria-label=\"Compartir en Facebook\" href='https:\/\/www.facebook.com\/sharer.php?u=https:\/\/radiorevelacionfm.cl\/?p=62696&#038;t=Continuidad%20y%20certeza%3A%20por%20qu%C3%A9%20extender%20el%20Plan%20de%20Emergencia%20Habitacional%20hasta%202029' aria-hidden='false' data-av_icon='\ue8f3' data-av_iconfont='entypo-fontello' title='' data-avia-related-tooltip='Compartir en Facebook' rel=\"noopener\"><span class='avia_hidden_link_text'>Compartir en Facebook<\/span><\/a><\/li><li class='av-share-link av-social-link-twitter' ><a target=\"_blank\" aria-label=\"Compartir en Twitter\" href='https:\/\/twitter.com\/share?text=Continuidad%20y%20certeza%3A%20por%20qu%C3%A9%20extender%20el%20Plan%20de%20Emergencia%20Habitacional%20hasta%202029&#038;url=https:\/\/radiorevelacionfm.cl\/?p=62696' aria-hidden='false' data-av_icon='\ue8f1' data-av_iconfont='entypo-fontello' title='' data-avia-related-tooltip='Compartir en Twitter' rel=\"noopener\"><span class='avia_hidden_link_text'>Compartir en Twitter<\/span><\/a><\/li><li class='av-share-link av-social-link-whatsapp' ><a target=\"_blank\" aria-label=\"Compartir en Whatsapp\" href='https:\/\/api.whatsapp.com\/send?text=https:\/\/radiorevelacionfm.cl\/?p=62696' aria-hidden='false' data-av_icon='\uf232' data-av_iconfont='entypo-fontello' title='' data-avia-related-tooltip='Compartir en Whatsapp' rel=\"noopener\"><span class='avia_hidden_link_text'>Compartir en Whatsapp<\/span><\/a><\/li><li class='av-share-link av-social-link-linkedin' ><a target=\"_blank\" aria-label=\"Compartir en LinkedIn\" href='https:\/\/linkedin.com\/shareArticle?mini=true&#038;title=Continuidad%20y%20certeza%3A%20por%20qu%C3%A9%20extender%20el%20Plan%20de%20Emergencia%20Habitacional%20hasta%202029&#038;url=https:\/\/radiorevelacionfm.cl\/?p=62696' aria-hidden='false' data-av_icon='\ue8fc' data-av_iconfont='entypo-fontello' title='' data-avia-related-tooltip='Compartir en LinkedIn' rel=\"noopener\"><span class='avia_hidden_link_text'>Compartir en LinkedIn<\/span><\/a><\/li><li class='av-share-link av-social-link-mail' ><a  aria-label=\"Compartir por correo\" href='mailto:?subject=Continuidad%20y%20certeza%3A%20por%20qu%C3%A9%20extender%20el%20Plan%20de%20Emergencia%20Habitacional%20hasta%202029&#038;body=https:\/\/radiorevelacionfm.cl\/?p=62696' aria-hidden='false' data-av_icon='\ue805' data-av_iconfont='entypo-fontello' title='' data-avia-related-tooltip='Compartir por correo'><span class='avia_hidden_link_text'>Compartir por correo<\/span><\/a><\/li><\/ul><\/div><\/div>\n<div  style='height:50px' class='hr hr-invisible   avia-builder-el-8  el_after_av_social_share  el_before_av_comments_list '><span class='hr-inner ' ><span class='hr-inner-style'><\/span><\/span><\/div>\n<div  class='av-buildercomment  av-blog-meta-html-info-disabled av-blog-meta-tag-disabled  '><\/div>\n","protected":false},"excerpt":{"rendered":"","protected":false},"author":1,"featured_media":62697,"comment_status":"closed","ping_status":"closed","sticky":false,"template":"","format":"standard","meta":{"footnotes":""},"categories":[50],"tags":[],"class_list":["post-62696","post","type-post","status-publish","format-standard","has-post-thumbnail","hentry","category-cartas-y-opinion"],"jetpack_featured_media_url":"https:\/\/radiorevelacionfm.cl\/wp-content\/uploads\/2025\/12\/foto-columna-seremi_optimized.jpeg","_links":{"self":[{"href":"https:\/\/radiorevelacionfm.cl\/index.php?rest_route=\/wp\/v2\/posts\/62696","targetHints":{"allow":["GET"]}}],"collection":[{"href":"https:\/\/radiorevelacionfm.cl\/index.php?rest_route=\/wp\/v2\/posts"}],"about":[{"href":"https:\/\/radiorevelacionfm.cl\/index.php?rest_route=\/wp\/v2\/types\/post"}],"author":[{"embeddable":true,"href":"https:\/\/radiorevelacionfm.cl\/index.php?rest_route=\/wp\/v2\/users\/1"}],"replies":[{"embeddable":true,"href":"https:\/\/radiorevelacionfm.cl\/index.php?rest_route=%2Fwp%2Fv2%2Fcomments&post=62696"}],"version-history":[{"count":2,"href":"https:\/\/radiorevelacionfm.cl\/index.php?rest_route=\/wp\/v2\/posts\/62696\/revisions"}],"predecessor-version":[{"id":62699,"href":"https:\/\/radiorevelacionfm.cl\/index.php?rest_route=\/wp\/v2\/posts\/62696\/revisions\/62699"}],"wp:featuredmedia":[{"embeddable":true,"href":"https:\/\/radiorevelacionfm.cl\/index.php?rest_route=\/wp\/v2\/media\/62697"}],"wp:attachment":[{"href":"https:\/\/radiorevelacionfm.cl\/index.php?rest_route=%2Fwp%2Fv2%2Fmedia&parent=62696"}],"wp:term":[{"taxonomy":"category","embeddable":true,"href":"https:\/\/radiorevelacionfm.cl\/index.php?rest_route=%2Fwp%2Fv2%2Fcategories&post=62696"},{"taxonomy":"post_tag","embeddable":true,"href":"https:\/\/radiorevelacionfm.cl\/index.php?rest_route=%2Fwp%2Fv2%2Ftags&post=62696"}],"curies":[{"name":"wp","href":"https:\/\/api.w.org\/{rel}","templated":true}]}}