{"id":62692,"date":"2025-12-21T16:47:27","date_gmt":"2025-12-21T19:47:27","guid":{"rendered":"https:\/\/radiorevelacionfm.cl\/?p=62692"},"modified":"2025-12-21T16:47:27","modified_gmt":"2025-12-21T19:47:27","slug":"llaman-a-evitar-exceso-de-velocidad-en-estas-fiestas-de-fin-de-ano","status":"publish","type":"post","link":"https:\/\/radiorevelacionfm.cl\/?p=62692","title":{"rendered":"Llaman a evitar exceso de velocidad en estas fiestas de fin de a\u00f1o"},"content":{"rendered":"<div class=\"flex_column av_one_full  flex_column_div av-zero-column-padding first  avia-builder-el-0  el_before_av_one_full  avia-builder-el-first  \" style='border-radius:0px; '><div  class='avia-image-container  av-styling-    avia-builder-el-1  avia-builder-el-no-sibling  avia-align-center '  itemprop=\"image\" itemscope=\"itemscope\" itemtype=\"https:\/\/schema.org\/ImageObject\"  ><div class='avia-image-container-inner'><div class='avia-image-overlay-wrap'><img decoding=\"async\" class='wp-image-62693 avia-img-lazy-loading-not-62693 avia_image' src=\"https:\/\/radiorevelacionfm.cl\/wp-content\/uploads\/2025\/12\/dsc_0171_-1_optimized.jpg\" alt='' title='dsc_0171_-(1)_optimized' height=\"600\" width=\"902\"  itemprop=\"thumbnailUrl\" srcset=\"https:\/\/radiorevelacionfm.cl\/wp-content\/uploads\/2025\/12\/dsc_0171_-1_optimized.jpg 902w, https:\/\/radiorevelacionfm.cl\/wp-content\/uploads\/2025\/12\/dsc_0171_-1_optimized-300x200.jpg 300w, https:\/\/radiorevelacionfm.cl\/wp-content\/uploads\/2025\/12\/dsc_0171_-1_optimized-768x511.jpg 768w, https:\/\/radiorevelacionfm.cl\/wp-content\/uploads\/2025\/12\/dsc_0171_-1_optimized-705x469.jpg 705w, https:\/\/radiorevelacionfm.cl\/wp-content\/uploads\/2025\/12\/dsc_0171_-1_optimized-450x299.jpg 450w, https:\/\/radiorevelacionfm.cl\/wp-content\/uploads\/2025\/12\/dsc_0171_-1_optimized-600x399.jpg 600w\" sizes=\"(max-width: 902px) 100vw, 902px\" \/><\/div><\/div><\/div><\/div><div class=\"flex_column av_one_full  flex_column_div av-zero-column-padding first  avia-builder-el-2  el_after_av_one_full  el_before_av_one_full  column-top-margin\" style='border-radius:0px; '><section class=\"av_textblock_section \"  itemscope=\"itemscope\" itemtype=\"https:\/\/schema.org\/BlogPosting\" itemprop=\"blogPost\" ><div class='avia_textblock  '   itemprop=\"text\" ><p style=\"text-align: center;\"><span style=\"font-size: 18pt;\"><b>Llaman a evitar exceso de velocidad en estas fiestas de fin de a\u00f1o<\/b><\/span><\/p>\n<div id=\"gtx-trans\" style=\"position: absolute; left: -50px; top: 4.31534px;\">\n<div class=\"gtx-trans-icon\"><\/div>\n<\/div>\n<\/div><\/section><\/div><div class=\"flex_column av_one_full  flex_column_div av-zero-column-padding first  avia-builder-el-4  el_after_av_one_full  el_before_av_hr  column-top-margin\" style='border-radius:0px; '><section class=\"av_textblock_section \"  itemscope=\"itemscope\" itemtype=\"https:\/\/schema.org\/BlogPosting\" itemprop=\"blogPost\" ><div class='avia_textblock  '   itemprop=\"text\" ><p style=\"text-align: justify;\">Con la Navidad y A\u00f1o Nuevo cada vez m\u00e1s cerca, la Comisi\u00f3n Regional de Seguridad de Tr\u00e1nsito enfatiz\u00f3 en el respeto de la normativa de velocidad en el tr\u00e1nsito, una de las infracciones m\u00e1s comunes y que se asocian a una mayor cantidad de siniestros viales.<\/p>\n<p style=\"text-align: justify;\">Con un control de Carabineros y Fiscalizaci\u00f3n MTT en la transitada intersecci\u00f3n de las calles Pedro Aguirre Cerda y Bilbao, la Comisi\u00f3n Regional de Seguridad de Tr\u00e1nsito realiz\u00f3 una actividad preventiva con el fin de concientizar, sobre todo a conductores de veh\u00edculos, sobre el respeto a la normativa vial en lo que respecta a la velocidad en zonas urbanas y rurales.<\/p>\n<p style=\"text-align: justify;\">Al respecto las autoridades se\u00f1alaron que el exceso de velocidad, junto a la conducci\u00f3n desatenta, son una de las infracciones m\u00e1s recurrentes a nivel regional y nacional, y adem\u00e1s est\u00e1n asociadas a la ocurrencia de siniestros viales de mayor envergadura. Pese a que desde el 2019 no se registran muertes en las v\u00edas ayseninas, existe una tendencia nacional y regional preocupante, en torno al aumento de fallecidos por siniestralidad en las rutas.<\/p>\n<p style=\"text-align: justify;\">\u201cLo que queremos hacer hoy d\u00eda, aparte del control, es una funci\u00f3n de educaci\u00f3n, entregar un mensaje a la comunidad respecto a lo importante que es conducir dentro de los l\u00edmites de velocidad que est\u00e1n establecidos en la ley. En las zonas urbanas hasta 50 kil\u00f3metros por hora y en las zonas rurales hasta 100 kil\u00f3metros por hora, a no ser que existan se\u00f1ales que establezcan alguna otra restricci\u00f3n. Como Ministerio de Transporte el mensaje y el llamado que hacemos a la comunidad es respetar los l\u00edmites de velocidad, conducir atento a las condiciones del tr\u00e1nsito, ocupar los sistemas de retenci\u00f3n infantil en el caso que se viajen con menores de nueve a\u00f1os de edad y, por supuesto, revisar las condiciones mec\u00e1nicas de los veh\u00edculos antes de emprender un viaje o trayectos que sean muy largos.\u201d<\/p>\n<p style=\"text-align: justify;\">En la actividad, Carabineros de la SIAT encabezados por el teniente Manuel C\u00e1ceres realizaron controles de velocidad. Cabe destacar que en este sector los conductores tienden a sobrepasar los l\u00edmites de velocidad, y a menudo no se respetan los pasos peatonales. El uniformado explic\u00f3 que \u201cla velocidad es la primera causa de fallecidos aqu\u00ed en la regi\u00f3n. Al mes de noviembre, existen 408 siniestros viales en comparaci\u00f3n al a\u00f1o dos mil veinticuatro, en donde existieron 393. Si bien es una cifra que es similar, los fallecidos han aumentado. A la fecha mantenemos 13 siniestros, lamentablemente, con personas fallecidas respecto al a\u00f1o 2024, donde existieron 10 fallecido\u201d<\/p>\n<p style=\"text-align: justify;\">Desde Senda, se reforz\u00f3 el llamado preventivo al consumo de alcohol en estas fechas con la campa\u00f1a \u201cEl Otro Plan\u201d. En palabras de su directora Mar\u00eda Victoria Contreras: \u201cEl llamado es a poder planificar, organizar nuestras celebraciones para poder divertirnos de manera segura. Vamos a estar realizando una serie de operativos en el marco del programa de tolerancia cero, que refuerza la labor que realiza Carabineros para poder prevenir que cualquier situaci\u00f3n asociada al consumo que pueda poner en riesgo tanto a las personas que van dentro del veh\u00edculo como aquellos que estamos fuera de \u00e9l. Otro llamado es a no normalizar, evitar el consumo de alcohol y drogas delante de los ni\u00f1os, ni\u00f1as y adolescentes. Recordemos que la Navidad, el A\u00f1o Nuevo son fiestas familiares. Poder dar el ejemplo de que podemos divertirnos sin que exista la presencia del consumo de sustancias\u201d.<\/p>\n<p style=\"text-align: justify;\">Finalmente, la seremi de Seguridad P\u00fablica, Ruth Vallejos, tambi\u00e9n se refiri\u00f3 a la primera causa de accidentes viales en Ays\u00e9n, la conducci\u00f3n distra\u00edda, ocasionada habitualmente por el uso de celulares y otros dispositivos al manejar. \u201cEse es el primer problema que tenemos, y el problema base, porque los otros problemas los tenemos cuando miramos el celular, cuando estamos chateando, cuando contestamos el tel\u00e9fono. Es tan simple, es tan simple tomar conciencia de lo poco que tenemos que poner para que no tengamos un accidente. Todo lo que es conducci\u00f3n a la defensiva y responsable est\u00e1 dentro de nuestras responsabilidades y necesitamos cuidarnos, precisamente respetando estas sencillas normas que todos sabemos, pero que hay que remarcar, porque las tendemos a olvidar en estas fiestas\u201d.<\/p>\n<\/div><\/section><\/div><div  style='height:50px' class='hr hr-invisible   avia-builder-el-6  el_after_av_one_full  el_before_av_social_share '><span class='hr-inner ' ><span class='hr-inner-style'><\/span><\/span><\/div><\/p>\n<div  class='av-social-sharing-box  avia-builder-el-7  el_after_av_hr  el_before_av_hr  '><div class='av-share-box'><h5 class='av-share-link-description av-no-toc '>Compartir esta noticia<\/h5><ul class='av-share-box-list noLightbox'><li class='av-share-link av-social-link-facebook' ><a target=\"_blank\" aria-label=\"Compartir en Facebook\" href='https:\/\/www.facebook.com\/sharer.php?u=https:\/\/radiorevelacionfm.cl\/?p=62692&#038;t=Llaman%20a%20evitar%20exceso%20de%20velocidad%20en%20estas%20fiestas%20de%20fin%20de%20a%C3%B1o' aria-hidden='false' data-av_icon='\ue8f3' data-av_iconfont='entypo-fontello' title='' data-avia-related-tooltip='Compartir en Facebook' rel=\"noopener\"><span class='avia_hidden_link_text'>Compartir en Facebook<\/span><\/a><\/li><li class='av-share-link av-social-link-twitter' ><a target=\"_blank\" aria-label=\"Compartir en Twitter\" href='https:\/\/twitter.com\/share?text=Llaman%20a%20evitar%20exceso%20de%20velocidad%20en%20estas%20fiestas%20de%20fin%20de%20a%C3%B1o&#038;url=https:\/\/radiorevelacionfm.cl\/?p=62692' aria-hidden='false' data-av_icon='\ue8f1' data-av_iconfont='entypo-fontello' title='' data-avia-related-tooltip='Compartir en Twitter' rel=\"noopener\"><span class='avia_hidden_link_text'>Compartir en Twitter<\/span><\/a><\/li><li class='av-share-link av-social-link-whatsapp' ><a target=\"_blank\" aria-label=\"Compartir en Whatsapp\" href='https:\/\/api.whatsapp.com\/send?text=https:\/\/radiorevelacionfm.cl\/?p=62692' aria-hidden='false' data-av_icon='\uf232' data-av_iconfont='entypo-fontello' title='' data-avia-related-tooltip='Compartir en Whatsapp' rel=\"noopener\"><span class='avia_hidden_link_text'>Compartir en Whatsapp<\/span><\/a><\/li><li class='av-share-link av-social-link-linkedin' ><a target=\"_blank\" aria-label=\"Compartir en LinkedIn\" href='https:\/\/linkedin.com\/shareArticle?mini=true&#038;title=Llaman%20a%20evitar%20exceso%20de%20velocidad%20en%20estas%20fiestas%20de%20fin%20de%20a%C3%B1o&#038;url=https:\/\/radiorevelacionfm.cl\/?p=62692' aria-hidden='false' data-av_icon='\ue8fc' data-av_iconfont='entypo-fontello' title='' data-avia-related-tooltip='Compartir en LinkedIn' rel=\"noopener\"><span class='avia_hidden_link_text'>Compartir en LinkedIn<\/span><\/a><\/li><li class='av-share-link av-social-link-mail' ><a  aria-label=\"Compartir por correo\" href='mailto:?subject=Llaman%20a%20evitar%20exceso%20de%20velocidad%20en%20estas%20fiestas%20de%20fin%20de%20a%C3%B1o&#038;body=https:\/\/radiorevelacionfm.cl\/?p=62692' aria-hidden='false' data-av_icon='\ue805' data-av_iconfont='entypo-fontello' title='' data-avia-related-tooltip='Compartir por correo'><span class='avia_hidden_link_text'>Compartir por correo<\/span><\/a><\/li><\/ul><\/div><\/div>\n<div  style='height:50px' class='hr hr-invisible   avia-builder-el-8  el_after_av_social_share  el_before_av_comments_list '><span class='hr-inner ' ><span class='hr-inner-style'><\/span><\/span><\/div>\n<div  class='av-buildercomment  av-blog-meta-html-info-disabled av-blog-meta-tag-disabled  '><\/div>\n","protected":false},"excerpt":{"rendered":"","protected":false},"author":1,"featured_media":62693,"comment_status":"closed","ping_status":"closed","sticky":false,"template":"","format":"standard","meta":{"footnotes":""},"categories":[38],"tags":[],"class_list":["post-62692","post","type-post","status-publish","format-standard","has-post-thumbnail","hentry","category-regional"],"jetpack_featured_media_url":"https:\/\/radiorevelacionfm.cl\/wp-content\/uploads\/2025\/12\/dsc_0171_-1_optimized.jpg","_links":{"self":[{"href":"https:\/\/radiorevelacionfm.cl\/index.php?rest_route=\/wp\/v2\/posts\/62692","targetHints":{"allow":["GET"]}}],"collection":[{"href":"https:\/\/radiorevelacionfm.cl\/index.php?rest_route=\/wp\/v2\/posts"}],"about":[{"href":"https:\/\/radiorevelacionfm.cl\/index.php?rest_route=\/wp\/v2\/types\/post"}],"author":[{"embeddable":true,"href":"https:\/\/radiorevelacionfm.cl\/index.php?rest_route=\/wp\/v2\/users\/1"}],"replies":[{"embeddable":true,"href":"https:\/\/radiorevelacionfm.cl\/index.php?rest_route=%2Fwp%2Fv2%2Fcomments&post=62692"}],"version-history":[{"count":2,"href":"https:\/\/radiorevelacionfm.cl\/index.php?rest_route=\/wp\/v2\/posts\/62692\/revisions"}],"predecessor-version":[{"id":62695,"href":"https:\/\/radiorevelacionfm.cl\/index.php?rest_route=\/wp\/v2\/posts\/62692\/revisions\/62695"}],"wp:featuredmedia":[{"embeddable":true,"href":"https:\/\/radiorevelacionfm.cl\/index.php?rest_route=\/wp\/v2\/media\/62693"}],"wp:attachment":[{"href":"https:\/\/radiorevelacionfm.cl\/index.php?rest_route=%2Fwp%2Fv2%2Fmedia&parent=62692"}],"wp:term":[{"taxonomy":"category","embeddable":true,"href":"https:\/\/radiorevelacionfm.cl\/index.php?rest_route=%2Fwp%2Fv2%2Fcategories&post=62692"},{"taxonomy":"post_tag","embeddable":true,"href":"https:\/\/radiorevelacionfm.cl\/index.php?rest_route=%2Fwp%2Fv2%2Ftags&post=62692"}],"curies":[{"name":"wp","href":"https:\/\/api.w.org\/{rel}","templated":true}]}}