{"id":6269,"date":"2021-07-14T15:39:45","date_gmt":"2021-07-14T18:39:45","guid":{"rendered":"https:\/\/radiorevelacionfm.cl\/?p=6269"},"modified":"2021-07-14T15:39:45","modified_gmt":"2021-07-14T18:39:45","slug":"aprueban-concesion-para-el-primer-polideportivo-centro-elige-vivir-sano-de-la-region","status":"publish","type":"post","link":"https:\/\/radiorevelacionfm.cl\/?p=6269","title":{"rendered":"Aprueban concesi\u00f3n para el primer Polideportivo Centro Elige Vivir Sano de la regi\u00f3n"},"content":{"rendered":"<div class=\"flex_column av_one_full  flex_column_div av-zero-column-padding first  avia-builder-el-0  el_before_av_one_full  avia-builder-el-first  \" style='border-radius:0px; '><div  class='avia-image-container  av-styling-    avia-builder-el-1  avia-builder-el-no-sibling  avia-align-center '  itemprop=\"image\" itemscope=\"itemscope\" itemtype=\"https:\/\/schema.org\/ImageObject\"  ><div class='avia-image-container-inner'><div class='avia-image-overlay-wrap'><img decoding=\"async\" class='wp-image-6270 avia-img-lazy-loading-not-6270 avia_image' src=\"https:\/\/radiorevelacionfm.cl\/wp-content\/uploads\/2021\/07\/centro-1_optimized.jpg\" alt='' title='centro-(1)_optimized' height=\"600\" width=\"1557\"  itemprop=\"thumbnailUrl\" srcset=\"https:\/\/radiorevelacionfm.cl\/wp-content\/uploads\/2021\/07\/centro-1_optimized.jpg 1557w, https:\/\/radiorevelacionfm.cl\/wp-content\/uploads\/2021\/07\/centro-1_optimized-300x116.jpg 300w, https:\/\/radiorevelacionfm.cl\/wp-content\/uploads\/2021\/07\/centro-1_optimized-1030x397.jpg 1030w, https:\/\/radiorevelacionfm.cl\/wp-content\/uploads\/2021\/07\/centro-1_optimized-768x296.jpg 768w, https:\/\/radiorevelacionfm.cl\/wp-content\/uploads\/2021\/07\/centro-1_optimized-1536x592.jpg 1536w, https:\/\/radiorevelacionfm.cl\/wp-content\/uploads\/2021\/07\/centro-1_optimized-1500x578.jpg 1500w, https:\/\/radiorevelacionfm.cl\/wp-content\/uploads\/2021\/07\/centro-1_optimized-705x272.jpg 705w, https:\/\/radiorevelacionfm.cl\/wp-content\/uploads\/2021\/07\/centro-1_optimized-600x231.jpg 600w\" sizes=\"(max-width: 1557px) 100vw, 1557px\" \/><\/div><\/div><\/div><\/div><div class=\"flex_column av_one_full  flex_column_div av-zero-column-padding first  avia-builder-el-2  el_after_av_one_full  el_before_av_one_full  column-top-margin\" style='border-radius:0px; '><section class=\"av_textblock_section \"  itemscope=\"itemscope\" itemtype=\"https:\/\/schema.org\/BlogPosting\" itemprop=\"blogPost\" ><div class='avia_textblock  '   itemprop=\"text\" ><p style=\"text-align: center;\"><strong><span style=\"font-size: 18pt;\">Aprueban concesi\u00f3n para el primer Polideportivo Centro Elige Vivir Sano de la regi\u00f3n<\/span><\/strong><\/p>\n<div id=\"gtx-trans\" style=\"position: absolute; left: -50px; top: 4.31534px;\">\n<div class=\"gtx-trans-icon\"><\/div>\n<\/div>\n<\/div><\/section><\/div><div class=\"flex_column av_one_full  flex_column_div av-zero-column-padding first  avia-builder-el-4  el_after_av_one_full  el_before_av_hr  column-top-margin\" style='border-radius:0px; '><section class=\"av_textblock_section \"  itemscope=\"itemscope\" itemtype=\"https:\/\/schema.org\/BlogPosting\" itemprop=\"blogPost\" ><div class='avia_textblock  '   itemprop=\"text\" ><p style=\"text-align: justify;\">Este martes el Consejo Regional de Ays\u00e9n, en sesi\u00f3n ordinaria, aprob\u00f3 la transferencia gratuita y conservaci\u00f3n del terreno existente en Circunvalaci\u00f3n Escuela Agr\u00edcola de la capital regional. Durante la sesi\u00f3n los consejeros argumentaron que la decisi\u00f3n \u00abpermitir\u00e1 desarrollar la iniciativa Presidencial de Gobierno de un nuevo centro e infraestructura deportiva que es muy importante para que el Ministerio del Deporte junto al IND proyecten el deporte en la regi\u00f3n\u00bb.<\/p>\n<p style=\"text-align: justify;\">Tras conocer la decisi\u00f3n del Core, el Seremi del Deporte, Rodrigo Cubilla, sostuvo que \u00abhoy es un d\u00eda muy especial para quienes habitamos la regi\u00f3n. Gracias a esta decisi\u00f3n, mediante una concesi\u00f3n de 40 a\u00f1os, podremos usar el terreno del Ministerio de Bienes Nacionales. En dicho lugar, se proyectar\u00e1 la construcci\u00f3n del primer Polideportivo Centro Elige Vivir Sano, abriendo as\u00ed la oportunidad a muchos ayseninos de contar con infraestructura deportiva de calidad.\u00bb<\/p>\n<p style=\"text-align: justify;\">La Inversi\u00f3n total del proyecto es de $4.300 millones, de los cuales $2.150 millones son aportados desde el Mindep-IND, considera una piscina semiol\u00edmpica de 25 metros, con seis carriles, m\u00e1s dos zonas de resguardo, adem\u00e1s de camarines, acceso universal, una bodega para implementos deportivos, una sala de primeros auxilios y butacas para 202 espectadores y un \u00e1rea administrativa \u00a0con recepci\u00f3n, entre otras instalaciones.<\/p>\n<\/div><\/section><\/div><div  style='height:50px' class='hr hr-invisible   avia-builder-el-6  el_after_av_one_full  el_before_av_social_share '><span class='hr-inner ' ><span class='hr-inner-style'><\/span><\/span><\/div><\/p>\n<div  class='av-social-sharing-box  avia-builder-el-7  el_after_av_hr  el_before_av_hr  '><div class='av-share-box'><h5 class='av-share-link-description av-no-toc '>Compartir esta noticia<\/h5><ul class='av-share-box-list noLightbox'><li class='av-share-link av-social-link-facebook' ><a target=\"_blank\" aria-label=\"Compartir en Facebook\" href='https:\/\/www.facebook.com\/sharer.php?u=https:\/\/radiorevelacionfm.cl\/?p=6269&#038;t=Aprueban%20concesi%C3%B3n%20para%20el%20primer%20Polideportivo%20Centro%20Elige%20Vivir%20Sano%20de%20la%20regi%C3%B3n' aria-hidden='false' data-av_icon='\ue8f3' data-av_iconfont='entypo-fontello' title='' data-avia-related-tooltip='Compartir en Facebook' rel=\"noopener\"><span class='avia_hidden_link_text'>Compartir en Facebook<\/span><\/a><\/li><li class='av-share-link av-social-link-twitter' ><a target=\"_blank\" aria-label=\"Compartir en Twitter\" href='https:\/\/twitter.com\/share?text=Aprueban%20concesi%C3%B3n%20para%20el%20primer%20Polideportivo%20Centro%20Elige%20Vivir%20Sano%20de%20la%20regi%C3%B3n&#038;url=https:\/\/radiorevelacionfm.cl\/?p=6269' aria-hidden='false' data-av_icon='\ue8f1' data-av_iconfont='entypo-fontello' title='' data-avia-related-tooltip='Compartir en Twitter' rel=\"noopener\"><span class='avia_hidden_link_text'>Compartir en Twitter<\/span><\/a><\/li><li class='av-share-link av-social-link-whatsapp' ><a target=\"_blank\" aria-label=\"Compartir en Whatsapp\" href='https:\/\/api.whatsapp.com\/send?text=https:\/\/radiorevelacionfm.cl\/?p=6269' aria-hidden='false' data-av_icon='\uf232' data-av_iconfont='entypo-fontello' title='' data-avia-related-tooltip='Compartir en Whatsapp' rel=\"noopener\"><span class='avia_hidden_link_text'>Compartir en Whatsapp<\/span><\/a><\/li><li class='av-share-link av-social-link-linkedin' ><a target=\"_blank\" aria-label=\"Compartir en LinkedIn\" href='https:\/\/linkedin.com\/shareArticle?mini=true&#038;title=Aprueban%20concesi%C3%B3n%20para%20el%20primer%20Polideportivo%20Centro%20Elige%20Vivir%20Sano%20de%20la%20regi%C3%B3n&#038;url=https:\/\/radiorevelacionfm.cl\/?p=6269' aria-hidden='false' data-av_icon='\ue8fc' data-av_iconfont='entypo-fontello' title='' data-avia-related-tooltip='Compartir en LinkedIn' rel=\"noopener\"><span class='avia_hidden_link_text'>Compartir en LinkedIn<\/span><\/a><\/li><li class='av-share-link av-social-link-mail' ><a  aria-label=\"Compartir por correo\" href='mailto:?subject=Aprueban%20concesi%C3%B3n%20para%20el%20primer%20Polideportivo%20Centro%20Elige%20Vivir%20Sano%20de%20la%20regi%C3%B3n&#038;body=https:\/\/radiorevelacionfm.cl\/?p=6269' aria-hidden='false' data-av_icon='\ue805' data-av_iconfont='entypo-fontello' title='' data-avia-related-tooltip='Compartir por correo'><span class='avia_hidden_link_text'>Compartir por correo<\/span><\/a><\/li><\/ul><\/div><\/div>\n<div  style='height:50px' class='hr hr-invisible   avia-builder-el-8  el_after_av_social_share  el_before_av_comments_list '><span class='hr-inner ' ><span class='hr-inner-style'><\/span><\/span><\/div>\n<div  class='av-buildercomment  av-blog-meta-html-info-disabled av-blog-meta-tag-disabled  '><\/div>\n","protected":false},"excerpt":{"rendered":"","protected":false},"author":1,"featured_media":6270,"comment_status":"open","ping_status":"open","sticky":false,"template":"","format":"standard","meta":{"footnotes":""},"categories":[40],"tags":[],"class_list":["post-6269","post","type-post","status-publish","format-standard","has-post-thumbnail","hentry","category-deportes"],"jetpack_featured_media_url":"https:\/\/radiorevelacionfm.cl\/wp-content\/uploads\/2021\/07\/centro-1_optimized.jpg","_links":{"self":[{"href":"https:\/\/radiorevelacionfm.cl\/index.php?rest_route=\/wp\/v2\/posts\/6269","targetHints":{"allow":["GET"]}}],"collection":[{"href":"https:\/\/radiorevelacionfm.cl\/index.php?rest_route=\/wp\/v2\/posts"}],"about":[{"href":"https:\/\/radiorevelacionfm.cl\/index.php?rest_route=\/wp\/v2\/types\/post"}],"author":[{"embeddable":true,"href":"https:\/\/radiorevelacionfm.cl\/index.php?rest_route=\/wp\/v2\/users\/1"}],"replies":[{"embeddable":true,"href":"https:\/\/radiorevelacionfm.cl\/index.php?rest_route=%2Fwp%2Fv2%2Fcomments&post=6269"}],"version-history":[{"count":1,"href":"https:\/\/radiorevelacionfm.cl\/index.php?rest_route=\/wp\/v2\/posts\/6269\/revisions"}],"predecessor-version":[{"id":6271,"href":"https:\/\/radiorevelacionfm.cl\/index.php?rest_route=\/wp\/v2\/posts\/6269\/revisions\/6271"}],"wp:featuredmedia":[{"embeddable":true,"href":"https:\/\/radiorevelacionfm.cl\/index.php?rest_route=\/wp\/v2\/media\/6270"}],"wp:attachment":[{"href":"https:\/\/radiorevelacionfm.cl\/index.php?rest_route=%2Fwp%2Fv2%2Fmedia&parent=6269"}],"wp:term":[{"taxonomy":"category","embeddable":true,"href":"https:\/\/radiorevelacionfm.cl\/index.php?rest_route=%2Fwp%2Fv2%2Fcategories&post=6269"},{"taxonomy":"post_tag","embeddable":true,"href":"https:\/\/radiorevelacionfm.cl\/index.php?rest_route=%2Fwp%2Fv2%2Ftags&post=6269"}],"curies":[{"name":"wp","href":"https:\/\/api.w.org\/{rel}","templated":true}]}}