{"id":62688,"date":"2025-12-20T16:26:28","date_gmt":"2025-12-20T19:26:28","guid":{"rendered":"https:\/\/radiorevelacionfm.cl\/?p=62688"},"modified":"2025-12-20T16:26:28","modified_gmt":"2025-12-20T19:26:28","slug":"concejales-presentan-requerimiento-de-destitucion-contra-el-alcalde-de-coyhaique-por-notable-abandono-de-deberes","status":"publish","type":"post","link":"https:\/\/radiorevelacionfm.cl\/?p=62688","title":{"rendered":"Concejales presentan requerimiento de destituci\u00f3n contra el Alcalde de Coyhaique por notable abandono de deberes"},"content":{"rendered":"<div class=\"flex_column av_one_full  flex_column_div av-zero-column-padding first  avia-builder-el-0  el_before_av_one_full  avia-builder-el-first  \" style='border-radius:0px; '><div  class='avia-image-container  av-styling-    avia-builder-el-1  avia-builder-el-no-sibling  avia-align-center '  itemprop=\"image\" itemscope=\"itemscope\" itemtype=\"https:\/\/schema.org\/ImageObject\"  ><div class='avia-image-container-inner'><div class='avia-image-overlay-wrap'><img decoding=\"async\" class='wp-image-62689 avia-img-lazy-loading-not-62689 avia_image' src=\"https:\/\/radiorevelacionfm.cl\/wp-content\/uploads\/2025\/12\/IMG-01-1-1.jpg\" alt='' title='IMG-01 (1) (1)' height=\"600\" width=\"800\"  itemprop=\"thumbnailUrl\" srcset=\"https:\/\/radiorevelacionfm.cl\/wp-content\/uploads\/2025\/12\/IMG-01-1-1.jpg 800w, https:\/\/radiorevelacionfm.cl\/wp-content\/uploads\/2025\/12\/IMG-01-1-1-300x225.jpg 300w, https:\/\/radiorevelacionfm.cl\/wp-content\/uploads\/2025\/12\/IMG-01-1-1-768x576.jpg 768w, https:\/\/radiorevelacionfm.cl\/wp-content\/uploads\/2025\/12\/IMG-01-1-1-705x529.jpg 705w, https:\/\/radiorevelacionfm.cl\/wp-content\/uploads\/2025\/12\/IMG-01-1-1-450x338.jpg 450w, https:\/\/radiorevelacionfm.cl\/wp-content\/uploads\/2025\/12\/IMG-01-1-1-600x450.jpg 600w\" sizes=\"(max-width: 800px) 100vw, 800px\" \/><\/div><\/div><\/div><\/div><div class=\"flex_column av_one_full  flex_column_div av-zero-column-padding first  avia-builder-el-2  el_after_av_one_full  el_before_av_one_full  column-top-margin\" style='border-radius:0px; '><section class=\"av_textblock_section \"  itemscope=\"itemscope\" itemtype=\"https:\/\/schema.org\/BlogPosting\" itemprop=\"blogPost\" ><div class='avia_textblock  '   itemprop=\"text\" ><p style=\"text-align: center;\"><strong><span style=\"font-size: 18pt;\">Concejales presentan requerimiento de destituci\u00f3n contra el Alcalde de Coyhaique por notable abandono de deberes<\/span><\/strong><\/p>\n<div id=\"gtx-trans\" style=\"position: absolute; left: -50px; top: 4.31534px;\">\n<div class=\"gtx-trans-icon\"><\/div>\n<\/div>\n<\/div><\/section><\/div><div class=\"flex_column av_one_full  flex_column_div av-zero-column-padding first  avia-builder-el-4  el_after_av_one_full  el_before_av_hr  column-top-margin\" style='border-radius:0px; '><section class=\"av_textblock_section \"  itemscope=\"itemscope\" itemtype=\"https:\/\/schema.org\/BlogPosting\" itemprop=\"blogPost\" ><div class='avia_textblock  '   itemprop=\"text\" ><p style=\"text-align: justify;\"><em>Los concejales de Coyhaique Ana Mar\u00eda Navarrete y Sebasti\u00e1n Vera presentaron la ma\u00f1ana de este jueves 18 de diciembre, ante el Tribunal Electoral Regional (TER), un requerimiento de destituci\u00f3n en contra del alcalde Carlos Gatica, Dem\u00f3crata Cristiano, acus\u00e1ndolo de notable abandono de deberes y graves infracciones al principio de probidad administrativa, en el marco de una serie de irregularidades que, seg\u00fan los antecedentes acompa\u00f1ados, se arrastran de manera reiterada desde el a\u00f1o 2022, durante su segundo per\u00edodo como jefe comunal.<\/em><\/p>\n<p style=\"text-align: justify;\">La acci\u00f3n fue patrocinada por Braulio Sanhueza, abogado de la Universidad de Chile, profesional con amplia experiencia en derecho p\u00fablico y electoral, quien adem\u00e1s represent\u00f3 a seis concejales de la Municipalidad de Puerto Montt en el proceso de destituci\u00f3n del exalcalde Gervoy Paredes ante el Tribunal Electoral Regional, causa que culmin\u00f3 con la remoci\u00f3n de dicha autoridad comunal.<\/p>\n<p style=\"text-align: justify;\">El requerimiento se sustenta en una extensa recopilaci\u00f3n de antecedentes jur\u00eddicos y administrativos, entre los que se cuentan dict\u00e1menes e informes de la Contralor\u00eda General de la Rep\u00fablica, resoluciones judiciales firmes y documentos emanados desde el propio municipio de Coyhaique. De acuerdo con los concejales requirentes, estos antecedentes no corresponden a hechos aislados, sino que evidencian un patr\u00f3n reiterado de conductas contrarias a la legalidad, advertidas en su oportunidad por los \u00f3rganos de control interno y externo, pero persistidas en el tiempo sin correcciones sustantivas.<\/p>\n<p style=\"text-align: justify;\">Entre los principales hechos expuestos se encuentra la omisi\u00f3n sistem\u00e1tica del uso de licitaciones p\u00fablicas en contratos donde la ley lo exige expresamente, particularmente en servicios esenciales para la comuna, como la recolecci\u00f3n y disposici\u00f3n de residuos domiciliarios urbanos y rurales, la operaci\u00f3n y mantenci\u00f3n de plantas de tratamiento de aguas servidas, la mantenci\u00f3n de \u00e1reas verdes y la administraci\u00f3n de cementerios municipales. Estas contrataciones se habr\u00edan ejecutado mayoritariamente mediante tratos directos improcedentes y decretos de \u201cregularizaci\u00f3n\u201d, involucrando montos superiores a los seis mil millones de pesos, configurando un mecanismo sostenido de elusi\u00f3n del sistema de compras p\u00fablicas.<\/p>\n<p style=\"text-align: justify;\">La Contralor\u00eda General de la Rep\u00fablica, adem\u00e1s, determin\u00f3 formalmente la responsabilidad administrativa del alcalde Carlos Gatica, por autorizar contrataciones irregulares, eludir el sistema ChileCompra y omitir la toma de raz\u00f3n de actos administrativos. Dicha resoluci\u00f3n fue impugnada por la propia autoridad comunal, siendo posteriormente rechazada tanto por la Corte de Apelaciones de Coyhaique como por la Corte Suprema, quedando firme la responsabilidad administrativa, hecho que reviste especial gravedad considerando que las irregularidades continuaron con posterioridad a estos pronunciamientos.<\/p>\n<p style=\"text-align: justify;\">A ello se suman los informes de la Direcci\u00f3n de Control Municipal, que dan cuenta de la dictaci\u00f3n de m\u00e1s de 470 decretos irregulares entre los a\u00f1os 2022 y 2025, por montos superiores a los 4.400 millones de pesos, consolidando un sistema reiterado de compras al margen de la normativa vigente, pese a las advertencias formales realizadas desde el propio municipio.<\/p>\n<p style=\"text-align: justify;\">El requerimiento tambi\u00e9n incorpora casos espec\u00edficos, como el pago irregular de m\u00e1s de 31 millones de pesos por el concierto \u201c\u00cdntimo Los V\u00e1squez\u201d, el cual ya se encontraba incluido y pagado dentro de una licitaci\u00f3n mayor correspondiente al Festival de la Patagonia 2023, configur\u00e1ndose duplicidad de pagos, omisi\u00f3n de licitaci\u00f3n e inclusi\u00f3n de \u00edtems improcedentes, situaci\u00f3n respecto de la cual la Contralor\u00eda advirti\u00f3 que los hechos podr\u00edan incluso revestir car\u00e1cter de delito.<\/p>\n<p style=\"text-align: justify;\">Asimismo, se incluye el t\u00e9rmino anticipado del contrato de concesi\u00f3n de parqu\u00edmetros, adoptado sin contar previamente con la autorizaci\u00f3n del Concejo Municipal, lo que gener\u00f3 un perjuicio patrimonial superior a los 83 millones de pesos, por ingresos que el municipio dej\u00f3 de percibir, actuaci\u00f3n que fue declarada por la Contralor\u00eda como contraria a derecho.<\/p>\n<p style=\"text-align: justify;\">En este contexto, la concejala Ana Mar\u00eda Navarrete se\u00f1al\u00f3 que la evasi\u00f3n de licitaciones p\u00fablicas y la falta de planificaci\u00f3n han sido una pr\u00e1ctica reiterada en la actual administraci\u00f3n. \u201cEs un tema que se lo hemos pedido en reiteradas oportunidades desde el Concejo anterior. Hay muchas pr\u00e1cticas que he observado en este tiempo; esta no es una decisi\u00f3n f\u00e1cil, pero tengo la certeza de que estamos en lo correcto\u201d, enfatiz\u00f3.<\/p>\n<p style=\"text-align: justify;\">Por su parte, el concejal Sebasti\u00e1n Vera sostuvo que se trata de una determinaci\u00f3n que ven\u00edan analizando desde hace bastante tiempo. \u201cEst\u00e1 dentro de las atribuciones que tenemos los concejales a la hora de fiscalizar el buen uso de los recursos p\u00fablicos. Sentimos que hay una sensaci\u00f3n de desgaste por parte de la comunidad ante tanta irregularidad y creemos que existen pruebas suficientes para presentar este requerimiento\u201d, afirm\u00f3.<\/p>\n<p style=\"text-align: justify;\">Finalmente, los concejales reiteraron que esta acci\u00f3n no responde a motivaciones personales ni partidistas, sino al cumplimiento estricto del deber legal de fiscalizaci\u00f3n y a la necesidad de resguardar la probidad, la transparencia y el correcto uso de los recursos p\u00fablicos, se\u00f1alando que ser\u00e1 el Tribunal Electoral Regional el encargado de ponderar los antecedentes y resolver conforme a derecho.<\/p>\n<\/div><\/section><\/div><div  style='height:50px' class='hr hr-invisible   avia-builder-el-6  el_after_av_one_full  el_before_av_social_share '><span class='hr-inner ' ><span class='hr-inner-style'><\/span><\/span><\/div><\/p>\n<div  class='av-social-sharing-box  avia-builder-el-7  el_after_av_hr  el_before_av_hr  '><div class='av-share-box'><h5 class='av-share-link-description av-no-toc '>Compartir esta noticia<\/h5><ul class='av-share-box-list noLightbox'><li class='av-share-link av-social-link-facebook' ><a target=\"_blank\" aria-label=\"Compartir en Facebook\" href='https:\/\/www.facebook.com\/sharer.php?u=https:\/\/radiorevelacionfm.cl\/?p=62688&#038;t=Concejales%20presentan%20requerimiento%20de%20destituci%C3%B3n%20contra%20el%20Alcalde%20de%20Coyhaique%20por%20notable%20abandono%20de%20deberes' aria-hidden='false' data-av_icon='\ue8f3' data-av_iconfont='entypo-fontello' title='' data-avia-related-tooltip='Compartir en Facebook' rel=\"noopener\"><span class='avia_hidden_link_text'>Compartir en Facebook<\/span><\/a><\/li><li class='av-share-link av-social-link-twitter' ><a target=\"_blank\" aria-label=\"Compartir en Twitter\" href='https:\/\/twitter.com\/share?text=Concejales%20presentan%20requerimiento%20de%20destituci%C3%B3n%20contra%20el%20Alcalde%20de%20Coyhaique%20por%20notable%20abandono%20de%20deberes&#038;url=https:\/\/radiorevelacionfm.cl\/?p=62688' aria-hidden='false' data-av_icon='\ue8f1' data-av_iconfont='entypo-fontello' title='' data-avia-related-tooltip='Compartir en Twitter' rel=\"noopener\"><span class='avia_hidden_link_text'>Compartir en Twitter<\/span><\/a><\/li><li class='av-share-link av-social-link-whatsapp' ><a target=\"_blank\" aria-label=\"Compartir en Whatsapp\" href='https:\/\/api.whatsapp.com\/send?text=https:\/\/radiorevelacionfm.cl\/?p=62688' aria-hidden='false' data-av_icon='\uf232' data-av_iconfont='entypo-fontello' title='' data-avia-related-tooltip='Compartir en Whatsapp' rel=\"noopener\"><span class='avia_hidden_link_text'>Compartir en Whatsapp<\/span><\/a><\/li><li class='av-share-link av-social-link-linkedin' ><a target=\"_blank\" aria-label=\"Compartir en LinkedIn\" href='https:\/\/linkedin.com\/shareArticle?mini=true&#038;title=Concejales%20presentan%20requerimiento%20de%20destituci%C3%B3n%20contra%20el%20Alcalde%20de%20Coyhaique%20por%20notable%20abandono%20de%20deberes&#038;url=https:\/\/radiorevelacionfm.cl\/?p=62688' aria-hidden='false' data-av_icon='\ue8fc' data-av_iconfont='entypo-fontello' title='' data-avia-related-tooltip='Compartir en LinkedIn' rel=\"noopener\"><span class='avia_hidden_link_text'>Compartir en LinkedIn<\/span><\/a><\/li><li class='av-share-link av-social-link-mail' ><a  aria-label=\"Compartir por correo\" href='mailto:?subject=Concejales%20presentan%20requerimiento%20de%20destituci%C3%B3n%20contra%20el%20Alcalde%20de%20Coyhaique%20por%20notable%20abandono%20de%20deberes&#038;body=https:\/\/radiorevelacionfm.cl\/?p=62688' aria-hidden='false' data-av_icon='\ue805' data-av_iconfont='entypo-fontello' title='' data-avia-related-tooltip='Compartir por correo'><span class='avia_hidden_link_text'>Compartir por correo<\/span><\/a><\/li><\/ul><\/div><\/div>\n<div  style='height:50px' class='hr hr-invisible   avia-builder-el-8  el_after_av_social_share  el_before_av_comments_list '><span class='hr-inner ' ><span class='hr-inner-style'><\/span><\/span><\/div>\n<div  class='av-buildercomment  av-blog-meta-html-info-disabled av-blog-meta-tag-disabled  '><\/div>\n","protected":false},"excerpt":{"rendered":"","protected":false},"author":1,"featured_media":62689,"comment_status":"closed","ping_status":"closed","sticky":false,"template":"","format":"standard","meta":{"footnotes":""},"categories":[38],"tags":[],"class_list":["post-62688","post","type-post","status-publish","format-standard","has-post-thumbnail","hentry","category-regional"],"jetpack_featured_media_url":"https:\/\/radiorevelacionfm.cl\/wp-content\/uploads\/2025\/12\/IMG-01-1-1.jpg","_links":{"self":[{"href":"https:\/\/radiorevelacionfm.cl\/index.php?rest_route=\/wp\/v2\/posts\/62688","targetHints":{"allow":["GET"]}}],"collection":[{"href":"https:\/\/radiorevelacionfm.cl\/index.php?rest_route=\/wp\/v2\/posts"}],"about":[{"href":"https:\/\/radiorevelacionfm.cl\/index.php?rest_route=\/wp\/v2\/types\/post"}],"author":[{"embeddable":true,"href":"https:\/\/radiorevelacionfm.cl\/index.php?rest_route=\/wp\/v2\/users\/1"}],"replies":[{"embeddable":true,"href":"https:\/\/radiorevelacionfm.cl\/index.php?rest_route=%2Fwp%2Fv2%2Fcomments&post=62688"}],"version-history":[{"count":2,"href":"https:\/\/radiorevelacionfm.cl\/index.php?rest_route=\/wp\/v2\/posts\/62688\/revisions"}],"predecessor-version":[{"id":62691,"href":"https:\/\/radiorevelacionfm.cl\/index.php?rest_route=\/wp\/v2\/posts\/62688\/revisions\/62691"}],"wp:featuredmedia":[{"embeddable":true,"href":"https:\/\/radiorevelacionfm.cl\/index.php?rest_route=\/wp\/v2\/media\/62689"}],"wp:attachment":[{"href":"https:\/\/radiorevelacionfm.cl\/index.php?rest_route=%2Fwp%2Fv2%2Fmedia&parent=62688"}],"wp:term":[{"taxonomy":"category","embeddable":true,"href":"https:\/\/radiorevelacionfm.cl\/index.php?rest_route=%2Fwp%2Fv2%2Fcategories&post=62688"},{"taxonomy":"post_tag","embeddable":true,"href":"https:\/\/radiorevelacionfm.cl\/index.php?rest_route=%2Fwp%2Fv2%2Ftags&post=62688"}],"curies":[{"name":"wp","href":"https:\/\/api.w.org\/{rel}","templated":true}]}}