{"id":62682,"date":"2025-12-19T18:12:56","date_gmt":"2025-12-19T21:12:56","guid":{"rendered":"https:\/\/radiorevelacionfm.cl\/?p=62682"},"modified":"2025-12-19T18:12:56","modified_gmt":"2025-12-19T21:12:56","slug":"dia-contra-el-femicidio-seremi-de-la-mujer-impulsa-conversatorio-sobre-avances-legislativos-para-la-violencia-de-genero","status":"publish","type":"post","link":"https:\/\/radiorevelacionfm.cl\/?p=62682","title":{"rendered":"D\u00eda contra el Femicidio: Seremi de la Mujer impulsa conversatorio sobre avances legislativos para la Violencia de G\u00e9nero"},"content":{"rendered":"<div class=\"flex_column av_one_full  flex_column_div av-zero-column-padding first  avia-builder-el-0  el_before_av_one_full  avia-builder-el-first  \" style='border-radius:0px; '><div  class='avia-image-container  av-styling-    avia-builder-el-1  avia-builder-el-no-sibling  avia-align-center '  itemprop=\"image\" itemscope=\"itemscope\" itemtype=\"https:\/\/schema.org\/ImageObject\"  ><div class='avia-image-container-inner'><div class='avia-image-overlay-wrap'><img decoding=\"async\" class='wp-image-62683 avia-img-lazy-loading-not-62683 avia_image' src=\"https:\/\/radiorevelacionfm.cl\/wp-content\/uploads\/2025\/12\/fotografia-minuto-de-silencio-1-1.jpg\" alt='' title='fotograf\u00eda minuto de silencio (1) (1)' height=\"600\" width=\"800\"  itemprop=\"thumbnailUrl\" srcset=\"https:\/\/radiorevelacionfm.cl\/wp-content\/uploads\/2025\/12\/fotografia-minuto-de-silencio-1-1.jpg 800w, https:\/\/radiorevelacionfm.cl\/wp-content\/uploads\/2025\/12\/fotografia-minuto-de-silencio-1-1-300x225.jpg 300w, https:\/\/radiorevelacionfm.cl\/wp-content\/uploads\/2025\/12\/fotografia-minuto-de-silencio-1-1-768x576.jpg 768w, https:\/\/radiorevelacionfm.cl\/wp-content\/uploads\/2025\/12\/fotografia-minuto-de-silencio-1-1-705x529.jpg 705w, https:\/\/radiorevelacionfm.cl\/wp-content\/uploads\/2025\/12\/fotografia-minuto-de-silencio-1-1-450x338.jpg 450w, https:\/\/radiorevelacionfm.cl\/wp-content\/uploads\/2025\/12\/fotografia-minuto-de-silencio-1-1-600x450.jpg 600w\" sizes=\"(max-width: 800px) 100vw, 800px\" \/><\/div><\/div><\/div><\/div><div class=\"flex_column av_one_full  flex_column_div av-zero-column-padding first  avia-builder-el-2  el_after_av_one_full  el_before_av_one_full  column-top-margin\" style='border-radius:0px; '><section class=\"av_textblock_section \"  itemscope=\"itemscope\" itemtype=\"https:\/\/schema.org\/BlogPosting\" itemprop=\"blogPost\" ><div class='avia_textblock  '   itemprop=\"text\" ><p style=\"text-align: center;\"><strong><span style=\"font-size: 18pt;\">D\u00eda contra el Femicidio: Seremi de la Mujer impulsa conversatorio sobre avances legislativos para la Violencia de G\u00e9nero<\/span><\/strong><\/p>\n<div id=\"gtx-trans\" style=\"position: absolute; left: -50px; top: 4.31534px;\">\n<div class=\"gtx-trans-icon\"><\/div>\n<\/div>\n<\/div><\/section><\/div><div class=\"flex_column av_one_full  flex_column_div av-zero-column-padding first  avia-builder-el-4  el_after_av_one_full  el_before_av_hr  column-top-margin\" style='border-radius:0px; '><section class=\"av_textblock_section \"  itemscope=\"itemscope\" itemtype=\"https:\/\/schema.org\/BlogPosting\" itemprop=\"blogPost\" ><div class='avia_textblock  '   itemprop=\"text\" ><p style=\"text-align: justify;\">En el marco de la conmemoraci\u00f3n del 19 de diciembre, D\u00eda Nacional contra el Femicidio, la Seremi de la Mujer y la Equidad de G\u00e9nero de Ays\u00e9n, realiz\u00f3 este viernes un conversatorio orientado a reflexionar sobre los avances legislativos y desaf\u00edos del Estado en el abordaje de las violencias que afectan a mujeres y ni\u00f1as, as\u00ed como identificar c\u00f3mo seguir avanzando en pol\u00edticas de prevenci\u00f3n, atenci\u00f3n y reparaci\u00f3n.<\/p>\n<p style=\"text-align: justify;\">Cabe recordar que el 19 de diciembre fue establecido como el D\u00eda Nacional contra el Femicidio en memoria de Javiera Neira Oportus, quien fue asesinada por su padre en 2005, cuando ten\u00eda seis a\u00f1os, en un contexto de violencia ejercida contra su madre.<\/p>\n<p style=\"text-align: justify;\">\u201c\u200bHoy, 19 de diciembre, conmemoramos el D\u00eda Nacional contra el Femicidio y honramos la memoria todas las mujeres que hoy ya no est\u00e1n. La violencia contra las mujeres es un problema estructural y, en el contexto de Ays\u00e9n y Chile, como Gobierno hemos logrado avanzar con decisi\u00f3n en cambios legislativos que permiten al Estado poder prevenir y sancionar para poder erradicar la violencia de g\u00e9nero. Hemos logrado avances hist\u00f3ricos: la Ley Gabriela que reconoce el femicidio en relaciones sin convivencia, como el pololeo y la Ley Antonia tipifica el suicidio femicida. Adem\u00e1s, desde el a\u00f1o pasado logramos, despues de siete a\u00f1os congelada en el congreso, aprobar la Ley Integral para Prevenir, Sancionar y Erradicar la Violencia contra las Mujeres, una &#8216;Ley en Nombre de Todas&#8217;, que mandata a los \u00f3rganos del Estado a actuar coordinadamente para erradicar la violencia de g\u00e9nero. Cumplimos el compromiso de nuestro presidente, Gabriel Boric Font, de tener al menos un Centro de Atenci\u00f3n Especializada en Violencias de G\u00e9nero en cada regi\u00f3n del pa\u00eds, pasando de 3 a 27 centros en dos a\u00f1os. Estos centros entregan atenci\u00f3n jur\u00eddica y psicosocial especializada\u201d.\u00a0 coment\u00f3 la Seremi de la Mujer y la Equidad de G\u00e9nero, Isidora Gacit\u00faa Goles.<\/p>\n<p style=\"text-align: justify;\">\u200b\u201cAdem\u00e1s, la Ley de reparaci\u00f3n de v\u00edctimas de femicidio ha permitido la entrega de 206 pensiones a hijos e hijas menores de edad de las mujeres v\u00edctimas de femicidios. Sabemos que hemos avanzado pero queda mucho por avanzar, si bien como gobierno tenemos la convicci\u00f3n de que debemos profundizar el rol del Estado para garantizar un pais libre de violencia de g\u00e9nero, sabemos que estos avances tambien han sido posibles por las hist\u00f3ricas luchas que hemos debido dar las mujeres. La invitaci\u00f3n es a no retrocer y seguir juntas y juntos construyendo un #ChileParaTodas\u201d, agreg\u00f3.<\/p>\n<p style=\"text-align: justify;\">El conversatorio cont\u00f3 con la participaci\u00f3n de la directora regional de Fundaci\u00f3n Prodemu, Ingrid Osorio Santana, la directora (s) de SernamEG, Carla Arriagada Malague\u00f1o, participantes del Circuito Intersectorial de Femicidio (CIF), autoridades regionales y mujeres pertenecientes a los programas de SernamEG y de Prodemu, entre otras.<\/p>\n<p style=\"text-align: justify;\"><strong>Cifras<\/strong><\/p>\n<p style=\"text-align: justify;\">Seg\u00fan el Informe CIF 2024, los femicidios consumados se han mantenido relativamente estables en los \u00faltimos a\u00f1os, registr\u00e1ndose 40 femicidios consumados y 283\u00a0 femicidios frustrados hasta la fecha. Adem\u00e1s, seg\u00fan cifras de la Subsecretar\u00eda de Prevenci\u00f3n del Delito, el 31,1% de las mujeres asesinadas en el pa\u00eds este a\u00f1o fueron v\u00edctimas de femicidio, concentr\u00e1ndose mayoritariamente en contextos de violencia intrafamiliar.<\/p>\n<p style=\"text-align: justify;\">En cuanto a los espacios donde ocurren estos delitos, la mayor\u00eda se concentra en entornos cercanos a la vida cotidiana de las mujeres: 47,2% en el domicilio com\u00fan, 23,6% en la vivienda de la v\u00edctima y 17,2% en la v\u00eda p\u00fablica, siendo el hogar compartido el principal escenario de riesgo tanto en femicidios consumados como frustrados.<\/p>\n<p style=\"text-align: justify;\">Respecto del acompa\u00f1amiento institucional, en los casos de femicidio frustrado, el SernamEG logr\u00f3 contactar al 95,6% de las v\u00edctimas para ofrecer representaci\u00f3n jur\u00eddica y atenci\u00f3n psicosocial a trav\u00e9s de centros especializados y residencias transitorias. De ellas, el 53,2% acept\u00f3 el apoyo, incluyendo la presentaci\u00f3n de querella e inicio del proceso judicial. En el caso de los femicidios consumados, el servicio present\u00f3 querellas en el 85,7% de los casos.<\/p>\n<p style=\"text-align: justify;\">Referente a las cifras de la regi\u00f3n de Ays\u00e9n, durante el a\u00f1o 2025 no se registraron femicidios consumados, se registran 3 femicidios frustrados, 4 tentados y ning\u00fan suicidio femicida hasta la redacci\u00f3n de esta nota.<\/p>\n<p style=\"text-align: justify;\">\u201cComo servicio, y en coordinaci\u00f3n con otras instituciones del Estado,\u00a0ponemos a disposici\u00f3n la oferta program\u00e1tica en materia de violencia de g\u00e9nero,\u00a0a trav\u00e9s de la atenci\u00f3n psicosocial y la representaci\u00f3n jur\u00eddica gratuita para ellas o sus familias. En este contexto, tambi\u00e9n, surge el abordaje de la Ley de Reparaci\u00f3n para V\u00edctimas Sobrevivientes de Femicidios, promulgada en el a\u00f1o 2023.\u00a0En el caso de la muerte de la mujer, esta ley busca reparar a los hijos e hijas menores de edad, de dicha mujer, mediante una pensi\u00f3n hasta que cumplan la mayor\u00eda de edad.\u00a0En el caso de que la mujer sobreviva al ataque femicida, se busca que puedan tener resguardo en el acceso preferente para ella y su familia,\u00a0a las prestaciones de protecci\u00f3n social. Tambi\u00e9n a tener protecci\u00f3n en el trabajo, a trav\u00e9s de fuero laboral por un a\u00f1o para la mujer v\u00edctima,\u00a0ya que en el caso de ser necesario, puedan contar con las adecuaciones temporales oportunas\u00a0en sus prestaciones laborales y as\u00ed poder participar del proceso penal y reparatorio en la mejor de las condiciones\u201d, sostuvo Carla Arriagada Malague\u00f1o, directora (s) de SernamEG.<\/p>\n<p style=\"text-align: justify;\">El conversatorio, que se realiz\u00f3 en el sal\u00f3n de la Seremi de las Culturas, las Artes y el Patrimonio, cont\u00f3 con la presencia de cerca 30 personas que participaron de un conversatorio, encabezado por la Seremi de la Mujer, Isidora Gacit\u00faa Goles, y que adem\u00e1s tuvo como moderadora a la profesional de apoyo de la Seremi de la Mujer, Lenka Gatica Sandoval y como panelistas, a Carla Arriagada Malague\u00f1o y Patricia Mac\u00edas Hern\u00e1ndez, ambas profesionales de SernamEG.<\/p>\n<p style=\"text-align: justify;\">La actividad concluy\u00f3 con un significativo espacio de reflexi\u00f3n y un minuto de silencio por todas las mujeres v\u00edctimas de femicidio del a\u00f1o 2025.<\/p>\n<\/div><\/section><\/div><div  style='height:50px' class='hr hr-invisible   avia-builder-el-6  el_after_av_one_full  el_before_av_social_share '><span class='hr-inner ' ><span class='hr-inner-style'><\/span><\/span><\/div><\/p>\n<div  class='av-social-sharing-box  avia-builder-el-7  el_after_av_hr  el_before_av_hr  '><div class='av-share-box'><h5 class='av-share-link-description av-no-toc '>Compartir esta noticia<\/h5><ul class='av-share-box-list noLightbox'><li class='av-share-link av-social-link-facebook' ><a target=\"_blank\" aria-label=\"Compartir en Facebook\" href='https:\/\/www.facebook.com\/sharer.php?u=https:\/\/radiorevelacionfm.cl\/?p=62682&#038;t=D%C3%ADa%20contra%20el%20Femicidio%3A%20Seremi%20de%20la%20Mujer%20impulsa%20conversatorio%20sobre%20avances%20legislativos%20para%20la%20Violencia%20de%20G%C3%A9nero' aria-hidden='false' data-av_icon='\ue8f3' data-av_iconfont='entypo-fontello' title='' data-avia-related-tooltip='Compartir en Facebook' rel=\"noopener\"><span class='avia_hidden_link_text'>Compartir en Facebook<\/span><\/a><\/li><li class='av-share-link av-social-link-twitter' ><a target=\"_blank\" aria-label=\"Compartir en Twitter\" href='https:\/\/twitter.com\/share?text=D%C3%ADa%20contra%20el%20Femicidio%3A%20Seremi%20de%20la%20Mujer%20impulsa%20conversatorio%20sobre%20avances%20legislativos%20para%20la%20Violencia%20de%20G%C3%A9nero&#038;url=https:\/\/radiorevelacionfm.cl\/?p=62682' aria-hidden='false' data-av_icon='\ue8f1' data-av_iconfont='entypo-fontello' title='' data-avia-related-tooltip='Compartir en Twitter' rel=\"noopener\"><span class='avia_hidden_link_text'>Compartir en Twitter<\/span><\/a><\/li><li class='av-share-link av-social-link-whatsapp' ><a target=\"_blank\" aria-label=\"Compartir en Whatsapp\" href='https:\/\/api.whatsapp.com\/send?text=https:\/\/radiorevelacionfm.cl\/?p=62682' aria-hidden='false' data-av_icon='\uf232' data-av_iconfont='entypo-fontello' title='' data-avia-related-tooltip='Compartir en Whatsapp' rel=\"noopener\"><span class='avia_hidden_link_text'>Compartir en Whatsapp<\/span><\/a><\/li><li class='av-share-link av-social-link-linkedin' ><a target=\"_blank\" aria-label=\"Compartir en LinkedIn\" href='https:\/\/linkedin.com\/shareArticle?mini=true&#038;title=D%C3%ADa%20contra%20el%20Femicidio%3A%20Seremi%20de%20la%20Mujer%20impulsa%20conversatorio%20sobre%20avances%20legislativos%20para%20la%20Violencia%20de%20G%C3%A9nero&#038;url=https:\/\/radiorevelacionfm.cl\/?p=62682' aria-hidden='false' data-av_icon='\ue8fc' data-av_iconfont='entypo-fontello' title='' data-avia-related-tooltip='Compartir en LinkedIn' rel=\"noopener\"><span class='avia_hidden_link_text'>Compartir en LinkedIn<\/span><\/a><\/li><li class='av-share-link av-social-link-mail' ><a  aria-label=\"Compartir por correo\" href='mailto:?subject=D%C3%ADa%20contra%20el%20Femicidio%3A%20Seremi%20de%20la%20Mujer%20impulsa%20conversatorio%20sobre%20avances%20legislativos%20para%20la%20Violencia%20de%20G%C3%A9nero&#038;body=https:\/\/radiorevelacionfm.cl\/?p=62682' aria-hidden='false' data-av_icon='\ue805' data-av_iconfont='entypo-fontello' title='' data-avia-related-tooltip='Compartir por correo'><span class='avia_hidden_link_text'>Compartir por correo<\/span><\/a><\/li><\/ul><\/div><\/div>\n<div  style='height:50px' class='hr hr-invisible   avia-builder-el-8  el_after_av_social_share  el_before_av_comments_list '><span class='hr-inner ' ><span class='hr-inner-style'><\/span><\/span><\/div>\n<div  class='av-buildercomment  av-blog-meta-html-info-disabled av-blog-meta-tag-disabled  '><\/div>\n","protected":false},"excerpt":{"rendered":"","protected":false},"author":1,"featured_media":62683,"comment_status":"closed","ping_status":"closed","sticky":false,"template":"","format":"standard","meta":{"footnotes":""},"categories":[38],"tags":[],"class_list":["post-62682","post","type-post","status-publish","format-standard","has-post-thumbnail","hentry","category-regional"],"jetpack_featured_media_url":"https:\/\/radiorevelacionfm.cl\/wp-content\/uploads\/2025\/12\/fotografia-minuto-de-silencio-1-1.jpg","_links":{"self":[{"href":"https:\/\/radiorevelacionfm.cl\/index.php?rest_route=\/wp\/v2\/posts\/62682","targetHints":{"allow":["GET"]}}],"collection":[{"href":"https:\/\/radiorevelacionfm.cl\/index.php?rest_route=\/wp\/v2\/posts"}],"about":[{"href":"https:\/\/radiorevelacionfm.cl\/index.php?rest_route=\/wp\/v2\/types\/post"}],"author":[{"embeddable":true,"href":"https:\/\/radiorevelacionfm.cl\/index.php?rest_route=\/wp\/v2\/users\/1"}],"replies":[{"embeddable":true,"href":"https:\/\/radiorevelacionfm.cl\/index.php?rest_route=%2Fwp%2Fv2%2Fcomments&post=62682"}],"version-history":[{"count":2,"href":"https:\/\/radiorevelacionfm.cl\/index.php?rest_route=\/wp\/v2\/posts\/62682\/revisions"}],"predecessor-version":[{"id":62687,"href":"https:\/\/radiorevelacionfm.cl\/index.php?rest_route=\/wp\/v2\/posts\/62682\/revisions\/62687"}],"wp:featuredmedia":[{"embeddable":true,"href":"https:\/\/radiorevelacionfm.cl\/index.php?rest_route=\/wp\/v2\/media\/62683"}],"wp:attachment":[{"href":"https:\/\/radiorevelacionfm.cl\/index.php?rest_route=%2Fwp%2Fv2%2Fmedia&parent=62682"}],"wp:term":[{"taxonomy":"category","embeddable":true,"href":"https:\/\/radiorevelacionfm.cl\/index.php?rest_route=%2Fwp%2Fv2%2Fcategories&post=62682"},{"taxonomy":"post_tag","embeddable":true,"href":"https:\/\/radiorevelacionfm.cl\/index.php?rest_route=%2Fwp%2Fv2%2Ftags&post=62682"}],"curies":[{"name":"wp","href":"https:\/\/api.w.org\/{rel}","templated":true}]}}