{"id":62677,"date":"2025-12-19T14:54:05","date_gmt":"2025-12-19T17:54:05","guid":{"rendered":"https:\/\/radiorevelacionfm.cl\/?p=62677"},"modified":"2025-12-19T14:54:05","modified_gmt":"2025-12-19T17:54:05","slug":"por-unanimidad-fue-aprobado-el-proyecto-de-construccion-del-servicio-sanitario-rural-santa-elena-las-liebres","status":"publish","type":"post","link":"https:\/\/radiorevelacionfm.cl\/?p=62677","title":{"rendered":"Por Unanimidad fue aprobado el Proyecto de Construcci\u00f3n del Servicio Sanitario Rural Santa Elena \u2013 Las Liebres"},"content":{"rendered":"<div class=\"flex_column av_one_full  flex_column_div av-zero-column-padding first  avia-builder-el-0  el_before_av_one_full  avia-builder-el-first  \" style='border-radius:0px; '><div  class='avia-image-container  av-styling-    avia-builder-el-1  avia-builder-el-no-sibling  avia-align-center '  itemprop=\"image\" itemscope=\"itemscope\" itemtype=\"https:\/\/schema.org\/ImageObject\"  ><div class='avia-image-container-inner'><div class='avia-image-overlay-wrap'><img decoding=\"async\" class='wp-image-62678 avia-img-lazy-loading-not-62678 avia_image' src=\"https:\/\/radiorevelacionfm.cl\/wp-content\/uploads\/2025\/12\/img_0613-1_optimized.jpg\" alt='' title='img_0613-(1)_optimized' height=\"600\" width=\"900\"  itemprop=\"thumbnailUrl\" srcset=\"https:\/\/radiorevelacionfm.cl\/wp-content\/uploads\/2025\/12\/img_0613-1_optimized.jpg 900w, https:\/\/radiorevelacionfm.cl\/wp-content\/uploads\/2025\/12\/img_0613-1_optimized-300x200.jpg 300w, https:\/\/radiorevelacionfm.cl\/wp-content\/uploads\/2025\/12\/img_0613-1_optimized-768x512.jpg 768w, https:\/\/radiorevelacionfm.cl\/wp-content\/uploads\/2025\/12\/img_0613-1_optimized-705x470.jpg 705w, https:\/\/radiorevelacionfm.cl\/wp-content\/uploads\/2025\/12\/img_0613-1_optimized-450x300.jpg 450w, https:\/\/radiorevelacionfm.cl\/wp-content\/uploads\/2025\/12\/img_0613-1_optimized-600x400.jpg 600w\" sizes=\"(max-width: 900px) 100vw, 900px\" \/><\/div><\/div><\/div><\/div><div class=\"flex_column av_one_full  flex_column_div av-zero-column-padding first  avia-builder-el-2  el_after_av_one_full  el_before_av_one_full  column-top-margin\" style='border-radius:0px; '><section class=\"av_textblock_section \"  itemscope=\"itemscope\" itemtype=\"https:\/\/schema.org\/BlogPosting\" itemprop=\"blogPost\" ><div class='avia_textblock  '   itemprop=\"text\" ><p style=\"text-align: center;\"><strong><span style=\"font-size: 18pt;\">Por Unanimidad fue aprobado el Proyecto de Construcci\u00f3n del Servicio Sanitario Rural Santa Elena \u2013 Las Liebres<\/span><\/strong><\/p>\n<div id=\"gtx-trans\" style=\"position: absolute; left: -50px; top: 4.31534px;\">\n<div class=\"gtx-trans-icon\"><\/div>\n<\/div>\n<\/div><\/section><\/div><div class=\"flex_column av_one_full  flex_column_div av-zero-column-padding first  avia-builder-el-4  el_after_av_one_full  el_before_av_hr  column-top-margin\" style='border-radius:0px; '><section class=\"av_textblock_section \"  itemscope=\"itemscope\" itemtype=\"https:\/\/schema.org\/BlogPosting\" itemprop=\"blogPost\" ><div class='avia_textblock  '   itemprop=\"text\" ><p style=\"text-align: justify;\">En la sesi\u00f3n plenaria del Gobierno Regional de Ays\u00e9n realizada hoy, el proyecto \u201cConstrucci\u00f3n del Servicio Sanitario Rural Santa Elena \u2013 Las Liebres\u201d fue aprobado por unanimidad, marcando un avance hist\u00f3rico para m\u00e1s de 170 familias que por a\u00f1os han debido abastecerse de agua a trav\u00e9s de sistemas artesanales, norias o acarreo, sin una soluci\u00f3n formal que garantizara continuidad, seguridad sanitaria y calidad en el servicio.<\/p>\n<p style=\"text-align: justify;\">El sector, ubicado a aproximadamente 28 kil\u00f3metros de Coyhaique, ha enfrentado durante d\u00e9cadas dificultades asociadas a la falta de agua potable. La presidenta del Comit\u00e9 APR Santa Elena \u2013 Las Liebres, Sra. Marta Alvarado, destac\u00f3 el largo camino recorrido para llegar a este momento:<\/p>\n<p style=\"text-align: justify;\">\u201cNosotros llevamos muchos a\u00f1os trabajando para obtener el agua potable para nuestro sector, que est\u00e1 ubicado aproximadamente a 28 kil\u00f3metros de Coyhaique y que, sin embargo, no contaba con este recurso tan importante. Hoy d\u00eda esto se ve materializado y estamos a portas de comenzar el siguiente proceso, que es licitar y posteriormente construir nuestro APR.\u201d<\/p>\n<p style=\"text-align: justify;\">El proyecto contempla captaci\u00f3n superficial desde el R\u00edo Blanco, obras de impulsi\u00f3n, caseta de tratamiento, estanques de regulaci\u00f3n y m\u00e1s de 28 kil\u00f3metros de red de distribuci\u00f3n, adem\u00e1s de sistemas de relevaci\u00f3n para sectores de mayor cota. La iniciativa cuenta con Recomendaci\u00f3n Satisfactoria (RS) otorgada por el Ministerio de Desarrollo Social y Familia.<\/p>\n<p style=\"text-align: justify;\">El Director Regional de Obras Hidr\u00e1ulicas del Ministerio de Obras P\u00fablicas, Sr. Francisco Real Bahamonde, valor\u00f3 la aprobaci\u00f3n un\u00e1nime del proyecto y aclar\u00f3 que el financiamiento proviene \u00edntegramente del MOP:<\/p>\n<p style=\"text-align: justify;\">\u201cSe aprob\u00f3 por parte de todos los consejeros y consejeras el proyecto de Santa Elena \u2013 Las Liebres, por lo que ya estamos en condiciones de solicitar los recursos a nivel central y avanzar para licitar este proyecto durante el primer trimestre de 2026. Es un proyecto de m\u00e1s de 5.000 millones de pesos, considerando obra civil y asesor\u00eda, lo que nos deja muy conformes y comprometidos a seguir aumentando la cobertura de agua potable en sectores rurales que, pese a estar cerca de grandes poblados, a\u00fan no cuentan con un suministro formal.\u201d<\/p>\n<p style=\"text-align: justify;\">En este sentido, se recalca que los recursos provienen del Ministerio de Obras P\u00fablicas, a trav\u00e9s de la Direcci\u00f3n de Obras Hidr\u00e1ulicas, y no del presupuesto del Gobierno Regional. La aprobaci\u00f3n del pleno habilita avanzar en el proceso administrativo, pero la inversi\u00f3n corresponde exclusivamente a fondos sectoriales.<\/p>\n<p style=\"text-align: justify;\">Para los habitantes, la noticia marca un antes y un despu\u00e9s. El vecino Marlon La Regla, del sector Santa Elena \u2013 Las Liebres, expres\u00f3 la esperanza que esta aprobaci\u00f3n genera:<\/p>\n<p style=\"text-align: justify;\">\u201cCon este proyecto nos va a cambiar la vida en todos los aspectos. En dos a\u00f1os m\u00e1s podremos vivir tranquilamente y hacer vida social en nuestro sector. Hoy se concret\u00f3 la aprobaci\u00f3n y ojal\u00e1 pronto podamos, como escuch\u00e9 por ah\u00ed, abrir la llave y sacar ag\u00fcita.\u201d<\/p>\n<p style=\"text-align: justify;\">Por su parte, el Consejero Regional Rocco Martinello, presente en el plenario como Presidente del CORE, manifest\u00f3 su apoyo al avance del proyecto:<\/p>\n<p style=\"text-align: justify;\">\u201cSolamente desearles, de parte del Gobierno Regional y por supuesto del Ministerio de Obras P\u00fablicas, el mayor de los \u00e9xitos, y que muy pronto como bien dec\u00eda la presidenta tengamos el agua en nuestras casas, que es un elemento vital para la vida.\u201d<\/p>\n<p style=\"text-align: justify;\">Con la aprobaci\u00f3n obtenida, se espera iniciar el proceso de licitaci\u00f3n durante el primer trimestre de 2026, adjudicar en el segundo semestre y comenzar obras hacia finales del a\u00f1o, avanzando as\u00ed en la disminuci\u00f3n de la brecha hist\u00f3rica de acceso al agua potable rural en la regi\u00f3n.<\/p>\n<\/div><\/section><\/div><div  style='height:50px' class='hr hr-invisible   avia-builder-el-6  el_after_av_one_full  el_before_av_social_share '><span class='hr-inner ' ><span class='hr-inner-style'><\/span><\/span><\/div><\/p>\n<div  class='av-social-sharing-box  avia-builder-el-7  el_after_av_hr  el_before_av_hr  '><div class='av-share-box'><h5 class='av-share-link-description av-no-toc '>Compartir esta noticia<\/h5><ul class='av-share-box-list noLightbox'><li class='av-share-link av-social-link-facebook' ><a target=\"_blank\" aria-label=\"Compartir en Facebook\" href='https:\/\/www.facebook.com\/sharer.php?u=https:\/\/radiorevelacionfm.cl\/?p=62677&#038;t=Por%20Unanimidad%20fue%20aprobado%20el%20Proyecto%20de%20Construcci%C3%B3n%20del%20Servicio%20Sanitario%20Rural%20Santa%20Elena%20%E2%80%93%20Las%20Liebres' aria-hidden='false' data-av_icon='\ue8f3' data-av_iconfont='entypo-fontello' title='' data-avia-related-tooltip='Compartir en Facebook' rel=\"noopener\"><span class='avia_hidden_link_text'>Compartir en Facebook<\/span><\/a><\/li><li class='av-share-link av-social-link-twitter' ><a target=\"_blank\" aria-label=\"Compartir en Twitter\" href='https:\/\/twitter.com\/share?text=Por%20Unanimidad%20fue%20aprobado%20el%20Proyecto%20de%20Construcci%C3%B3n%20del%20Servicio%20Sanitario%20Rural%20Santa%20Elena%20%E2%80%93%20Las%20Liebres&#038;url=https:\/\/radiorevelacionfm.cl\/?p=62677' aria-hidden='false' data-av_icon='\ue8f1' data-av_iconfont='entypo-fontello' title='' data-avia-related-tooltip='Compartir en Twitter' rel=\"noopener\"><span class='avia_hidden_link_text'>Compartir en Twitter<\/span><\/a><\/li><li class='av-share-link av-social-link-whatsapp' ><a target=\"_blank\" aria-label=\"Compartir en Whatsapp\" href='https:\/\/api.whatsapp.com\/send?text=https:\/\/radiorevelacionfm.cl\/?p=62677' aria-hidden='false' data-av_icon='\uf232' data-av_iconfont='entypo-fontello' title='' data-avia-related-tooltip='Compartir en Whatsapp' rel=\"noopener\"><span class='avia_hidden_link_text'>Compartir en Whatsapp<\/span><\/a><\/li><li class='av-share-link av-social-link-linkedin' ><a target=\"_blank\" aria-label=\"Compartir en LinkedIn\" href='https:\/\/linkedin.com\/shareArticle?mini=true&#038;title=Por%20Unanimidad%20fue%20aprobado%20el%20Proyecto%20de%20Construcci%C3%B3n%20del%20Servicio%20Sanitario%20Rural%20Santa%20Elena%20%E2%80%93%20Las%20Liebres&#038;url=https:\/\/radiorevelacionfm.cl\/?p=62677' aria-hidden='false' data-av_icon='\ue8fc' data-av_iconfont='entypo-fontello' title='' data-avia-related-tooltip='Compartir en LinkedIn' rel=\"noopener\"><span class='avia_hidden_link_text'>Compartir en LinkedIn<\/span><\/a><\/li><li class='av-share-link av-social-link-mail' ><a  aria-label=\"Compartir por correo\" href='mailto:?subject=Por%20Unanimidad%20fue%20aprobado%20el%20Proyecto%20de%20Construcci%C3%B3n%20del%20Servicio%20Sanitario%20Rural%20Santa%20Elena%20%E2%80%93%20Las%20Liebres&#038;body=https:\/\/radiorevelacionfm.cl\/?p=62677' aria-hidden='false' data-av_icon='\ue805' data-av_iconfont='entypo-fontello' title='' data-avia-related-tooltip='Compartir por correo'><span class='avia_hidden_link_text'>Compartir por correo<\/span><\/a><\/li><\/ul><\/div><\/div>\n<div  style='height:50px' class='hr hr-invisible   avia-builder-el-8  el_after_av_social_share  el_before_av_comments_list '><span class='hr-inner ' ><span class='hr-inner-style'><\/span><\/span><\/div>\n<div  class='av-buildercomment  av-blog-meta-html-info-disabled av-blog-meta-tag-disabled  '><\/div>\n","protected":false},"excerpt":{"rendered":"","protected":false},"author":1,"featured_media":62678,"comment_status":"closed","ping_status":"closed","sticky":false,"template":"","format":"standard","meta":{"footnotes":""},"categories":[38],"tags":[],"class_list":["post-62677","post","type-post","status-publish","format-standard","has-post-thumbnail","hentry","category-regional"],"jetpack_featured_media_url":"https:\/\/radiorevelacionfm.cl\/wp-content\/uploads\/2025\/12\/img_0613-1_optimized.jpg","_links":{"self":[{"href":"https:\/\/radiorevelacionfm.cl\/index.php?rest_route=\/wp\/v2\/posts\/62677","targetHints":{"allow":["GET"]}}],"collection":[{"href":"https:\/\/radiorevelacionfm.cl\/index.php?rest_route=\/wp\/v2\/posts"}],"about":[{"href":"https:\/\/radiorevelacionfm.cl\/index.php?rest_route=\/wp\/v2\/types\/post"}],"author":[{"embeddable":true,"href":"https:\/\/radiorevelacionfm.cl\/index.php?rest_route=\/wp\/v2\/users\/1"}],"replies":[{"embeddable":true,"href":"https:\/\/radiorevelacionfm.cl\/index.php?rest_route=%2Fwp%2Fv2%2Fcomments&post=62677"}],"version-history":[{"count":2,"href":"https:\/\/radiorevelacionfm.cl\/index.php?rest_route=\/wp\/v2\/posts\/62677\/revisions"}],"predecessor-version":[{"id":62680,"href":"https:\/\/radiorevelacionfm.cl\/index.php?rest_route=\/wp\/v2\/posts\/62677\/revisions\/62680"}],"wp:featuredmedia":[{"embeddable":true,"href":"https:\/\/radiorevelacionfm.cl\/index.php?rest_route=\/wp\/v2\/media\/62678"}],"wp:attachment":[{"href":"https:\/\/radiorevelacionfm.cl\/index.php?rest_route=%2Fwp%2Fv2%2Fmedia&parent=62677"}],"wp:term":[{"taxonomy":"category","embeddable":true,"href":"https:\/\/radiorevelacionfm.cl\/index.php?rest_route=%2Fwp%2Fv2%2Fcategories&post=62677"},{"taxonomy":"post_tag","embeddable":true,"href":"https:\/\/radiorevelacionfm.cl\/index.php?rest_route=%2Fwp%2Fv2%2Ftags&post=62677"}],"curies":[{"name":"wp","href":"https:\/\/api.w.org\/{rel}","templated":true}]}}