{"id":62672,"date":"2025-12-19T11:21:33","date_gmt":"2025-12-19T14:21:33","guid":{"rendered":"https:\/\/radiorevelacionfm.cl\/?p=62672"},"modified":"2025-12-19T11:21:33","modified_gmt":"2025-12-19T14:21:33","slug":"cerca-de-cien-estudiantes-retornaron-a-la-region-de-aysen-en-vuelo-fach","status":"publish","type":"post","link":"https:\/\/radiorevelacionfm.cl\/?p=62672","title":{"rendered":"Cerca de cien estudiantes retornaron a la regi\u00f3n de Ays\u00e9n en vuelo FACh"},"content":{"rendered":"<div class=\"flex_column av_one_full  flex_column_div av-zero-column-padding first  avia-builder-el-0  el_before_av_one_full  avia-builder-el-first  \" style='border-radius:0px; '><div  class='avia-image-container  av-styling-    avia-builder-el-1  avia-builder-el-no-sibling  avia-align-center '  itemprop=\"image\" itemscope=\"itemscope\" itemtype=\"https:\/\/schema.org\/ImageObject\"  ><div class='avia-image-container-inner'><div class='avia-image-overlay-wrap'><img decoding=\"async\" class='wp-image-62673 avia-img-lazy-loading-not-62673 avia_image' src=\"https:\/\/radiorevelacionfm.cl\/wp-content\/uploads\/2025\/12\/img_e0964-1_optimized.jpg\" alt='' title='img_e0964-(1)_optimized' height=\"600\" width=\"806\"  itemprop=\"thumbnailUrl\" srcset=\"https:\/\/radiorevelacionfm.cl\/wp-content\/uploads\/2025\/12\/img_e0964-1_optimized.jpg 806w, https:\/\/radiorevelacionfm.cl\/wp-content\/uploads\/2025\/12\/img_e0964-1_optimized-300x223.jpg 300w, https:\/\/radiorevelacionfm.cl\/wp-content\/uploads\/2025\/12\/img_e0964-1_optimized-768x572.jpg 768w, https:\/\/radiorevelacionfm.cl\/wp-content\/uploads\/2025\/12\/img_e0964-1_optimized-705x525.jpg 705w, https:\/\/radiorevelacionfm.cl\/wp-content\/uploads\/2025\/12\/img_e0964-1_optimized-450x335.jpg 450w, https:\/\/radiorevelacionfm.cl\/wp-content\/uploads\/2025\/12\/img_e0964-1_optimized-600x447.jpg 600w\" sizes=\"(max-width: 806px) 100vw, 806px\" \/><\/div><\/div><\/div><\/div><div class=\"flex_column av_one_full  flex_column_div av-zero-column-padding first  avia-builder-el-2  el_after_av_one_full  el_before_av_one_full  column-top-margin\" style='border-radius:0px; '><section class=\"av_textblock_section \"  itemscope=\"itemscope\" itemtype=\"https:\/\/schema.org\/BlogPosting\" itemprop=\"blogPost\" ><div class='avia_textblock  '   itemprop=\"text\" ><p style=\"text-align: center;\"><strong><span style=\"font-size: 18pt;\">Cerca de cien estudiantes retornaron a la regi\u00f3n de Ays\u00e9n en vuelo FACh<\/span><\/strong><\/p>\n<div id=\"gtx-trans\" style=\"position: absolute; left: -50px; top: 4.31534px;\">\n<div class=\"gtx-trans-icon\"><\/div>\n<\/div>\n<\/div><\/section><\/div><div class=\"flex_column av_one_full  flex_column_div av-zero-column-padding first  avia-builder-el-4  el_after_av_one_full  el_before_av_hr  column-top-margin\" style='border-radius:0px; '><section class=\"av_textblock_section \"  itemscope=\"itemscope\" itemtype=\"https:\/\/schema.org\/BlogPosting\" itemprop=\"blogPost\" ><div class='avia_textblock  '   itemprop=\"text\" ><p style=\"font-weight: 400; text-align: justify;\">Cerca de cien estudiantes que cursan estudios en diferentes universidades y centros de estudios superiores del pa\u00eds, retornaron a sus hogares en un vuelo especial, coordinado por el Ministerio del Interior, Ministerio de Defensa y la Fuerza A\u00e9rea de Chile (FACh), en apoyo a familias con residencia en la Regi\u00f3n de Ays\u00e9n.<\/p>\n<p style=\"font-weight: 400; text-align: justify;\">\u201cEstamos el d\u00eda de hoy con nuestros compa\u00f1eros de trabajo de la Delegaci\u00f3n Presidencial Regional, haciendo la recepci\u00f3n de los estudiantes que estudian fuera de la regi\u00f3n y quienes pudieron viajar desde Santiago y Puerto Montt hacia Balmaceda. Cerca de cien estudiantes pudieron acceder a este beneficio, mediante un trabajo conjunto de la Delegaci\u00f3n Presidencial Regional, Ministerio de Defensa y la Fuerza A\u00e9rea de Chile. Tenemos confirmaci\u00f3n de que en el mes de marzo se realizar\u00e1 un nuevo vuelo y cuando tengamos la confirmaci\u00f3n del d\u00eda, haremos la difusi\u00f3n en las redes sociales de la delegaci\u00f3n presidencial regional de Ays\u00e9n\u201d, se\u00f1al\u00f3 Fernanda Olave, coordinadora del proceso por parte de la Delegaci\u00f3n Presidencial Regional de Ays\u00e9n.<\/p>\n<p style=\"font-weight: 400; text-align: justify;\">La comandante Romina Rebolledo, piloto del avi\u00f3n de la FACh, destac\u00f3 la iniciativa, que permiti\u00f3 trasladar a 61estudiantes desde Santiago y 36 en Puerto Montt.<\/p>\n<p style=\"font-weight: 400; text-align: justify;\">\u201cHicimos el traslado de estudiantes que vuelven con posterioridad a su per\u00edodo educacional, procedentes desde Santiago y Puerto Montt. El viaje estuvo tranquilo, solo con un poco de\u00a0 viento propio de la zona en la aproximaci\u00f3n, as\u00ed es que todo muy bueno, los pasajeros se portaron muy bien, ven\u00edan todos muy contentos e ilusionados por llegar a sus casas, a las fiestas y una etapa muy bonita para poder descansar tras un a\u00f1o de estudio\u201d, destac\u00f3.<\/p>\n<p style=\"font-weight: 400; text-align: justify;\">Entre las pasajeras y pasajeros, Francisca R\u00edos, estudiante de pedagog\u00eda en M\u00fasica de Valpara\u00edso en la Universidad Cat\u00f3lica de Valpara\u00edso, valor\u00f3 esta posibilidad.<\/p>\n<p style=\"font-weight: 400; text-align: justify;\">\u201cMe parece una buena oportunidad, una buena instancia, para las personas que viven en la regi\u00f3n y estudian afuera, porque es muy largo el viaje que uno tiene que hacer, entonces esto nos facilita un mont\u00f3n y podemos estar m\u00e1s r\u00e1pido con la familia\u201d, se\u00f1al\u00f3.<\/p>\n<p style=\"font-weight: 400; text-align: justify;\">Del mismo modo, Fabi\u00e1n Mu\u00f1oz, valor\u00f3 la coordinaci\u00f3n para la realizaci\u00f3n de este viaje especial, en beneficio de estudiantes ayseninos.<\/p>\n<p style=\"font-weight: 400; text-align: justify;\">\u201cEs una buena oportunidad para venir a visitar a nuestras familias sin preocuparnos por lo econ\u00f3mico. Nos deja tranquilos, contentos y me gusta la cooperaci\u00f3n de la FACh\u201d, concluy\u00f3.<\/p>\n<p style=\"font-weight: 400; text-align: justify;\">En marzo pr\u00f3ximo se realizar\u00eda el vuelo de regreso de los estudiantes a sus respectivas casas de estudios, lo que se informar\u00e1 a trav\u00e9s de las redes sociales de la delegaci\u00f3n, una vez est\u00e9 confirmada la fecha definitiva del viaje.<\/p>\n<\/div><\/section><\/div><div  style='height:50px' class='hr hr-invisible   avia-builder-el-6  el_after_av_one_full  el_before_av_social_share '><span class='hr-inner ' ><span class='hr-inner-style'><\/span><\/span><\/div><\/p>\n<div  class='av-social-sharing-box  avia-builder-el-7  el_after_av_hr  el_before_av_hr  '><div class='av-share-box'><h5 class='av-share-link-description av-no-toc '>Compartir esta noticia<\/h5><ul class='av-share-box-list noLightbox'><li class='av-share-link av-social-link-facebook' ><a target=\"_blank\" aria-label=\"Compartir en Facebook\" href='https:\/\/www.facebook.com\/sharer.php?u=https:\/\/radiorevelacionfm.cl\/?p=62672&#038;t=Cerca%20de%20cien%20estudiantes%20retornaron%20a%20la%20regi%C3%B3n%20de%20Ays%C3%A9n%20en%20vuelo%20FACh' aria-hidden='false' data-av_icon='\ue8f3' data-av_iconfont='entypo-fontello' title='' data-avia-related-tooltip='Compartir en Facebook' rel=\"noopener\"><span class='avia_hidden_link_text'>Compartir en Facebook<\/span><\/a><\/li><li class='av-share-link av-social-link-twitter' ><a target=\"_blank\" aria-label=\"Compartir en Twitter\" href='https:\/\/twitter.com\/share?text=Cerca%20de%20cien%20estudiantes%20retornaron%20a%20la%20regi%C3%B3n%20de%20Ays%C3%A9n%20en%20vuelo%20FACh&#038;url=https:\/\/radiorevelacionfm.cl\/?p=62672' aria-hidden='false' data-av_icon='\ue8f1' data-av_iconfont='entypo-fontello' title='' data-avia-related-tooltip='Compartir en Twitter' rel=\"noopener\"><span class='avia_hidden_link_text'>Compartir en Twitter<\/span><\/a><\/li><li class='av-share-link av-social-link-whatsapp' ><a target=\"_blank\" aria-label=\"Compartir en Whatsapp\" href='https:\/\/api.whatsapp.com\/send?text=https:\/\/radiorevelacionfm.cl\/?p=62672' aria-hidden='false' data-av_icon='\uf232' data-av_iconfont='entypo-fontello' title='' data-avia-related-tooltip='Compartir en Whatsapp' rel=\"noopener\"><span class='avia_hidden_link_text'>Compartir en Whatsapp<\/span><\/a><\/li><li class='av-share-link av-social-link-linkedin' ><a target=\"_blank\" aria-label=\"Compartir en LinkedIn\" href='https:\/\/linkedin.com\/shareArticle?mini=true&#038;title=Cerca%20de%20cien%20estudiantes%20retornaron%20a%20la%20regi%C3%B3n%20de%20Ays%C3%A9n%20en%20vuelo%20FACh&#038;url=https:\/\/radiorevelacionfm.cl\/?p=62672' aria-hidden='false' data-av_icon='\ue8fc' data-av_iconfont='entypo-fontello' title='' data-avia-related-tooltip='Compartir en LinkedIn' rel=\"noopener\"><span class='avia_hidden_link_text'>Compartir en LinkedIn<\/span><\/a><\/li><li class='av-share-link av-social-link-mail' ><a  aria-label=\"Compartir por correo\" href='mailto:?subject=Cerca%20de%20cien%20estudiantes%20retornaron%20a%20la%20regi%C3%B3n%20de%20Ays%C3%A9n%20en%20vuelo%20FACh&#038;body=https:\/\/radiorevelacionfm.cl\/?p=62672' aria-hidden='false' data-av_icon='\ue805' data-av_iconfont='entypo-fontello' title='' data-avia-related-tooltip='Compartir por correo'><span class='avia_hidden_link_text'>Compartir por correo<\/span><\/a><\/li><\/ul><\/div><\/div>\n<div  style='height:50px' class='hr hr-invisible   avia-builder-el-8  el_after_av_social_share  el_before_av_comments_list '><span class='hr-inner ' ><span class='hr-inner-style'><\/span><\/span><\/div>\n<div  class='av-buildercomment  av-blog-meta-html-info-disabled av-blog-meta-tag-disabled  '><\/div>\n","protected":false},"excerpt":{"rendered":"","protected":false},"author":1,"featured_media":62673,"comment_status":"closed","ping_status":"closed","sticky":false,"template":"","format":"standard","meta":{"footnotes":""},"categories":[38],"tags":[],"class_list":["post-62672","post","type-post","status-publish","format-standard","has-post-thumbnail","hentry","category-regional"],"jetpack_featured_media_url":"https:\/\/radiorevelacionfm.cl\/wp-content\/uploads\/2025\/12\/img_e0964-1_optimized.jpg","_links":{"self":[{"href":"https:\/\/radiorevelacionfm.cl\/index.php?rest_route=\/wp\/v2\/posts\/62672","targetHints":{"allow":["GET"]}}],"collection":[{"href":"https:\/\/radiorevelacionfm.cl\/index.php?rest_route=\/wp\/v2\/posts"}],"about":[{"href":"https:\/\/radiorevelacionfm.cl\/index.php?rest_route=\/wp\/v2\/types\/post"}],"author":[{"embeddable":true,"href":"https:\/\/radiorevelacionfm.cl\/index.php?rest_route=\/wp\/v2\/users\/1"}],"replies":[{"embeddable":true,"href":"https:\/\/radiorevelacionfm.cl\/index.php?rest_route=%2Fwp%2Fv2%2Fcomments&post=62672"}],"version-history":[{"count":2,"href":"https:\/\/radiorevelacionfm.cl\/index.php?rest_route=\/wp\/v2\/posts\/62672\/revisions"}],"predecessor-version":[{"id":62675,"href":"https:\/\/radiorevelacionfm.cl\/index.php?rest_route=\/wp\/v2\/posts\/62672\/revisions\/62675"}],"wp:featuredmedia":[{"embeddable":true,"href":"https:\/\/radiorevelacionfm.cl\/index.php?rest_route=\/wp\/v2\/media\/62673"}],"wp:attachment":[{"href":"https:\/\/radiorevelacionfm.cl\/index.php?rest_route=%2Fwp%2Fv2%2Fmedia&parent=62672"}],"wp:term":[{"taxonomy":"category","embeddable":true,"href":"https:\/\/radiorevelacionfm.cl\/index.php?rest_route=%2Fwp%2Fv2%2Fcategories&post=62672"},{"taxonomy":"post_tag","embeddable":true,"href":"https:\/\/radiorevelacionfm.cl\/index.php?rest_route=%2Fwp%2Fv2%2Ftags&post=62672"}],"curies":[{"name":"wp","href":"https:\/\/api.w.org\/{rel}","templated":true}]}}