{"id":62659,"date":"2025-12-19T10:31:17","date_gmt":"2025-12-19T13:31:17","guid":{"rendered":"https:\/\/radiorevelacionfm.cl\/?p=62659"},"modified":"2025-12-19T10:31:17","modified_gmt":"2025-12-19T13:31:17","slug":"sernameg-lidera-ultima-sesion-del-ano-del-circuito-intersectorial-de-femicidios-de-la-region-de-aysen","status":"publish","type":"post","link":"https:\/\/radiorevelacionfm.cl\/?p=62659","title":{"rendered":"SernamEG lidera \u00faltima sesi\u00f3n del a\u00f1o del Circuito Intersectorial de Femicidios de la Regi\u00f3n de Ays\u00e9n"},"content":{"rendered":"<div class=\"flex_column av_one_full  flex_column_div av-zero-column-padding first  avia-builder-el-0  el_before_av_one_full  avia-builder-el-first  \" style='border-radius:0px; '><div  class='avia-image-container  av-styling-    avia-builder-el-1  avia-builder-el-no-sibling  avia-align-center '  itemprop=\"image\" itemscope=\"itemscope\" itemtype=\"https:\/\/schema.org\/ImageObject\"  ><div class='avia-image-container-inner'><div class='avia-image-overlay-wrap'><img decoding=\"async\" class='wp-image-62660 avia-img-lazy-loading-not-62660 avia_image' src=\"https:\/\/radiorevelacionfm.cl\/wp-content\/uploads\/2025\/12\/foto-cif-1-1-1.jpeg\" alt='' title='foto cif 1 (1) (1)' height=\"600\" width=\"800\"  itemprop=\"thumbnailUrl\" srcset=\"https:\/\/radiorevelacionfm.cl\/wp-content\/uploads\/2025\/12\/foto-cif-1-1-1.jpeg 800w, https:\/\/radiorevelacionfm.cl\/wp-content\/uploads\/2025\/12\/foto-cif-1-1-1-300x225.jpeg 300w, https:\/\/radiorevelacionfm.cl\/wp-content\/uploads\/2025\/12\/foto-cif-1-1-1-768x576.jpeg 768w, https:\/\/radiorevelacionfm.cl\/wp-content\/uploads\/2025\/12\/foto-cif-1-1-1-705x529.jpeg 705w, https:\/\/radiorevelacionfm.cl\/wp-content\/uploads\/2025\/12\/foto-cif-1-1-1-450x338.jpeg 450w, https:\/\/radiorevelacionfm.cl\/wp-content\/uploads\/2025\/12\/foto-cif-1-1-1-600x450.jpeg 600w\" sizes=\"(max-width: 800px) 100vw, 800px\" \/><\/div><\/div><\/div><\/div><div class=\"flex_column av_one_full  flex_column_div av-zero-column-padding first  avia-builder-el-2  el_after_av_one_full  el_before_av_one_full  column-top-margin\" style='border-radius:0px; '><section class=\"av_textblock_section \"  itemscope=\"itemscope\" itemtype=\"https:\/\/schema.org\/BlogPosting\" itemprop=\"blogPost\" ><div class='avia_textblock  '   itemprop=\"text\" ><p style=\"text-align: center;\"><strong><span style=\"font-size: 18pt;\">SernamEG lidera \u00faltima sesi\u00f3n del a\u00f1o del Circuito Intersectorial de Femicidios de la Regi\u00f3n de Ays\u00e9n<\/span><\/strong><\/p>\n<div id=\"gtx-trans\" style=\"position: absolute; left: -50px; top: 4.31534px;\">\n<div class=\"gtx-trans-icon\"><\/div>\n<\/div>\n<\/div><\/section><\/div><div class=\"flex_column av_one_full  flex_column_div av-zero-column-padding first  avia-builder-el-4  el_after_av_one_full  el_before_av_hr  column-top-margin\" style='border-radius:0px; '><section class=\"av_textblock_section \"  itemscope=\"itemscope\" itemtype=\"https:\/\/schema.org\/BlogPosting\" itemprop=\"blogPost\" ><div class='avia_textblock  '   itemprop=\"text\" ><p dir=\"ltr\" style=\"text-align: justify;\">En la v\u00edspera del 19 de diciembre, fecha en la que se conmemora el D\u00eda Nacional Contra el Femicidio, el Servicio Nacional de la Mujer y la Equidad de G\u00e9nero (SernamEG) lider\u00f3 la \u00faltima sesi\u00f3n del a\u00f1o del Circuito Intersectorial de Femicidios (CIF) de la Regi\u00f3n de Ays\u00e9n, instancia de articulaci\u00f3n institucional en la que se abordan los procedimientos y casos de la forma m\u00e1s extrema que toma la violencia de g\u00e9nero.<\/p>\n<p dir=\"ltr\" style=\"text-align: justify;\">Esta mesa se conforma para dar una respuesta integral y estad\u00edstica a los casos de femicidio y femicidio frustrado, permitiendo un seguimiento, activaci\u00f3n de alertas y un registro de datos clave para fortalecer pol\u00edticas p\u00fablicas y la protecci\u00f3n de mujeres, ni\u00f1as, ni\u00f1os y adolescentes, quienes, como establece la nueva Ley Integral, son considerados como v\u00edctimas de estos delitos.<\/p>\n<p dir=\"ltr\" style=\"text-align: justify;\">En ese sentido, en la sesi\u00f3n se realiz\u00f3 una presentaci\u00f3n del programa Denuncia Seguro y su n\u00famero *4242, de la Subsecretar\u00eda de Prevenci\u00f3n del Delito, y adem\u00e1s se hizo un balance del a\u00f1o por parte de las instituciones que componen el CIF, relevando los desaf\u00edos que vendr\u00e1n con la implementaci\u00f3n del reglamento de la Ley Integral, donde entran nuevas instancias de coordinaci\u00f3n en esta materia como, por ejemplo, el Sistema Integrado de Informaci\u00f3n sobre Violencia de G\u00e9nero.<\/p>\n<p dir=\"ltr\" style=\"text-align: justify;\">En ese sentido, la directora regional(s) del SernamEG Ays\u00e9n, Carla Arriagada Malague\u00f1o, se\u00f1al\u00f3 que \u201cel objetivo de este trabajo es es llegar de manera oportuna con los apoyos del Estado a las v\u00edctimas de violencias de g\u00e9nero. Seguiremos articul\u00e1ndonos el pr\u00f3ximo a\u00f1o, esta vez bajo el alero de la Ley Integral, que nos entregar\u00e1 mayores y mejores herramientas\u00a0 para abordar esta problem\u00e1tica y realizar nuestra labor\u201d.<\/p>\n<p dir=\"ltr\" style=\"text-align: justify;\">Por su parte, la seremi de Seguridad P\u00fablica, Ruth Vallejos Cuiti\u00f1o, recalc\u00f3 que \u201cesta es una tarea que centra el trabajo en un paradigma que debemos eliminar, que normaliza la violencia contra las mujeres. A eso nos abocamos d\u00eda a d\u00eda con nuestra labor y nuestros programas, particularmente con el \u201cDenuncia Seguro\u201d, en el que, dentro de todo el abanico de delitos que podemos denunciar de manera an\u00f3nima, se encuentra la violencia contra las mujeres y, por cierto, cualquier caso que nos pueda llevar desde un c\u00edrculo de violencia a un femicidio\u201d.<\/p>\n<p dir=\"ltr\" style=\"text-align: justify;\">Las instituciones que participan del CIF, adem\u00e1s del SernamEG y la Seremi de Seguridad P\u00fablica son: la Seremi de la Mujer y la Equidad de G\u00e9nero, Carabineros, Polic\u00eda de Investigaciones, Servicio de Protecci\u00f3n Especializada a la Ni\u00f1ez y Adolescencia, Servicio M\u00e9dico Legal, el Centro de Apoyo a V\u00edctimas de Delitos (CAVD), y la Unidad de V\u00edctimas y Testigos (URAVIT) del Ministerio P\u00fablico.<\/p>\n<p dir=\"ltr\" style=\"text-align: justify;\">Si vives, has vivido o eres testigo de alg\u00fan hecho constitutivo de violencia de g\u00e9nero, puedes comunicarte de manera gratuita y an\u00f3nima al 1455, el tel\u00e9fono de orientaci\u00f3n del SernamEG, que funciona de lunes a domingo de 08:00 a 00:00 horas. Para denunciar, debes comunicarte directamente al 133 de Carabineros, al 134 de la PDI, o acudir a cualquier oficina de Fiscal\u00eda.<\/p>\n<\/div><\/section><\/div><div  style='height:50px' class='hr hr-invisible   avia-builder-el-6  el_after_av_one_full  el_before_av_social_share '><span class='hr-inner ' ><span class='hr-inner-style'><\/span><\/span><\/div><\/p>\n<div  class='av-social-sharing-box  avia-builder-el-7  el_after_av_hr  el_before_av_hr  '><div class='av-share-box'><h5 class='av-share-link-description av-no-toc '>Compartir esta noticia<\/h5><ul class='av-share-box-list noLightbox'><li class='av-share-link av-social-link-facebook' ><a target=\"_blank\" aria-label=\"Compartir en Facebook\" href='https:\/\/www.facebook.com\/sharer.php?u=https:\/\/radiorevelacionfm.cl\/?p=62659&#038;t=SernamEG%20lidera%20%C3%BAltima%20sesi%C3%B3n%20del%20a%C3%B1o%20del%20Circuito%20Intersectorial%20de%20Femicidios%20de%20la%20Regi%C3%B3n%20de%20Ays%C3%A9n' aria-hidden='false' data-av_icon='\ue8f3' data-av_iconfont='entypo-fontello' title='' data-avia-related-tooltip='Compartir en Facebook' rel=\"noopener\"><span class='avia_hidden_link_text'>Compartir en Facebook<\/span><\/a><\/li><li class='av-share-link av-social-link-twitter' ><a target=\"_blank\" aria-label=\"Compartir en Twitter\" href='https:\/\/twitter.com\/share?text=SernamEG%20lidera%20%C3%BAltima%20sesi%C3%B3n%20del%20a%C3%B1o%20del%20Circuito%20Intersectorial%20de%20Femicidios%20de%20la%20Regi%C3%B3n%20de%20Ays%C3%A9n&#038;url=https:\/\/radiorevelacionfm.cl\/?p=62659' aria-hidden='false' data-av_icon='\ue8f1' data-av_iconfont='entypo-fontello' title='' data-avia-related-tooltip='Compartir en Twitter' rel=\"noopener\"><span class='avia_hidden_link_text'>Compartir en Twitter<\/span><\/a><\/li><li class='av-share-link av-social-link-whatsapp' ><a target=\"_blank\" aria-label=\"Compartir en Whatsapp\" href='https:\/\/api.whatsapp.com\/send?text=https:\/\/radiorevelacionfm.cl\/?p=62659' aria-hidden='false' data-av_icon='\uf232' data-av_iconfont='entypo-fontello' title='' data-avia-related-tooltip='Compartir en Whatsapp' rel=\"noopener\"><span class='avia_hidden_link_text'>Compartir en Whatsapp<\/span><\/a><\/li><li class='av-share-link av-social-link-linkedin' ><a target=\"_blank\" aria-label=\"Compartir en LinkedIn\" href='https:\/\/linkedin.com\/shareArticle?mini=true&#038;title=SernamEG%20lidera%20%C3%BAltima%20sesi%C3%B3n%20del%20a%C3%B1o%20del%20Circuito%20Intersectorial%20de%20Femicidios%20de%20la%20Regi%C3%B3n%20de%20Ays%C3%A9n&#038;url=https:\/\/radiorevelacionfm.cl\/?p=62659' aria-hidden='false' data-av_icon='\ue8fc' data-av_iconfont='entypo-fontello' title='' data-avia-related-tooltip='Compartir en LinkedIn' rel=\"noopener\"><span class='avia_hidden_link_text'>Compartir en LinkedIn<\/span><\/a><\/li><li class='av-share-link av-social-link-mail' ><a  aria-label=\"Compartir por correo\" href='mailto:?subject=SernamEG%20lidera%20%C3%BAltima%20sesi%C3%B3n%20del%20a%C3%B1o%20del%20Circuito%20Intersectorial%20de%20Femicidios%20de%20la%20Regi%C3%B3n%20de%20Ays%C3%A9n&#038;body=https:\/\/radiorevelacionfm.cl\/?p=62659' aria-hidden='false' data-av_icon='\ue805' data-av_iconfont='entypo-fontello' title='' data-avia-related-tooltip='Compartir por correo'><span class='avia_hidden_link_text'>Compartir por correo<\/span><\/a><\/li><\/ul><\/div><\/div>\n<div  style='height:50px' class='hr hr-invisible   avia-builder-el-8  el_after_av_social_share  el_before_av_comments_list '><span class='hr-inner ' ><span class='hr-inner-style'><\/span><\/span><\/div>\n<div  class='av-buildercomment  av-blog-meta-html-info-disabled av-blog-meta-tag-disabled  '><\/div>\n","protected":false},"excerpt":{"rendered":"","protected":false},"author":1,"featured_media":62660,"comment_status":"closed","ping_status":"closed","sticky":false,"template":"","format":"standard","meta":{"footnotes":""},"categories":[38],"tags":[],"class_list":["post-62659","post","type-post","status-publish","format-standard","has-post-thumbnail","hentry","category-regional"],"jetpack_featured_media_url":"https:\/\/radiorevelacionfm.cl\/wp-content\/uploads\/2025\/12\/foto-cif-1-1-1.jpeg","_links":{"self":[{"href":"https:\/\/radiorevelacionfm.cl\/index.php?rest_route=\/wp\/v2\/posts\/62659","targetHints":{"allow":["GET"]}}],"collection":[{"href":"https:\/\/radiorevelacionfm.cl\/index.php?rest_route=\/wp\/v2\/posts"}],"about":[{"href":"https:\/\/radiorevelacionfm.cl\/index.php?rest_route=\/wp\/v2\/types\/post"}],"author":[{"embeddable":true,"href":"https:\/\/radiorevelacionfm.cl\/index.php?rest_route=\/wp\/v2\/users\/1"}],"replies":[{"embeddable":true,"href":"https:\/\/radiorevelacionfm.cl\/index.php?rest_route=%2Fwp%2Fv2%2Fcomments&post=62659"}],"version-history":[{"count":2,"href":"https:\/\/radiorevelacionfm.cl\/index.php?rest_route=\/wp\/v2\/posts\/62659\/revisions"}],"predecessor-version":[{"id":62665,"href":"https:\/\/radiorevelacionfm.cl\/index.php?rest_route=\/wp\/v2\/posts\/62659\/revisions\/62665"}],"wp:featuredmedia":[{"embeddable":true,"href":"https:\/\/radiorevelacionfm.cl\/index.php?rest_route=\/wp\/v2\/media\/62660"}],"wp:attachment":[{"href":"https:\/\/radiorevelacionfm.cl\/index.php?rest_route=%2Fwp%2Fv2%2Fmedia&parent=62659"}],"wp:term":[{"taxonomy":"category","embeddable":true,"href":"https:\/\/radiorevelacionfm.cl\/index.php?rest_route=%2Fwp%2Fv2%2Fcategories&post=62659"},{"taxonomy":"post_tag","embeddable":true,"href":"https:\/\/radiorevelacionfm.cl\/index.php?rest_route=%2Fwp%2Fv2%2Ftags&post=62659"}],"curies":[{"name":"wp","href":"https:\/\/api.w.org\/{rel}","templated":true}]}}