{"id":62656,"date":"2025-12-18T21:00:02","date_gmt":"2025-12-19T00:00:02","guid":{"rendered":"https:\/\/radiorevelacionfm.cl\/?p=62656"},"modified":"2025-12-18T21:00:02","modified_gmt":"2025-12-19T00:00:02","slug":"universidad-de-aysen-inaugura-su-primer-campus-propio-en-coyhaique","status":"publish","type":"post","link":"https:\/\/radiorevelacionfm.cl\/?p=62656","title":{"rendered":"Universidad de Ays\u00e9n inaugura su primer Campus propio en Coyhaique"},"content":{"rendered":"<div class=\"flex_column av_one_full  flex_column_div av-zero-column-padding first  avia-builder-el-0  el_before_av_one_full  avia-builder-el-first  \" style='border-radius:0px; '><div  class='avia-image-container  av-styling-    avia-builder-el-1  avia-builder-el-no-sibling  avia-align-center '  itemprop=\"image\" itemscope=\"itemscope\" itemtype=\"https:\/\/schema.org\/ImageObject\"  ><div class='avia-image-container-inner'><div class='avia-image-overlay-wrap'><img decoding=\"async\" class='wp-image-62657 avia-img-lazy-loading-not-62657 avia_image' src=\"https:\/\/radiorevelacionfm.cl\/wp-content\/uploads\/2025\/12\/apertura-campus-errazuriz-1_optimized-1.jpg\" alt='' title='apertura-campus-err\u00e1zuriz-(1)_optimized (1)' height=\"600\" width=\"900\"  itemprop=\"thumbnailUrl\" srcset=\"https:\/\/radiorevelacionfm.cl\/wp-content\/uploads\/2025\/12\/apertura-campus-errazuriz-1_optimized-1.jpg 900w, https:\/\/radiorevelacionfm.cl\/wp-content\/uploads\/2025\/12\/apertura-campus-errazuriz-1_optimized-1-300x200.jpg 300w, https:\/\/radiorevelacionfm.cl\/wp-content\/uploads\/2025\/12\/apertura-campus-errazuriz-1_optimized-1-768x512.jpg 768w, https:\/\/radiorevelacionfm.cl\/wp-content\/uploads\/2025\/12\/apertura-campus-errazuriz-1_optimized-1-705x470.jpg 705w, https:\/\/radiorevelacionfm.cl\/wp-content\/uploads\/2025\/12\/apertura-campus-errazuriz-1_optimized-1-450x300.jpg 450w, https:\/\/radiorevelacionfm.cl\/wp-content\/uploads\/2025\/12\/apertura-campus-errazuriz-1_optimized-1-600x400.jpg 600w\" sizes=\"(max-width: 900px) 100vw, 900px\" \/><\/div><\/div><\/div><\/div><div class=\"flex_column av_one_full  flex_column_div av-zero-column-padding first  avia-builder-el-2  el_after_av_one_full  el_before_av_one_full  column-top-margin\" style='border-radius:0px; '><section class=\"av_textblock_section \"  itemscope=\"itemscope\" itemtype=\"https:\/\/schema.org\/BlogPosting\" itemprop=\"blogPost\" ><div class='avia_textblock  '   itemprop=\"text\" ><p style=\"text-align: center;\"><strong><span style=\"font-size: 18pt;\">Universidad de Ays\u00e9n inaugura su primer Campus propio en Coyhaique<\/span><\/strong><\/p>\n<div id=\"gtx-trans\" style=\"position: absolute; left: -50px; top: 4.31534px;\">\n<div class=\"gtx-trans-icon\"><\/div>\n<\/div>\n<\/div><\/section><\/div><div class=\"flex_column av_one_full  flex_column_div av-zero-column-padding first  avia-builder-el-4  el_after_av_one_full  el_before_av_hr  column-top-margin\" style='border-radius:0px; '><section class=\"av_textblock_section \"  itemscope=\"itemscope\" itemtype=\"https:\/\/schema.org\/BlogPosting\" itemprop=\"blogPost\" ><div class='avia_textblock  '   itemprop=\"text\" ><ul>\n<li dir=\"ltr\">\n<p dir=\"ltr\" style=\"text-align: justify;\" role=\"presentation\"><em>La inauguraci\u00f3n de la primera etapa del nuevo Campus Err\u00e1zuriz en Coyhaique consolida el proyecto universitario regional y mejora las condiciones para la docencia, el aprendizaje y la vida estudiantil.<\/em><\/p>\n<\/li>\n<\/ul>\n<p dir=\"ltr\" style=\"text-align: justify;\">La Universidad de Ays\u00e9n inaugur\u00f3 oficialmente su primera infraestructura propia, Campus Err\u00e1zuriz, marcando un hito hist\u00f3rico al concretar la primera etapa de la nueva infraestructura. La ceremonia se realiz\u00f3 este martes 17 de diciembre en las dependencias del nuevo campus, ubicado calle Err\u00e1zuriz N\u00b0532 en la ciudad de Coyhaique y cont\u00f3 con la presencia de autoridades regionales, representantes del Gobierno Regional, comunidad universitaria e invitados especiales.<\/p>\n<p dir=\"ltr\" style=\"text-align: justify;\">El Campus Err\u00e1zuriz representa a\u00f1os de trabajo institucional y una decisi\u00f3n estrat\u00e9gica orientada a fortalecer las condiciones de formaci\u00f3n, docencia y vida universitaria. En esta primera etapa se habilitaron espacios acad\u00e9micos clave, entre ellos salas de clases, un laboratorio de ciencias, el Centro de Atenci\u00f3n Psicosocial y un gimnasio universitario, junto con \u00e1reas de conexi\u00f3n entre edificios y espacios exteriores destinados a la vida estudiantil.<\/p>\n<p dir=\"ltr\" style=\"text-align: justify;\">La adquisici\u00f3n del inmueble, de aproximadamente 2.800 metros cuadrados, fue financiada con recursos institucionales y permiti\u00f3 disminuir la dependencia de arriendos, avanzando en la consolidaci\u00f3n del patrimonio universitario. A ello se suma la adquisici\u00f3n de un terreno aleda\u00f1o de 550 metros cuadrados, que permitir\u00e1 ampliar las proyecciones del Campus Err\u00e1zuriz y desarrollar nuevos espacios acad\u00e9micos, estudiantiles y de extensi\u00f3n, tales como cafeter\u00eda, biblioteca, Centro de extensi\u00f3n y eventualmente, un Centro de Simulaci\u00f3n Cl\u00ednica.<\/p>\n<p dir=\"ltr\" style=\"text-align: justify;\">En la oportunidad, el Administrador Provisional de la Universidad de Ays\u00e9n, Juan Pablo Prieto Cox, se refiri\u00f3 a la inauguraci\u00f3n del Campus Err\u00e1zuriz y a las nuevas condiciones para la vida universitaria. \u201cHoy d\u00eda inauguramos nuestro primer campus propio de la universidad, el Campus Err\u00e1zuriz, con una concurrencia masiva, con muchas autoridades que nos acompa\u00f1aron, por supuesto con los funcionarios, los acad\u00e9micos y tambi\u00e9n nuestros estudiantes, donde se va a iniciar una nueva aventura en el desarrollo de la universidad. Hemos desarrollado salas de clase de primer nivel, un laboratorio espectacular para ciencias, tenemos tambi\u00e9n lo nuevo para las carreras de Trabajo Social y Psicolog\u00eda, que es el Centro de Atenci\u00f3n Psicosocial, muy bien instalado, con alta tecnolog\u00eda, de manera que seguro que se va a producir un aprendizaje muy interesante. Y esta es la oportunidad tambi\u00e9n para los nuevos estudiantes de incorporarse a la Universidad de Ays\u00e9n, disfrutar de este lindo campus y desarrollar su vida estudiantil aqu\u00ed, en el centro de la ciudad de Coyhaique, en el Campus Err\u00e1zuriz de la UAys\u00e9n\u201d, se\u00f1al\u00f3.<\/p>\n<p dir=\"ltr\" style=\"text-align: justify;\">En tanto, la Seremi de Educaci\u00f3n de Ays\u00e9n, Katherine Miqueles, destac\u00f3 el significado de este hito para la universidad y su desarrollo institucional. \u201cEstamos acompa\u00f1ando a la comunidad de la Universidad de Ays\u00e9n en este hito muy importante en su historia, en estos diez a\u00f1os, donde inauguramos el Campus Err\u00e1zuriz, que marca el inicio de un nuevo camino. La verdad es que estamos muy contentos. Hemos visto c\u00f3mo se ha ido consolidando la universidad y esto sin duda nos pone muy contentos. Este es un ejemplo m\u00e1s de c\u00f3mo se va fortaleciendo una universidad p\u00fablica, que es el deseo del Estado, de ir avanzando en equidad territorial a trav\u00e9s de la Universidad de Ays\u00e9n\u201d, afirm\u00f3.<\/p>\n<p dir=\"ltr\" style=\"text-align: justify;\">Desde el Gobierno Regional, Omar Mu\u00f1oz, Jefe de la Divisi\u00f3n de Planificaci\u00f3n y Desarrollo Regional (DIPLADE), se refiri\u00f3 al apoyo del GORE y a los compromisos proyectados en materia de infraestructura universitaria. \u201cNosotros, como Gobierno Regional, estamos comprometidos tambi\u00e9n en seguir apoyando la gesti\u00f3n de la universidad. Ahora, con el nuevo rector electo, hay una iniciativa muy relevante que nosotros tenemos considerada en el Plan de Desarrollo de Zonas Extremas, conocido como PEDZE, donde tenemos un compromiso financiero por m\u00e1s de 30 mil millones de pesos para construir el edificio corporativo de la universidad. As\u00ed que queremos desearles el mayor de los \u00e9xitos a la nueva administraci\u00f3n que asume, felicitar el trabajo que ha realizado tambi\u00e9n el administrador provisional y su equipo, que da luces de que hay una consolidaci\u00f3n de la universidad y eso es muy positivo y beneficioso para toda la regi\u00f3n\u201d, indic\u00f3.<\/p>\n<p dir=\"ltr\" style=\"text-align: justify;\">La habilitaci\u00f3n del campus se ha desarrollado por etapas, con una inversi\u00f3n significativa destinada a mejorar est\u00e1ndares de accesibilidad, eficiencia t\u00e9rmica, equipamiento acad\u00e9mico y servicios universitarios, priorizando el bienestar estudiantil y el fortalecimiento de las actividades docentes y formativas. Asimismo, se relev\u00f3 el car\u00e1cter abierto del recinto, concebido como un espacio de encuentro con la comunidad que permitir\u00e1 el desarrollo de actividades culturales, acad\u00e9micas y de extensi\u00f3n, consolidando la vocaci\u00f3n p\u00fablica de la Universidad de Ays\u00e9n y su rol en el desarrollo regional.<\/p>\n<\/div><\/section><\/div><div  style='height:50px' class='hr hr-invisible   avia-builder-el-6  el_after_av_one_full  el_before_av_social_share '><span class='hr-inner ' ><span class='hr-inner-style'><\/span><\/span><\/div><\/p>\n<div  class='av-social-sharing-box  avia-builder-el-7  el_after_av_hr  el_before_av_hr  '><div class='av-share-box'><h5 class='av-share-link-description av-no-toc '>Compartir esta noticia<\/h5><ul class='av-share-box-list noLightbox'><li class='av-share-link av-social-link-facebook' ><a target=\"_blank\" aria-label=\"Compartir en Facebook\" href='https:\/\/www.facebook.com\/sharer.php?u=https:\/\/radiorevelacionfm.cl\/?p=62656&#038;t=Universidad%20de%20Ays%C3%A9n%20inaugura%20su%20primer%20Campus%20propio%20en%20Coyhaique' aria-hidden='false' data-av_icon='\ue8f3' data-av_iconfont='entypo-fontello' title='' data-avia-related-tooltip='Compartir en Facebook' rel=\"noopener\"><span class='avia_hidden_link_text'>Compartir en Facebook<\/span><\/a><\/li><li class='av-share-link av-social-link-twitter' ><a target=\"_blank\" aria-label=\"Compartir en Twitter\" href='https:\/\/twitter.com\/share?text=Universidad%20de%20Ays%C3%A9n%20inaugura%20su%20primer%20Campus%20propio%20en%20Coyhaique&#038;url=https:\/\/radiorevelacionfm.cl\/?p=62656' aria-hidden='false' data-av_icon='\ue8f1' data-av_iconfont='entypo-fontello' title='' data-avia-related-tooltip='Compartir en Twitter' rel=\"noopener\"><span class='avia_hidden_link_text'>Compartir en Twitter<\/span><\/a><\/li><li class='av-share-link av-social-link-whatsapp' ><a target=\"_blank\" aria-label=\"Compartir en Whatsapp\" href='https:\/\/api.whatsapp.com\/send?text=https:\/\/radiorevelacionfm.cl\/?p=62656' aria-hidden='false' data-av_icon='\uf232' data-av_iconfont='entypo-fontello' title='' data-avia-related-tooltip='Compartir en Whatsapp' rel=\"noopener\"><span class='avia_hidden_link_text'>Compartir en Whatsapp<\/span><\/a><\/li><li class='av-share-link av-social-link-linkedin' ><a target=\"_blank\" aria-label=\"Compartir en LinkedIn\" href='https:\/\/linkedin.com\/shareArticle?mini=true&#038;title=Universidad%20de%20Ays%C3%A9n%20inaugura%20su%20primer%20Campus%20propio%20en%20Coyhaique&#038;url=https:\/\/radiorevelacionfm.cl\/?p=62656' aria-hidden='false' data-av_icon='\ue8fc' data-av_iconfont='entypo-fontello' title='' data-avia-related-tooltip='Compartir en LinkedIn' rel=\"noopener\"><span class='avia_hidden_link_text'>Compartir en LinkedIn<\/span><\/a><\/li><li class='av-share-link av-social-link-mail' ><a  aria-label=\"Compartir por correo\" href='mailto:?subject=Universidad%20de%20Ays%C3%A9n%20inaugura%20su%20primer%20Campus%20propio%20en%20Coyhaique&#038;body=https:\/\/radiorevelacionfm.cl\/?p=62656' aria-hidden='false' data-av_icon='\ue805' data-av_iconfont='entypo-fontello' title='' data-avia-related-tooltip='Compartir por correo'><span class='avia_hidden_link_text'>Compartir por correo<\/span><\/a><\/li><\/ul><\/div><\/div>\n<div  style='height:50px' class='hr hr-invisible   avia-builder-el-8  el_after_av_social_share  el_before_av_comments_list '><span class='hr-inner ' ><span class='hr-inner-style'><\/span><\/span><\/div>\n<div  class='av-buildercomment  av-blog-meta-html-info-disabled av-blog-meta-tag-disabled  '><\/div>\n","protected":false},"excerpt":{"rendered":"","protected":false},"author":1,"featured_media":62657,"comment_status":"closed","ping_status":"closed","sticky":false,"template":"","format":"standard","meta":{"footnotes":""},"categories":[49],"tags":[],"class_list":["post-62656","post","type-post","status-publish","format-standard","has-post-thumbnail","hentry","category-educacion"],"jetpack_featured_media_url":"https:\/\/radiorevelacionfm.cl\/wp-content\/uploads\/2025\/12\/apertura-campus-errazuriz-1_optimized-1.jpg","_links":{"self":[{"href":"https:\/\/radiorevelacionfm.cl\/index.php?rest_route=\/wp\/v2\/posts\/62656","targetHints":{"allow":["GET"]}}],"collection":[{"href":"https:\/\/radiorevelacionfm.cl\/index.php?rest_route=\/wp\/v2\/posts"}],"about":[{"href":"https:\/\/radiorevelacionfm.cl\/index.php?rest_route=\/wp\/v2\/types\/post"}],"author":[{"embeddable":true,"href":"https:\/\/radiorevelacionfm.cl\/index.php?rest_route=\/wp\/v2\/users\/1"}],"replies":[{"embeddable":true,"href":"https:\/\/radiorevelacionfm.cl\/index.php?rest_route=%2Fwp%2Fv2%2Fcomments&post=62656"}],"version-history":[{"count":2,"href":"https:\/\/radiorevelacionfm.cl\/index.php?rest_route=\/wp\/v2\/posts\/62656\/revisions"}],"predecessor-version":[{"id":62662,"href":"https:\/\/radiorevelacionfm.cl\/index.php?rest_route=\/wp\/v2\/posts\/62656\/revisions\/62662"}],"wp:featuredmedia":[{"embeddable":true,"href":"https:\/\/radiorevelacionfm.cl\/index.php?rest_route=\/wp\/v2\/media\/62657"}],"wp:attachment":[{"href":"https:\/\/radiorevelacionfm.cl\/index.php?rest_route=%2Fwp%2Fv2%2Fmedia&parent=62656"}],"wp:term":[{"taxonomy":"category","embeddable":true,"href":"https:\/\/radiorevelacionfm.cl\/index.php?rest_route=%2Fwp%2Fv2%2Fcategories&post=62656"},{"taxonomy":"post_tag","embeddable":true,"href":"https:\/\/radiorevelacionfm.cl\/index.php?rest_route=%2Fwp%2Fv2%2Ftags&post=62656"}],"curies":[{"name":"wp","href":"https:\/\/api.w.org\/{rel}","templated":true}]}}