{"id":62651,"date":"2025-12-18T19:11:21","date_gmt":"2025-12-18T22:11:21","guid":{"rendered":"https:\/\/radiorevelacionfm.cl\/?p=62651"},"modified":"2025-12-18T19:11:21","modified_gmt":"2025-12-18T22:11:21","slug":"ampliando-el-beneficio-en-aysen-mas-de-300-estudiantes-de-establecimientos-subvencionados-reciben-computadores-de-junaeb","status":"publish","type":"post","link":"https:\/\/radiorevelacionfm.cl\/?p=62651","title":{"rendered":"Ampliando el beneficio en Ays\u00e9n: m\u00e1s de 300 estudiantes de establecimientos subvencionados reciben computadores de Junaeb"},"content":{"rendered":"<div class=\"flex_column av_one_full  flex_column_div av-zero-column-padding first  avia-builder-el-0  el_before_av_one_full  avia-builder-el-first  \" style='border-radius:0px; '><div  class='avia-image-container  av-styling-    avia-builder-el-1  avia-builder-el-no-sibling  avia-align-center '  itemprop=\"image\" itemscope=\"itemscope\" itemtype=\"https:\/\/schema.org\/ImageObject\"  ><div class='avia-image-container-inner'><div class='avia-image-overlay-wrap'><img decoding=\"async\" class='wp-image-62652 avia-img-lazy-loading-not-62652 avia_image' src=\"https:\/\/radiorevelacionfm.cl\/wp-content\/uploads\/2025\/12\/Imagen_Entrega_1-1-1.jpeg\" alt='' title='Imagen_Entrega_1 (1) (1)' height=\"600\" width=\"800\"  itemprop=\"thumbnailUrl\" srcset=\"https:\/\/radiorevelacionfm.cl\/wp-content\/uploads\/2025\/12\/Imagen_Entrega_1-1-1.jpeg 800w, https:\/\/radiorevelacionfm.cl\/wp-content\/uploads\/2025\/12\/Imagen_Entrega_1-1-1-300x225.jpeg 300w, https:\/\/radiorevelacionfm.cl\/wp-content\/uploads\/2025\/12\/Imagen_Entrega_1-1-1-768x576.jpeg 768w, https:\/\/radiorevelacionfm.cl\/wp-content\/uploads\/2025\/12\/Imagen_Entrega_1-1-1-705x529.jpeg 705w, https:\/\/radiorevelacionfm.cl\/wp-content\/uploads\/2025\/12\/Imagen_Entrega_1-1-1-450x338.jpeg 450w, https:\/\/radiorevelacionfm.cl\/wp-content\/uploads\/2025\/12\/Imagen_Entrega_1-1-1-600x450.jpeg 600w\" sizes=\"(max-width: 800px) 100vw, 800px\" \/><\/div><\/div><\/div><\/div>\n<div class=\"flex_column av_one_full  flex_column_div av-zero-column-padding first  avia-builder-el-2  el_after_av_one_full  el_before_av_one_full  column-top-margin\" style='border-radius:0px; '><section class=\"av_textblock_section \"  itemscope=\"itemscope\" itemtype=\"https:\/\/schema.org\/BlogPosting\" itemprop=\"blogPost\" ><div class='avia_textblock  '   itemprop=\"text\" ><p style=\"text-align: center;\"><span style=\"font-size: 18pt;\"><b>Ampliando el beneficio\u00a0en Ays\u00e9n: m\u00e1s de 300 estudiantes de establecimientos\u00a0<wbr \/>subvencionados\u00a0reciben\u00a0<wbr \/>computadores\u00a0de\u00a0Junaeb<\/b>\u00a0<\/span><\/p>\n<div id=\"gtx-trans\" style=\"position: absolute; left: -50px; top: 4.31534px;\">\n<div class=\"gtx-trans-icon\"><\/div>\n<\/div>\n<\/div><\/section><\/div>\n<div class=\"flex_column av_one_full  flex_column_div av-zero-column-padding first  avia-builder-el-4  el_after_av_one_full  el_before_av_hr  column-top-margin\" style='border-radius:0px; '><section class=\"av_textblock_section \"  itemscope=\"itemscope\" itemtype=\"https:\/\/schema.org\/BlogPosting\" itemprop=\"blogPost\" ><div class='avia_textblock  '   itemprop=\"text\" ><ul style=\"font-weight: 400;\">\n<li style=\"text-align: justify;\"><em>Gracias a la colaboraci\u00f3n entre el servicio perteneciente al Ministerio de Educaci\u00f3n y el Gobierno Regional de Ays\u00e9n se realiz\u00f3 una compra adicional de equipos port\u00e1tiles dirigidos a beneficiarios de s\u00e9ptimo b\u00e1sico.\u00a0\u00a0<\/em><\/li>\n<\/ul>\n<p style=\"font-weight: 400; text-align: justify;\">Como parte de un compromiso establecido entre el Ministerio de Educaci\u00f3n y el Congreso Nacional, en el marco de la discusi\u00f3n presupuestaria del a\u00f1o 2025, la Junta Nacional de Auxilio Escolar y Becas (Junaeb) logr\u00f3 aumentar la cobertura de la Beca TIC durante este a\u00f1o, un programa ampliamente requerido y esperado por la comunidad escolar.<\/p>\n<p style=\"font-weight: 400; text-align: justify;\">Los computadores est\u00e1n siendo entregados en jornadas realizadas en los colegios San Felipe de Coyhaique y Sagrada Familia de Ays\u00e9n, el jueves 18 y viernes 19 de diciembre, respectivamente. La asignaci\u00f3n se realiz\u00f3 de acuerdo con los requisitos establecidos en el proceso regular de entrega donde se prioriza a los estudiantes que se encuentren dentro del 40\u00a0% de menor nivel socioecon\u00f3mico, seg\u00fan el Registro Social de Hogares y del Sistema Informaci\u00f3n General de Estudiantes (SIGE).<\/p>\n<p style=\"font-weight: 400; text-align: justify;\">Respecto a esta iniciativa, el director regional de Junaeb en Ays\u00e9n, Manuel Vivar, afirm\u00f3 que \u201cpara muchas familias de nuestra regi\u00f3n, contar con un computador en el hogar marca una diferencia significativa en el proceso educativo\u201d.<\/p>\n<p style=\"font-weight: 400; text-align: justify;\">Adem\u00e1s, a\u00f1adi\u00f3 que \u201cesta entrega refleja el compromiso de la institucionalidad p\u00fablica con el aprendizaje escolar y con la reducci\u00f3n de brechas, facilitando el acceso a la informaci\u00f3n y brindando m\u00e1s oportunidades a ni\u00f1as, ni\u00f1os y j\u00f3venes, especialmente en territorios donde la conectividad y el acceso a recursos tecnol\u00f3gicos siguen siendo un desaf\u00edo\u201d.<\/p>\n<p style=\"font-weight: 400; text-align: justify;\">La inversi\u00f3n para adquirir los 326 nuevos equipos super\u00f3 los $96 millones, recursos aportados por el Gobierno Regional de Ays\u00e9n, lo que reafirma la confianza en la trayectoria y eficiencia del Programa Beca TIC, que anualmente entrega m\u00e1s de 120 mil computadores en todo el pa\u00eds.<\/p>\n<p style=\"font-weight: 400; text-align: justify;\">La jefa de la Divisi\u00f3n de Desarrollo Social y Humano del Gobierno Regional de Ays\u00e9n, Dominique Brautigam, destac\u00f3 la alianza entre ambas instituciones, \u201cporque el objetivo es poder colaborar y contribuir en su desarrollo educacional con acceso a la tecnolog\u00eda y en una ceremonia que se est\u00e1 tambi\u00e9n involucrando a los padres para que el uso responsable de estos insumos, de estos materiales, tambi\u00e9n vaya acompa\u00f1ado con el apoyo de la familia\u201d.<\/p>\n<p style=\"font-weight: 400; text-align: justify;\">Y agreg\u00f3: \u201cUn apoyo que, desde el d\u00eda uno, entreg\u00f3 nuestro gobernador Marcelo Santana, y tambi\u00e9n respaldado por el Consejo Regional, para poder apoyar a las familias de la regi\u00f3n de Ays\u00e9n, principalmente aqu\u00e9llas que est\u00e1n en el marco del 40% del registro social de hogares\u201d.<\/p>\n<p style=\"font-weight: 400; text-align: justify;\">En tanto, la seremi de Educaci\u00f3n de Ays\u00e9n, Katherine Miqueles, agradeci\u00f3 el aporte que hizo posible la entrega adicional de equipos a trav\u00e9s del gobernador y el Consejo Regional.<\/p>\n<p style=\"font-weight: 400; text-align: justify;\">Adem\u00e1s, destac\u00f3 \u00abel trabajo articulado entre Junaeb y el Gobierno Regional para lograr finalmente esta entrega, que va en beneficio, no solamente de los estudiantes, sino de toda la familia y, por supuesto, del desarrollo tecnol\u00f3gico y educativo de los ni\u00f1os de la regi\u00f3n de Ays\u00e9n\u201d.<\/p>\n<p style=\"font-weight: 400; text-align: justify;\"><strong>Caracter\u00edsticas de los computadores<\/strong><\/p>\n<p style=\"font-weight: 400; text-align: justify;\">Los equipos corresponden a laptops Acer Ultraportable, Intel Core i3, 8 GB RAM, Disco Duro 128 GB SSD, Pantalla 14 Pulgadas full HD y peso de 1,388 Kg.<\/p>\n<p style=\"font-weight: 400; text-align: justify;\">Cuentan con conectividad a internet (BAM externa) por 10 meses y garant\u00eda de 14 meses una vez entregado al beneficiario por servicio t\u00e9cnico y postventa. Intel Core i3-N300 de 12\u00aa generaci\u00f3n ofrece un excelente equilibrio entre eficiencia energ\u00e9tica y desempe\u00f1o, siendo ideales para tareas educativas y de productividad b\u00e1sica gracias a sus 8 n\u00facleos de alta eficiencia.<\/p>\n<\/div><\/section><\/div><div  style='height:50px' class='hr hr-invisible   avia-builder-el-6  el_after_av_one_full  el_before_av_social_share '><span class='hr-inner ' ><span class='hr-inner-style'><\/span><\/span><\/div><\/p>\n<div  class='av-social-sharing-box  avia-builder-el-7  el_after_av_hr  el_before_av_hr  '><div class='av-share-box'><h5 class='av-share-link-description av-no-toc '>Compartir esta noticia<\/h5><ul class='av-share-box-list noLightbox'><li class='av-share-link av-social-link-facebook' ><a target=\"_blank\" aria-label=\"Compartir en Facebook\" href='https:\/\/www.facebook.com\/sharer.php?u=https:\/\/radiorevelacionfm.cl\/?p=62651&#038;t=Ampliando%20el%20beneficio%20en%20Ays%C3%A9n%3A%20m%C3%A1s%20de%20300%20estudiantes%20de%20establecimientos%20subvencionados%20reciben%20computadores%20de%20Junaeb' aria-hidden='false' data-av_icon='\ue8f3' data-av_iconfont='entypo-fontello' title='' data-avia-related-tooltip='Compartir en Facebook' rel=\"noopener\"><span class='avia_hidden_link_text'>Compartir en Facebook<\/span><\/a><\/li><li class='av-share-link av-social-link-twitter' ><a target=\"_blank\" aria-label=\"Compartir en Twitter\" href='https:\/\/twitter.com\/share?text=Ampliando%20el%20beneficio%20en%20Ays%C3%A9n%3A%20m%C3%A1s%20de%20300%20estudiantes%20de%20establecimientos%20subvencionados%20reciben%20computadores%20de%20Junaeb&#038;url=https:\/\/radiorevelacionfm.cl\/?p=62651' aria-hidden='false' data-av_icon='\ue8f1' data-av_iconfont='entypo-fontello' title='' data-avia-related-tooltip='Compartir en Twitter' rel=\"noopener\"><span class='avia_hidden_link_text'>Compartir en Twitter<\/span><\/a><\/li><li class='av-share-link av-social-link-whatsapp' ><a target=\"_blank\" aria-label=\"Compartir en Whatsapp\" href='https:\/\/api.whatsapp.com\/send?text=https:\/\/radiorevelacionfm.cl\/?p=62651' aria-hidden='false' data-av_icon='\uf232' data-av_iconfont='entypo-fontello' title='' data-avia-related-tooltip='Compartir en Whatsapp' rel=\"noopener\"><span class='avia_hidden_link_text'>Compartir en Whatsapp<\/span><\/a><\/li><li class='av-share-link av-social-link-linkedin' ><a target=\"_blank\" aria-label=\"Compartir en LinkedIn\" href='https:\/\/linkedin.com\/shareArticle?mini=true&#038;title=Ampliando%20el%20beneficio%20en%20Ays%C3%A9n%3A%20m%C3%A1s%20de%20300%20estudiantes%20de%20establecimientos%20subvencionados%20reciben%20computadores%20de%20Junaeb&#038;url=https:\/\/radiorevelacionfm.cl\/?p=62651' aria-hidden='false' data-av_icon='\ue8fc' data-av_iconfont='entypo-fontello' title='' data-avia-related-tooltip='Compartir en LinkedIn' rel=\"noopener\"><span class='avia_hidden_link_text'>Compartir en LinkedIn<\/span><\/a><\/li><li class='av-share-link av-social-link-mail' ><a  aria-label=\"Compartir por correo\" href='mailto:?subject=Ampliando%20el%20beneficio%20en%20Ays%C3%A9n%3A%20m%C3%A1s%20de%20300%20estudiantes%20de%20establecimientos%20subvencionados%20reciben%20computadores%20de%20Junaeb&#038;body=https:\/\/radiorevelacionfm.cl\/?p=62651' aria-hidden='false' data-av_icon='\ue805' data-av_iconfont='entypo-fontello' title='' data-avia-related-tooltip='Compartir por correo'><span class='avia_hidden_link_text'>Compartir por correo<\/span><\/a><\/li><\/ul><\/div><\/div>\n<div  style='height:50px' class='hr hr-invisible   avia-builder-el-8  el_after_av_social_share  el_before_av_comments_list '><span class='hr-inner ' ><span class='hr-inner-style'><\/span><\/span><\/div>\n<div  class='av-buildercomment  av-blog-meta-html-info-disabled av-blog-meta-tag-disabled  '><\/div>\n","protected":false},"excerpt":{"rendered":"","protected":false},"author":1,"featured_media":62652,"comment_status":"closed","ping_status":"closed","sticky":false,"template":"","format":"standard","meta":{"footnotes":""},"categories":[49],"tags":[],"class_list":["post-62651","post","type-post","status-publish","format-standard","has-post-thumbnail","hentry","category-educacion"],"jetpack_featured_media_url":"https:\/\/radiorevelacionfm.cl\/wp-content\/uploads\/2025\/12\/Imagen_Entrega_1-1-1.jpeg","_links":{"self":[{"href":"https:\/\/radiorevelacionfm.cl\/index.php?rest_route=\/wp\/v2\/posts\/62651","targetHints":{"allow":["GET"]}}],"collection":[{"href":"https:\/\/radiorevelacionfm.cl\/index.php?rest_route=\/wp\/v2\/posts"}],"about":[{"href":"https:\/\/radiorevelacionfm.cl\/index.php?rest_route=\/wp\/v2\/types\/post"}],"author":[{"embeddable":true,"href":"https:\/\/radiorevelacionfm.cl\/index.php?rest_route=\/wp\/v2\/users\/1"}],"replies":[{"embeddable":true,"href":"https:\/\/radiorevelacionfm.cl\/index.php?rest_route=%2Fwp%2Fv2%2Fcomments&post=62651"}],"version-history":[{"count":3,"href":"https:\/\/radiorevelacionfm.cl\/index.php?rest_route=\/wp\/v2\/posts\/62651\/revisions"}],"predecessor-version":[{"id":62655,"href":"https:\/\/radiorevelacionfm.cl\/index.php?rest_route=\/wp\/v2\/posts\/62651\/revisions\/62655"}],"wp:featuredmedia":[{"embeddable":true,"href":"https:\/\/radiorevelacionfm.cl\/index.php?rest_route=\/wp\/v2\/media\/62652"}],"wp:attachment":[{"href":"https:\/\/radiorevelacionfm.cl\/index.php?rest_route=%2Fwp%2Fv2%2Fmedia&parent=62651"}],"wp:term":[{"taxonomy":"category","embeddable":true,"href":"https:\/\/radiorevelacionfm.cl\/index.php?rest_route=%2Fwp%2Fv2%2Fcategories&post=62651"},{"taxonomy":"post_tag","embeddable":true,"href":"https:\/\/radiorevelacionfm.cl\/index.php?rest_route=%2Fwp%2Fv2%2Ftags&post=62651"}],"curies":[{"name":"wp","href":"https:\/\/api.w.org\/{rel}","templated":true}]}}