{"id":6265,"date":"2021-07-14T11:49:22","date_gmt":"2021-07-14T14:49:22","guid":{"rendered":"https:\/\/radiorevelacionfm.cl\/?p=6265"},"modified":"2021-07-14T11:49:22","modified_gmt":"2021-07-14T14:49:22","slug":"desde-hoy-gobernacion-pasa-a-denominarse-delegacion-presidencial-provincial-de-aysen","status":"publish","type":"post","link":"https:\/\/radiorevelacionfm.cl\/?p=6265","title":{"rendered":"Desde hoy Gobernaci\u00f3n pasa a denominarse Delegaci\u00f3n Presidencial Provincial de Ays\u00e9n"},"content":{"rendered":"<div class=\"flex_column av_one_full  flex_column_div av-zero-column-padding first  avia-builder-el-0  el_before_av_one_full  avia-builder-el-first  \" style='border-radius:0px; '><div  class='avia-image-container  av-styling-    avia-builder-el-1  avia-builder-el-no-sibling  avia-align-center '  itemprop=\"image\" itemscope=\"itemscope\" itemtype=\"https:\/\/schema.org\/ImageObject\"  ><div class='avia-image-container-inner'><div class='avia-image-overlay-wrap'><img decoding=\"async\" class='wp-image-6266 avia-img-lazy-loading-not-6266 avia_image' src=\"https:\/\/radiorevelacionfm.cl\/wp-content\/uploads\/2021\/07\/Gob-Aysen1-2-1.jpg\" alt='' title='Gob Aysen1 (2) (1)' height=\"600\" width=\"800\"  itemprop=\"thumbnailUrl\" srcset=\"https:\/\/radiorevelacionfm.cl\/wp-content\/uploads\/2021\/07\/Gob-Aysen1-2-1.jpg 800w, https:\/\/radiorevelacionfm.cl\/wp-content\/uploads\/2021\/07\/Gob-Aysen1-2-1-300x225.jpg 300w, https:\/\/radiorevelacionfm.cl\/wp-content\/uploads\/2021\/07\/Gob-Aysen1-2-1-768x576.jpg 768w, https:\/\/radiorevelacionfm.cl\/wp-content\/uploads\/2021\/07\/Gob-Aysen1-2-1-705x529.jpg 705w, https:\/\/radiorevelacionfm.cl\/wp-content\/uploads\/2021\/07\/Gob-Aysen1-2-1-600x450.jpg 600w\" sizes=\"(max-width: 800px) 100vw, 800px\" \/><\/div><\/div><\/div><\/div><div class=\"flex_column av_one_full  flex_column_div av-zero-column-padding first  avia-builder-el-2  el_after_av_one_full  el_before_av_one_full  column-top-margin\" style='border-radius:0px; '><section class=\"av_textblock_section \"  itemscope=\"itemscope\" itemtype=\"https:\/\/schema.org\/BlogPosting\" itemprop=\"blogPost\" ><div class='avia_textblock  '   itemprop=\"text\" ><p style=\"text-align: center;\"><strong><span style=\"font-size: 18pt;\">Desde hoy Gobernaci\u00f3n pasa a denominarse Delegaci\u00f3n Presidencial Provincial de Ays\u00e9n<\/span><\/strong><\/p>\n<div id=\"gtx-trans\" style=\"position: absolute; left: -50px; top: 4.31534px;\">\n<div class=\"gtx-trans-icon\"><\/div>\n<\/div>\n<\/div><\/section><\/div><div class=\"flex_column av_one_full  flex_column_div av-zero-column-padding first  avia-builder-el-4  el_after_av_one_full  el_before_av_hr  column-top-margin\" style='border-radius:0px; '><section class=\"av_textblock_section \"  itemscope=\"itemscope\" itemtype=\"https:\/\/schema.org\/BlogPosting\" itemprop=\"blogPost\" ><div class='avia_textblock  '   itemprop=\"text\" ><p style=\"text-align: justify;\">En 2018 entraron en vigencia un conjunto de modificaciones a la Ley N\u00b0 19.175, sobre Gobierno y Administraci\u00f3n Regional, leyes N\u00b0 21.073 y 21.074, con objeto de fortalecer la gesti\u00f3n regional y profundizar la democracia, transfiriendo competencias y estableciendo la elecci\u00f3n directa de la nueva autoridad regional denominada Gobernador Regional.<\/p>\n<p style=\"text-align: justify;\">Ayer martes 13 de julio fue el \u00faltimo d\u00eda que la Casa de Gobierno funcion\u00f3 como Gobernaci\u00f3n Provincial de Ays\u00e9n.<\/p>\n<p style=\"text-align: justify;\">A partir de hoy mi\u00e9rcoles 14 las delegaciones presidenciales provinciales (DPP), reemplazar\u00e1n a las gobernaciones provinciales, salvo aquellas que se encuentran en la provincia donde se ubica la ciudad capital regional, en que la figura del delegado presidencial regional ejercer\u00e1 las funciones y atribuciones del delegado presidencial provincial.<\/p>\n<p style=\"text-align: justify;\">Manuel Ortiz Torres, actual Gobernador de Ays\u00e9n y \u00faltimo en este ejercicio, desde este mi\u00e9rcoles 14 pasar\u00e1 a denominarse Delegado Presidencial Provincial, un hecho importante, esto por la trascendencia dentro de la institucionalidad republicana y por la historia que hay tras esta nueva figura \u201cpasaremos a llamarnos Delegaci\u00f3n Presidencial Provincial, es una nueva etapa, es una nueva historia, en el \u00e1rea administrativa de lo que fueron las Intendencias y Gobernaciones\u201d.<\/p>\n<p style=\"text-align: justify;\">El actual Delegado Presidencial Provincial Manuel Ortiz hac\u00eda referencias a quienes ocuparon en alguna ocasi\u00f3n el sill\u00f3n de Gobernador\/a de Ays\u00e9n \u201crecordar a cada una y a cada uno de los Gobernadores que pasaron por la Gobernaci\u00f3n Provincial de Ays\u00e9n, sin duda cada uno de ellos entreg\u00f3 lo mejor de s\u00ed para que todo su periodo lo hicieran con la mayor entrega posible, tenemos aciertos, tenemos equivocaciones, tenemos errores, sin embargo, absolutamente seguro que ninguno lo hizo con un af\u00e1n distinto al de ser un aporte al desarrollo de la provincia de Ays\u00e9n\u201d.<\/p>\n<\/div><\/section><\/div><div  style='height:50px' class='hr hr-invisible   avia-builder-el-6  el_after_av_one_full  el_before_av_social_share '><span class='hr-inner ' ><span class='hr-inner-style'><\/span><\/span><\/div><\/p>\n<div  class='av-social-sharing-box  avia-builder-el-7  el_after_av_hr  el_before_av_hr  '><div class='av-share-box'><h5 class='av-share-link-description av-no-toc '>Compartir esta noticia<\/h5><ul class='av-share-box-list noLightbox'><li class='av-share-link av-social-link-facebook' ><a target=\"_blank\" aria-label=\"Compartir en Facebook\" href='https:\/\/www.facebook.com\/sharer.php?u=https:\/\/radiorevelacionfm.cl\/?p=6265&#038;t=Desde%20hoy%20Gobernaci%C3%B3n%20pasa%20a%20denominarse%20Delegaci%C3%B3n%20Presidencial%20Provincial%20de%20Ays%C3%A9n' aria-hidden='false' data-av_icon='\ue8f3' data-av_iconfont='entypo-fontello' title='' data-avia-related-tooltip='Compartir en Facebook' rel=\"noopener\"><span class='avia_hidden_link_text'>Compartir en Facebook<\/span><\/a><\/li><li class='av-share-link av-social-link-twitter' ><a target=\"_blank\" aria-label=\"Compartir en Twitter\" href='https:\/\/twitter.com\/share?text=Desde%20hoy%20Gobernaci%C3%B3n%20pasa%20a%20denominarse%20Delegaci%C3%B3n%20Presidencial%20Provincial%20de%20Ays%C3%A9n&#038;url=https:\/\/radiorevelacionfm.cl\/?p=6265' aria-hidden='false' data-av_icon='\ue8f1' data-av_iconfont='entypo-fontello' title='' data-avia-related-tooltip='Compartir en Twitter' rel=\"noopener\"><span class='avia_hidden_link_text'>Compartir en Twitter<\/span><\/a><\/li><li class='av-share-link av-social-link-whatsapp' ><a target=\"_blank\" aria-label=\"Compartir en Whatsapp\" href='https:\/\/api.whatsapp.com\/send?text=https:\/\/radiorevelacionfm.cl\/?p=6265' aria-hidden='false' data-av_icon='\uf232' data-av_iconfont='entypo-fontello' title='' data-avia-related-tooltip='Compartir en Whatsapp' rel=\"noopener\"><span class='avia_hidden_link_text'>Compartir en Whatsapp<\/span><\/a><\/li><li class='av-share-link av-social-link-linkedin' ><a target=\"_blank\" aria-label=\"Compartir en LinkedIn\" href='https:\/\/linkedin.com\/shareArticle?mini=true&#038;title=Desde%20hoy%20Gobernaci%C3%B3n%20pasa%20a%20denominarse%20Delegaci%C3%B3n%20Presidencial%20Provincial%20de%20Ays%C3%A9n&#038;url=https:\/\/radiorevelacionfm.cl\/?p=6265' aria-hidden='false' data-av_icon='\ue8fc' data-av_iconfont='entypo-fontello' title='' data-avia-related-tooltip='Compartir en LinkedIn' rel=\"noopener\"><span class='avia_hidden_link_text'>Compartir en LinkedIn<\/span><\/a><\/li><li class='av-share-link av-social-link-mail' ><a  aria-label=\"Compartir por correo\" href='mailto:?subject=Desde%20hoy%20Gobernaci%C3%B3n%20pasa%20a%20denominarse%20Delegaci%C3%B3n%20Presidencial%20Provincial%20de%20Ays%C3%A9n&#038;body=https:\/\/radiorevelacionfm.cl\/?p=6265' aria-hidden='false' data-av_icon='\ue805' data-av_iconfont='entypo-fontello' title='' data-avia-related-tooltip='Compartir por correo'><span class='avia_hidden_link_text'>Compartir por correo<\/span><\/a><\/li><\/ul><\/div><\/div>\n<div  style='height:50px' class='hr hr-invisible   avia-builder-el-8  el_after_av_social_share  el_before_av_comments_list '><span class='hr-inner ' ><span class='hr-inner-style'><\/span><\/span><\/div>\n<div  class='av-buildercomment  av-blog-meta-html-info-disabled av-blog-meta-tag-disabled  '><\/div>\n","protected":false},"excerpt":{"rendered":"","protected":false},"author":1,"featured_media":6266,"comment_status":"open","ping_status":"open","sticky":false,"template":"","format":"standard","meta":{"footnotes":""},"categories":[38],"tags":[],"class_list":["post-6265","post","type-post","status-publish","format-standard","has-post-thumbnail","hentry","category-regional"],"jetpack_featured_media_url":"https:\/\/radiorevelacionfm.cl\/wp-content\/uploads\/2021\/07\/Gob-Aysen1-2-1.jpg","_links":{"self":[{"href":"https:\/\/radiorevelacionfm.cl\/index.php?rest_route=\/wp\/v2\/posts\/6265","targetHints":{"allow":["GET"]}}],"collection":[{"href":"https:\/\/radiorevelacionfm.cl\/index.php?rest_route=\/wp\/v2\/posts"}],"about":[{"href":"https:\/\/radiorevelacionfm.cl\/index.php?rest_route=\/wp\/v2\/types\/post"}],"author":[{"embeddable":true,"href":"https:\/\/radiorevelacionfm.cl\/index.php?rest_route=\/wp\/v2\/users\/1"}],"replies":[{"embeddable":true,"href":"https:\/\/radiorevelacionfm.cl\/index.php?rest_route=%2Fwp%2Fv2%2Fcomments&post=6265"}],"version-history":[{"count":1,"href":"https:\/\/radiorevelacionfm.cl\/index.php?rest_route=\/wp\/v2\/posts\/6265\/revisions"}],"predecessor-version":[{"id":6267,"href":"https:\/\/radiorevelacionfm.cl\/index.php?rest_route=\/wp\/v2\/posts\/6265\/revisions\/6267"}],"wp:featuredmedia":[{"embeddable":true,"href":"https:\/\/radiorevelacionfm.cl\/index.php?rest_route=\/wp\/v2\/media\/6266"}],"wp:attachment":[{"href":"https:\/\/radiorevelacionfm.cl\/index.php?rest_route=%2Fwp%2Fv2%2Fmedia&parent=6265"}],"wp:term":[{"taxonomy":"category","embeddable":true,"href":"https:\/\/radiorevelacionfm.cl\/index.php?rest_route=%2Fwp%2Fv2%2Fcategories&post=6265"},{"taxonomy":"post_tag","embeddable":true,"href":"https:\/\/radiorevelacionfm.cl\/index.php?rest_route=%2Fwp%2Fv2%2Ftags&post=6265"}],"curies":[{"name":"wp","href":"https:\/\/api.w.org\/{rel}","templated":true}]}}