{"id":62648,"date":"2025-12-18T22:25:39","date_gmt":"2025-12-19T01:25:39","guid":{"rendered":"https:\/\/radiorevelacionfm.cl\/?p=62648"},"modified":"2025-12-18T22:25:39","modified_gmt":"2025-12-19T01:25:39","slug":"para-reforzar-conceptos-en-materia-de-atencion-con-enfoque-de-genero-servicio-medico-legal-realiza-jornada-taller-denominado-justicia-inclusiva-y-libre-de-violencia","status":"publish","type":"post","link":"https:\/\/radiorevelacionfm.cl\/?p=62648","title":{"rendered":"Para reforzar conceptos en materia de atenci\u00f3n con enfoque de g\u00e9nero: Servicio M\u00e9dico Legal realiza jornada \/taller denominado Justicia Inclusiva y Libre de Violencia"},"content":{"rendered":"<div class=\"flex_column av_one_full  flex_column_div av-zero-column-padding first  avia-builder-el-0  el_before_av_one_full  avia-builder-el-first  \" style='border-radius:0px; '><div  class='avia-image-container  av-styling-    avia-builder-el-1  avia-builder-el-no-sibling  avia-align-center '  itemprop=\"image\" itemscope=\"itemscope\" itemtype=\"https:\/\/schema.org\/ImageObject\"  ><div class='avia-image-container-inner'><div class='avia-image-overlay-wrap'><img decoding=\"async\" class='wp-image-62649 avia-img-lazy-loading-not-62649 avia_image' src=\"https:\/\/radiorevelacionfm.cl\/wp-content\/uploads\/2025\/12\/sml-2-1_optimized.jpeg\" alt='' title='sml-2-(1)_optimized' height=\"600\" width=\"800\"  itemprop=\"thumbnailUrl\" srcset=\"https:\/\/radiorevelacionfm.cl\/wp-content\/uploads\/2025\/12\/sml-2-1_optimized.jpeg 800w, https:\/\/radiorevelacionfm.cl\/wp-content\/uploads\/2025\/12\/sml-2-1_optimized-300x225.jpeg 300w, https:\/\/radiorevelacionfm.cl\/wp-content\/uploads\/2025\/12\/sml-2-1_optimized-768x576.jpeg 768w, https:\/\/radiorevelacionfm.cl\/wp-content\/uploads\/2025\/12\/sml-2-1_optimized-705x529.jpeg 705w, https:\/\/radiorevelacionfm.cl\/wp-content\/uploads\/2025\/12\/sml-2-1_optimized-450x338.jpeg 450w, https:\/\/radiorevelacionfm.cl\/wp-content\/uploads\/2025\/12\/sml-2-1_optimized-600x450.jpeg 600w\" sizes=\"(max-width: 800px) 100vw, 800px\" \/><\/div><\/div><\/div><\/div><div class=\"flex_column av_one_full  flex_column_div av-zero-column-padding first  avia-builder-el-2  el_after_av_one_full  el_before_av_one_full  column-top-margin\" style='border-radius:0px; '><section class=\"av_textblock_section \"  itemscope=\"itemscope\" itemtype=\"https:\/\/schema.org\/BlogPosting\" itemprop=\"blogPost\" ><div class='avia_textblock  '   itemprop=\"text\" ><p style=\"text-align: center;\"><strong><span style=\"font-size: 18pt;\"><em>Para reforzar conceptos en materia de atenci\u00f3n con enfoque de g\u00e9nero:<\/em> Servicio M\u00e9dico Legal realiza jornada \/taller denominado Justicia Inclusiva y Libre de Violencia <\/span><\/strong><\/p>\n<div id=\"gtx-trans\" style=\"position: absolute; left: -50px; top: 4.31534px;\">\n<div class=\"gtx-trans-icon\"><\/div>\n<\/div>\n<\/div><\/section><\/div><div class=\"flex_column av_one_full  flex_column_div av-zero-column-padding first  avia-builder-el-4  el_after_av_one_full  el_before_av_hr  column-top-margin\" style='border-radius:0px; '><section class=\"av_textblock_section \"  itemscope=\"itemscope\" itemtype=\"https:\/\/schema.org\/BlogPosting\" itemprop=\"blogPost\" ><div class='avia_textblock  '   itemprop=\"text\" ><p style=\"text-align: justify;\">Cerca de 50 funcionarios del sector justicia participaron recientemente de una jornada\/taller denominado \u201cJusticia Inclusiva y libre de violencia\u201d, dicha instancia estuvo dirigida a funcionarios que se desempe\u00f1an en el \u00e1rea de atenci\u00f3n a p\u00fablico y ten\u00eda como objetivo de reforzar conceptos en materia de atenci\u00f3n con enfoque de g\u00e9nero. La instancia cont\u00f3 con la participaci\u00f3n de autoridades regionales encabezadas por el seremi de Justicia y Derechos Humanos, Samuel Navarro Castro.<\/p>\n<p style=\"text-align: justify;\">Dicha iniciativa se enmarc\u00f3 en el cierre del itinerario de g\u00e9nero institucional 2022-2025 del Servicio M\u00e9dico Legal y su dise\u00f1o responde a los compromisos institucionales con la equidad de g\u00e9nero, la accesibilidad y la reparaci\u00f3n simb\u00f3lica, integrando dos fechas clave del calendario de DDHH, la actividad busca articular justicia, comunidad y territorio desde una perspectiva inclusiva y participativa.<\/p>\n<p style=\"text-align: justify;\">El Director (s) del Servicio M\u00e9dico Legal, Felipe Solari se refiri\u00f3 a la actividad indicando que \u00a0\u201csomos todos partes de un sistema y que se pueda hacer algo as\u00ed con el fin de mejorar el sistema, promover pol\u00edticas que ayuden de cierta forma a las v\u00edctimas a poder ser mejor acompa\u00f1adas durante este proceso por parte de todos quienes son parte de esto, siempre es importante, as\u00ed tambi\u00e9n cada uno de nosotros podemos tomar puntos interesantes de c\u00f3mo se est\u00e1n tratando los temas y usarlos de cierta forma en la atenci\u00f3n de nuestras victimas en contexto de identidad de g\u00e9nero, en contexto de pol\u00edticas de discapacidad e incluirlas de mejor forma en el quehacer diario\u201d.<\/p>\n<p style=\"text-align: justify;\">En tanto, la coordinadora de G\u00e9nero y Convivencia de la Universidad de Ays\u00e9n, Hayley Dur\u00e1n qui\u00e9n particip\u00f3 como expositora en esta instancia, se\u00f1al\u00f3 que \u201cpara nosotros es muy importante de alguna forma compartir la experiencia que ha tenido la Universidad de Ays\u00e9n en estas tem\u00e1ticas, porque la universidad de Ays\u00e9n es una universidad estatal, y como instituciones del Estado todas tenemos que ir bogando hacia sistemas m\u00e1s igualitarios, m\u00e1s justos, con m\u00e1s justicia social, m\u00e1s democr\u00e1ticos, entonces el compartir lo que una instituci\u00f3n est\u00e1 haciendo es importante, porque uno va sacando ideas de otros, va aprendiendo de los aprendizajes que han tenido algunas instituciones, entonces de alguna forma es tambi\u00e9n avanzar hacia mayor igualdad\u201d.<\/p>\n<p style=\"text-align: justify;\">Por su parte, el seremi de Justicia y Derechos Humanos, Samuel Navarro Castro explic\u00f3 que \u201cconforme a la agenda de g\u00e9nero del Ministerio de Justicia y Derechos Humanos y en particular de este servicio p\u00fablico se llev\u00f3\u00a0 cabo esta capacitaci\u00f3n y taller tanto te\u00f3rico como pr\u00e1ctico en materia de inclusi\u00f3n, en materia de atenci\u00f3n con enfoque de g\u00e9nero, lo que permiti\u00f3 al p\u00fablico participante contar con herramientas y con antecedentes para poder enfrentar todo lo que dice relaci\u00f3n con el enfoque de g\u00e9nero en las actuaciones que realizan estos servicios, como de inclusi\u00f3n en materia de personas en situaci\u00f3n de discapacidad, efectivamente esta actividad se enmarca en dos conmemoraciones, por un lado el d\u00eda internacional de la eliminaci\u00f3n de la violencia contra la mujer y el d\u00eda internacional de las personas con discapacidad, nos parece pertinente que se siga trabajando pol\u00edticas p\u00fablicas con enfoque de g\u00e9nero y esperamos que esta pol\u00edtica p\u00fablica que se ha estado desarrollando durante la administraci\u00f3n del Gobierno del Presidente Gabriel Boric \u00a0en los distintos ministerios servicios contin\u00fae para los efectos de tener una sociedad m\u00e1s sana, m\u00e1s inclusiva, m\u00e1s democr\u00e1tica, m\u00e1s tolerante y que erradique la violencia contra las mujeres e incluya efectivamente y eficazmente a las personas en situaci\u00f3n de discapacidad\u201d.<\/p>\n<p style=\"text-align: justify;\">Finalmente, la seremi de la Mujer y Equidad de G\u00e9nero Isidora Gacit\u00faa indic\u00f3 que \u201cbueno sabemos que es responsabilidad a todos y todas poder avanzar con un Estado que act\u00fae de manera m\u00e1s eficiente para prevenir, sancionar y erradicar la violencia de g\u00e9nero, por lo tanto el poder desarrollar este tipo de actividades sin duda es tremendamente relevante, sobre todo porque hablamos de funcionarios que desempe\u00f1an funciones como en la OIRS, por lo tanto donde pueden llegar muchas veces casos es importante poder saber abordarlos y derivarlos en caso de que as\u00ed fuera necesario, la verdad es que es muy significativo que se puedan desarrollar este tipo de actividades tanto en este servicio, y hago la invitaci\u00f3n tambi\u00e9n al resto de los servicios e instituciones que puedan constantemente estar fortaleciendo, pueden prevenir la violencia de g\u00e9nero con iniciativas como \u00e9stas, sin duda son tremendamente significativas\u201d .<\/p>\n<\/div><\/section><\/div><div  style='height:50px' class='hr hr-invisible   avia-builder-el-6  el_after_av_one_full  el_before_av_social_share '><span class='hr-inner ' ><span class='hr-inner-style'><\/span><\/span><\/div><\/p>\n<div  class='av-social-sharing-box  avia-builder-el-7  el_after_av_hr  el_before_av_hr  '><div class='av-share-box'><h5 class='av-share-link-description av-no-toc '>Compartir esta noticia<\/h5><ul class='av-share-box-list noLightbox'><li class='av-share-link av-social-link-facebook' ><a target=\"_blank\" aria-label=\"Compartir en Facebook\" href='https:\/\/www.facebook.com\/sharer.php?u=https:\/\/radiorevelacionfm.cl\/?p=62648&#038;t=Para%20reforzar%20conceptos%20en%20materia%20de%20atenci%C3%B3n%20con%20enfoque%20de%20g%C3%A9nero%3A%20Servicio%20M%C3%A9dico%20Legal%20realiza%20jornada%20%2Ftaller%20denominado%20Justicia%20Inclusiva%20y%20Libre%20de%20Violencia' aria-hidden='false' data-av_icon='\ue8f3' data-av_iconfont='entypo-fontello' title='' data-avia-related-tooltip='Compartir en Facebook' rel=\"noopener\"><span class='avia_hidden_link_text'>Compartir en Facebook<\/span><\/a><\/li><li class='av-share-link av-social-link-twitter' ><a target=\"_blank\" aria-label=\"Compartir en Twitter\" href='https:\/\/twitter.com\/share?text=Para%20reforzar%20conceptos%20en%20materia%20de%20atenci%C3%B3n%20con%20enfoque%20de%20g%C3%A9nero%3A%20Servicio%20M%C3%A9dico%20Legal%20realiza%20jornada%20%2Ftaller%20denominado%20Justicia%20Inclusiva%20y%20Libre%20de%20Violencia&#038;url=https:\/\/radiorevelacionfm.cl\/?p=62648' aria-hidden='false' data-av_icon='\ue8f1' data-av_iconfont='entypo-fontello' title='' data-avia-related-tooltip='Compartir en Twitter' rel=\"noopener\"><span class='avia_hidden_link_text'>Compartir en Twitter<\/span><\/a><\/li><li class='av-share-link av-social-link-whatsapp' ><a target=\"_blank\" aria-label=\"Compartir en Whatsapp\" href='https:\/\/api.whatsapp.com\/send?text=https:\/\/radiorevelacionfm.cl\/?p=62648' aria-hidden='false' data-av_icon='\uf232' data-av_iconfont='entypo-fontello' title='' data-avia-related-tooltip='Compartir en Whatsapp' rel=\"noopener\"><span class='avia_hidden_link_text'>Compartir en Whatsapp<\/span><\/a><\/li><li class='av-share-link av-social-link-linkedin' ><a target=\"_blank\" aria-label=\"Compartir en LinkedIn\" href='https:\/\/linkedin.com\/shareArticle?mini=true&#038;title=Para%20reforzar%20conceptos%20en%20materia%20de%20atenci%C3%B3n%20con%20enfoque%20de%20g%C3%A9nero%3A%20Servicio%20M%C3%A9dico%20Legal%20realiza%20jornada%20%2Ftaller%20denominado%20Justicia%20Inclusiva%20y%20Libre%20de%20Violencia&#038;url=https:\/\/radiorevelacionfm.cl\/?p=62648' aria-hidden='false' data-av_icon='\ue8fc' data-av_iconfont='entypo-fontello' title='' data-avia-related-tooltip='Compartir en LinkedIn' rel=\"noopener\"><span class='avia_hidden_link_text'>Compartir en LinkedIn<\/span><\/a><\/li><li class='av-share-link av-social-link-mail' ><a  aria-label=\"Compartir por correo\" href='mailto:?subject=Para%20reforzar%20conceptos%20en%20materia%20de%20atenci%C3%B3n%20con%20enfoque%20de%20g%C3%A9nero%3A%20Servicio%20M%C3%A9dico%20Legal%20realiza%20jornada%20%2Ftaller%20denominado%20Justicia%20Inclusiva%20y%20Libre%20de%20Violencia&#038;body=https:\/\/radiorevelacionfm.cl\/?p=62648' aria-hidden='false' data-av_icon='\ue805' data-av_iconfont='entypo-fontello' title='' data-avia-related-tooltip='Compartir por correo'><span class='avia_hidden_link_text'>Compartir por correo<\/span><\/a><\/li><\/ul><\/div><\/div>\n<div  style='height:50px' class='hr hr-invisible   avia-builder-el-8  el_after_av_social_share  el_before_av_comments_list '><span class='hr-inner ' ><span class='hr-inner-style'><\/span><\/span><\/div>\n<div  class='av-buildercomment  av-blog-meta-html-info-disabled av-blog-meta-tag-disabled  '><\/div>\n","protected":false},"excerpt":{"rendered":"","protected":false},"author":1,"featured_media":62649,"comment_status":"closed","ping_status":"closed","sticky":false,"template":"","format":"standard","meta":{"footnotes":""},"categories":[55],"tags":[],"class_list":["post-62648","post","type-post","status-publish","format-standard","has-post-thumbnail","hentry","category-justicia"],"jetpack_featured_media_url":"https:\/\/radiorevelacionfm.cl\/wp-content\/uploads\/2025\/12\/sml-2-1_optimized.jpeg","_links":{"self":[{"href":"https:\/\/radiorevelacionfm.cl\/index.php?rest_route=\/wp\/v2\/posts\/62648","targetHints":{"allow":["GET"]}}],"collection":[{"href":"https:\/\/radiorevelacionfm.cl\/index.php?rest_route=\/wp\/v2\/posts"}],"about":[{"href":"https:\/\/radiorevelacionfm.cl\/index.php?rest_route=\/wp\/v2\/types\/post"}],"author":[{"embeddable":true,"href":"https:\/\/radiorevelacionfm.cl\/index.php?rest_route=\/wp\/v2\/users\/1"}],"replies":[{"embeddable":true,"href":"https:\/\/radiorevelacionfm.cl\/index.php?rest_route=%2Fwp%2Fv2%2Fcomments&post=62648"}],"version-history":[{"count":2,"href":"https:\/\/radiorevelacionfm.cl\/index.php?rest_route=\/wp\/v2\/posts\/62648\/revisions"}],"predecessor-version":[{"id":62664,"href":"https:\/\/radiorevelacionfm.cl\/index.php?rest_route=\/wp\/v2\/posts\/62648\/revisions\/62664"}],"wp:featuredmedia":[{"embeddable":true,"href":"https:\/\/radiorevelacionfm.cl\/index.php?rest_route=\/wp\/v2\/media\/62649"}],"wp:attachment":[{"href":"https:\/\/radiorevelacionfm.cl\/index.php?rest_route=%2Fwp%2Fv2%2Fmedia&parent=62648"}],"wp:term":[{"taxonomy":"category","embeddable":true,"href":"https:\/\/radiorevelacionfm.cl\/index.php?rest_route=%2Fwp%2Fv2%2Fcategories&post=62648"},{"taxonomy":"post_tag","embeddable":true,"href":"https:\/\/radiorevelacionfm.cl\/index.php?rest_route=%2Fwp%2Fv2%2Ftags&post=62648"}],"curies":[{"name":"wp","href":"https:\/\/api.w.org\/{rel}","templated":true}]}}