{"id":62644,"date":"2025-12-18T17:59:21","date_gmt":"2025-12-18T20:59:21","guid":{"rendered":"https:\/\/radiorevelacionfm.cl\/?p=62644"},"modified":"2025-12-18T17:59:21","modified_gmt":"2025-12-18T20:59:21","slug":"subsecretario-de-energia-visita-avance-de-la-ampliacion-del-parque-eolico-alto-baguales-de-edelaysen-en-coyhaique","status":"publish","type":"post","link":"https:\/\/radiorevelacionfm.cl\/?p=62644","title":{"rendered":"Subsecretario de Energ\u00eda visita avance de la Ampliaci\u00f3n del Parque E\u00f3lico Alto Baguales de Edelaysen en Coyhaique"},"content":{"rendered":"<div class=\"flex_column av_one_full  flex_column_div av-zero-column-padding first  avia-builder-el-0  el_before_av_one_full  avia-builder-el-first  \" style='border-radius:0px; '><div  class='avia-image-container  av-styling-    avia-builder-el-1  avia-builder-el-no-sibling  avia-align-center '  itemprop=\"image\" itemscope=\"itemscope\" itemtype=\"https:\/\/schema.org\/ImageObject\"  ><div class='avia-image-container-inner'><div class='avia-image-overlay-wrap'><img decoding=\"async\" class='wp-image-62645 avia-img-lazy-loading-not-62645 avia_image' src=\"https:\/\/radiorevelacionfm.cl\/wp-content\/uploads\/2025\/12\/visita-alto-baguales-1712-3-1_optimized.jpeg\" alt='' title='visita-alto-baguales-1712-(3)-(1)_optimized' height=\"600\" width=\"800\"  itemprop=\"thumbnailUrl\" srcset=\"https:\/\/radiorevelacionfm.cl\/wp-content\/uploads\/2025\/12\/visita-alto-baguales-1712-3-1_optimized.jpeg 800w, https:\/\/radiorevelacionfm.cl\/wp-content\/uploads\/2025\/12\/visita-alto-baguales-1712-3-1_optimized-300x225.jpeg 300w, https:\/\/radiorevelacionfm.cl\/wp-content\/uploads\/2025\/12\/visita-alto-baguales-1712-3-1_optimized-768x576.jpeg 768w, https:\/\/radiorevelacionfm.cl\/wp-content\/uploads\/2025\/12\/visita-alto-baguales-1712-3-1_optimized-705x529.jpeg 705w, https:\/\/radiorevelacionfm.cl\/wp-content\/uploads\/2025\/12\/visita-alto-baguales-1712-3-1_optimized-450x338.jpeg 450w, https:\/\/radiorevelacionfm.cl\/wp-content\/uploads\/2025\/12\/visita-alto-baguales-1712-3-1_optimized-600x450.jpeg 600w\" sizes=\"(max-width: 800px) 100vw, 800px\" \/><\/div><\/div><\/div><\/div><div class=\"flex_column av_one_full  flex_column_div av-zero-column-padding first  avia-builder-el-2  el_after_av_one_full  el_before_av_one_full  column-top-margin\" style='border-radius:0px; '><section class=\"av_textblock_section \"  itemscope=\"itemscope\" itemtype=\"https:\/\/schema.org\/BlogPosting\" itemprop=\"blogPost\" ><div class='avia_textblock  '   itemprop=\"text\" ><p style=\"text-align: center;\"><strong><span style=\"font-size: 18pt;\">Subsecretario de Energ\u00eda visita avance de la Ampliaci\u00f3n del Parque E\u00f3lico Alto Baguales de Edelaysen en Coyhaique<\/span><\/strong><\/p>\n<div id=\"gtx-trans\" style=\"position: absolute; left: -50px; top: 4.31534px;\">\n<div class=\"gtx-trans-icon\"><\/div>\n<\/div>\n<\/div><\/section><\/div><div class=\"flex_column av_one_full  flex_column_div av-zero-column-padding first  avia-builder-el-4  el_after_av_one_full  el_before_av_hr  column-top-margin\" style='border-radius:0px; '><section class=\"av_textblock_section \"  itemscope=\"itemscope\" itemtype=\"https:\/\/schema.org\/BlogPosting\" itemprop=\"blogPost\" ><div class='avia_textblock  '   itemprop=\"text\" ><p style=\"text-align: justify;\">La autoridad, junto a Delegado Presidencial Regional, Seremi de Energ\u00eda y Econom\u00eda y la participaci\u00f3n del jefe de la Divisi\u00f3n de Infraestructura del Gobierno Regional de Ays\u00e9n, recorri\u00f3 las obras para conocer su estado de avance y revisar los aportes que esta ampliaci\u00f3n entregar\u00e1 a la matriz energ\u00e9tica regional.<\/p>\n<p style=\"text-align: justify;\">Edelaysen recibi\u00f3 al subsecretario de Energ\u00eda Luis Felipe Ramos en una visita a la Ampliaci\u00f3n del Parque E\u00f3lico Alto Baguales, con el prop\u00f3sito de revisar en terreno el desarrollo del proyecto y su contribuci\u00f3n a fortalecer la infraestructura energ\u00e9tica de la regi\u00f3n de Ays\u00e9n.<\/p>\n<p style=\"text-align: justify;\">Sobre este importante proyecto para la regi\u00f3n, la jefa de Servicio al Cliente de Edelaysen Mar\u00eda de los \u00c1ngeles Gajardo, mencion\u00f3 que: \u201cDesde Edelaysen como Grupo Saesa, estamos desarrollando 5 aerogeneradores que nos van a permitir entregar 15 megas de energ\u00eda adicionales a la regi\u00f3n, lo que aportar\u00e1 a entregar un mejor servicio a nuestros clientes. Queremos agradecer especialmente la colaboraci\u00f3n que hemos tenido de parte de las autoridades y todos los servicios p\u00fablicos, que, si no fuese por ellos, no ser\u00eda posible llevar todo esto a cabo ya que, es una operaci\u00f3n muy compleja\u201d.<\/p>\n<p style=\"text-align: justify;\">La comitiva, integrada por autoridades de gobierno, delegado Regional Jorge D\u00edaz, seremi de Energ\u00eda, Pamela C\u00e1rdenas, seremi de Econom\u00eda, Felipe Rojas y el jefe de la Unidad de Infraestructura del Gobierno Regional de Ays\u00e9n, Javier Alarc\u00f3n, fue acompa\u00f1ada por el equipo t\u00e9cnico de Edelaysen en un recorrido por las \u00e1reas de obras, donde se presentaron los principales avances y los plazos proyectados para las siguientes etapas constructivas.<\/p>\n<p style=\"text-align: justify;\">En tal sentido, el representante de la cartera Luis Felipe Ramos destac\u00f3 que: \u201cNos encontramos en la central e\u00f3lica Alto Baguales en la regi\u00f3n de Ays\u00e9n, visitando y conociendo esta central que aporta energ\u00eda renovable en la regi\u00f3n. A partir del proyecto de ley de Sistemas Medianos, esperamos que otros proyectos y otras tecnolog\u00edas tambi\u00e9n e\u00f3licas u otro tipo de energ\u00eda renovable puedan seguir incorpor\u00e1ndose en los Sistemas Medianos para poder ir avanzando no solamente en la descarbonizaci\u00f3n de los sistemas el\u00e9ctricos, sino que tambi\u00e9n aprovechando todos los beneficios que tienen las energ\u00edas renovables como, por ejemplo, los menores costos de operaci\u00f3n que tienen versus las energ\u00edas f\u00f3siles\u201d.<\/p>\n<p style=\"text-align: justify;\">Por su parte, el delegado regional Jorge D\u00edaz mencion\u00f3: \u201cComo Gobierno estamos muy satisfechos del avance de esta obra aqu\u00ed en Alto Baguales en esta planta e\u00f3lica haciendo tres dimensiones de esto. Primero, la confianza de los inversionistas en nuestro pa\u00eds, luego el aporte que hace esta planta e\u00f3lica con casi un 50% de la potencia que requiere la regi\u00f3n de Ays\u00e9n y tercero que nos pone a la vanguardia como regi\u00f3n y pa\u00eds en la generaci\u00f3n de energ\u00eda el\u00e9ctrica a trav\u00e9s del viento\u201d.<\/p>\n<p style=\"text-align: justify;\">Durante la visita se abordaron aspectos t\u00e9cnicos, operacionales y de integraci\u00f3n al sistema el\u00e9ctrico regional, destacando que esta ampliaci\u00f3n permitir\u00e1 incorporar m\u00e1s generaci\u00f3n e\u00f3lica, mejorar la seguridad del suministro y avanzar en una matriz energ\u00e9tica m\u00e1s sostenible para las familias de la Patagonia.<\/p>\n<p style=\"text-align: justify;\">Desde Edelaysen valoraron el trabajo conjunto con el Ministerio de Energ\u00eda y Gobierno Regional, destacando que la coordinaci\u00f3n interinstitucional es clave para avanzar en proyectos de alto impacto para la transici\u00f3n energ\u00e9tica y el desarrollo regional, como la ampliaci\u00f3n del Parque E\u00f3lico Alto Baguales, iniciativa que forma parte del Plan de Inversiones en Ays\u00e9n y que contempla nuevas obras destinadas a robustecer la red el\u00e9ctrica, aumentar la generaci\u00f3n renovable y responder a las necesidades de una regi\u00f3n en crecimiento.<\/p>\n<\/div><\/section><\/div><div  style='height:50px' class='hr hr-invisible   avia-builder-el-6  el_after_av_one_full  el_before_av_social_share '><span class='hr-inner ' ><span class='hr-inner-style'><\/span><\/span><\/div><\/p>\n<div  class='av-social-sharing-box  avia-builder-el-7  el_after_av_hr  el_before_av_hr  '><div class='av-share-box'><h5 class='av-share-link-description av-no-toc '>Compartir esta noticia<\/h5><ul class='av-share-box-list noLightbox'><li class='av-share-link av-social-link-facebook' ><a target=\"_blank\" aria-label=\"Compartir en Facebook\" href='https:\/\/www.facebook.com\/sharer.php?u=https:\/\/radiorevelacionfm.cl\/?p=62644&#038;t=Subsecretario%20de%20Energ%C3%ADa%20visita%20avance%20de%20la%20Ampliaci%C3%B3n%20del%20Parque%20E%C3%B3lico%20Alto%20Baguales%20de%20Edelaysen%20en%20Coyhaique' aria-hidden='false' data-av_icon='\ue8f3' data-av_iconfont='entypo-fontello' title='' data-avia-related-tooltip='Compartir en Facebook' rel=\"noopener\"><span class='avia_hidden_link_text'>Compartir en Facebook<\/span><\/a><\/li><li class='av-share-link av-social-link-twitter' ><a target=\"_blank\" aria-label=\"Compartir en Twitter\" href='https:\/\/twitter.com\/share?text=Subsecretario%20de%20Energ%C3%ADa%20visita%20avance%20de%20la%20Ampliaci%C3%B3n%20del%20Parque%20E%C3%B3lico%20Alto%20Baguales%20de%20Edelaysen%20en%20Coyhaique&#038;url=https:\/\/radiorevelacionfm.cl\/?p=62644' aria-hidden='false' data-av_icon='\ue8f1' data-av_iconfont='entypo-fontello' title='' data-avia-related-tooltip='Compartir en Twitter' rel=\"noopener\"><span class='avia_hidden_link_text'>Compartir en Twitter<\/span><\/a><\/li><li class='av-share-link av-social-link-whatsapp' ><a target=\"_blank\" aria-label=\"Compartir en Whatsapp\" href='https:\/\/api.whatsapp.com\/send?text=https:\/\/radiorevelacionfm.cl\/?p=62644' aria-hidden='false' data-av_icon='\uf232' data-av_iconfont='entypo-fontello' title='' data-avia-related-tooltip='Compartir en Whatsapp' rel=\"noopener\"><span class='avia_hidden_link_text'>Compartir en Whatsapp<\/span><\/a><\/li><li class='av-share-link av-social-link-linkedin' ><a target=\"_blank\" aria-label=\"Compartir en LinkedIn\" href='https:\/\/linkedin.com\/shareArticle?mini=true&#038;title=Subsecretario%20de%20Energ%C3%ADa%20visita%20avance%20de%20la%20Ampliaci%C3%B3n%20del%20Parque%20E%C3%B3lico%20Alto%20Baguales%20de%20Edelaysen%20en%20Coyhaique&#038;url=https:\/\/radiorevelacionfm.cl\/?p=62644' aria-hidden='false' data-av_icon='\ue8fc' data-av_iconfont='entypo-fontello' title='' data-avia-related-tooltip='Compartir en LinkedIn' rel=\"noopener\"><span class='avia_hidden_link_text'>Compartir en LinkedIn<\/span><\/a><\/li><li class='av-share-link av-social-link-mail' ><a  aria-label=\"Compartir por correo\" href='mailto:?subject=Subsecretario%20de%20Energ%C3%ADa%20visita%20avance%20de%20la%20Ampliaci%C3%B3n%20del%20Parque%20E%C3%B3lico%20Alto%20Baguales%20de%20Edelaysen%20en%20Coyhaique&#038;body=https:\/\/radiorevelacionfm.cl\/?p=62644' aria-hidden='false' data-av_icon='\ue805' data-av_iconfont='entypo-fontello' title='' data-avia-related-tooltip='Compartir por correo'><span class='avia_hidden_link_text'>Compartir por correo<\/span><\/a><\/li><\/ul><\/div><\/div>\n<div  style='height:50px' class='hr hr-invisible   avia-builder-el-8  el_after_av_social_share  el_before_av_comments_list '><span class='hr-inner ' ><span class='hr-inner-style'><\/span><\/span><\/div>\n<div  class='av-buildercomment  av-blog-meta-html-info-disabled av-blog-meta-tag-disabled  '><\/div>\n","protected":false},"excerpt":{"rendered":"","protected":false},"author":1,"featured_media":62645,"comment_status":"closed","ping_status":"closed","sticky":false,"template":"","format":"standard","meta":{"footnotes":""},"categories":[38],"tags":[],"class_list":["post-62644","post","type-post","status-publish","format-standard","has-post-thumbnail","hentry","category-regional"],"jetpack_featured_media_url":"https:\/\/radiorevelacionfm.cl\/wp-content\/uploads\/2025\/12\/visita-alto-baguales-1712-3-1_optimized.jpeg","_links":{"self":[{"href":"https:\/\/radiorevelacionfm.cl\/index.php?rest_route=\/wp\/v2\/posts\/62644","targetHints":{"allow":["GET"]}}],"collection":[{"href":"https:\/\/radiorevelacionfm.cl\/index.php?rest_route=\/wp\/v2\/posts"}],"about":[{"href":"https:\/\/radiorevelacionfm.cl\/index.php?rest_route=\/wp\/v2\/types\/post"}],"author":[{"embeddable":true,"href":"https:\/\/radiorevelacionfm.cl\/index.php?rest_route=\/wp\/v2\/users\/1"}],"replies":[{"embeddable":true,"href":"https:\/\/radiorevelacionfm.cl\/index.php?rest_route=%2Fwp%2Fv2%2Fcomments&post=62644"}],"version-history":[{"count":2,"href":"https:\/\/radiorevelacionfm.cl\/index.php?rest_route=\/wp\/v2\/posts\/62644\/revisions"}],"predecessor-version":[{"id":62647,"href":"https:\/\/radiorevelacionfm.cl\/index.php?rest_route=\/wp\/v2\/posts\/62644\/revisions\/62647"}],"wp:featuredmedia":[{"embeddable":true,"href":"https:\/\/radiorevelacionfm.cl\/index.php?rest_route=\/wp\/v2\/media\/62645"}],"wp:attachment":[{"href":"https:\/\/radiorevelacionfm.cl\/index.php?rest_route=%2Fwp%2Fv2%2Fmedia&parent=62644"}],"wp:term":[{"taxonomy":"category","embeddable":true,"href":"https:\/\/radiorevelacionfm.cl\/index.php?rest_route=%2Fwp%2Fv2%2Fcategories&post=62644"},{"taxonomy":"post_tag","embeddable":true,"href":"https:\/\/radiorevelacionfm.cl\/index.php?rest_route=%2Fwp%2Fv2%2Ftags&post=62644"}],"curies":[{"name":"wp","href":"https:\/\/api.w.org\/{rel}","templated":true}]}}