{"id":62640,"date":"2025-12-18T17:00:42","date_gmt":"2025-12-18T20:00:42","guid":{"rendered":"https:\/\/radiorevelacionfm.cl\/?p=62640"},"modified":"2025-12-18T17:00:42","modified_gmt":"2025-12-18T20:00:42","slug":"lucinda-primera-es-el-nombre-que-tendra-nueva-barcaza-que-operara-en-el-lago-ohiggins","status":"publish","type":"post","link":"https:\/\/radiorevelacionfm.cl\/?p=62640","title":{"rendered":"\u201cLucinda Primera\u201d es el nombre que tendr\u00e1 nueva barcaza que operar\u00e1 en el Lago O&#8217;higgins"},"content":{"rendered":"<div class=\"flex_column av_one_full  flex_column_div av-zero-column-padding first  avia-builder-el-0  el_before_av_one_full  avia-builder-el-first  \" style='border-radius:0px; '><div  class='avia-image-container  av-styling-    avia-builder-el-1  avia-builder-el-no-sibling  avia-align-center '  itemprop=\"image\" itemscope=\"itemscope\" itemtype=\"https:\/\/schema.org\/ImageObject\"  ><div class='avia-image-container-inner'><div class='avia-image-overlay-wrap'><img decoding=\"async\" class='wp-image-62641 avia-img-lazy-loading-not-62641 avia_image' src=\"https:\/\/radiorevelacionfm.cl\/wp-content\/uploads\/2025\/12\/LUCINDA-2-1-1.jpg\" alt='' title='LUCINDA-2 (1) (1)' height=\"600\" width=\"818\"  itemprop=\"thumbnailUrl\" srcset=\"https:\/\/radiorevelacionfm.cl\/wp-content\/uploads\/2025\/12\/LUCINDA-2-1-1.jpg 818w, https:\/\/radiorevelacionfm.cl\/wp-content\/uploads\/2025\/12\/LUCINDA-2-1-1-300x220.jpg 300w, https:\/\/radiorevelacionfm.cl\/wp-content\/uploads\/2025\/12\/LUCINDA-2-1-1-768x563.jpg 768w, https:\/\/radiorevelacionfm.cl\/wp-content\/uploads\/2025\/12\/LUCINDA-2-1-1-705x517.jpg 705w, https:\/\/radiorevelacionfm.cl\/wp-content\/uploads\/2025\/12\/LUCINDA-2-1-1-450x330.jpg 450w, https:\/\/radiorevelacionfm.cl\/wp-content\/uploads\/2025\/12\/LUCINDA-2-1-1-600x440.jpg 600w\" sizes=\"(max-width: 818px) 100vw, 818px\" \/><\/div><\/div><\/div><\/div><div class=\"flex_column av_one_full  flex_column_div av-zero-column-padding first  avia-builder-el-2  el_after_av_one_full  el_before_av_one_full  column-top-margin\" style='border-radius:0px; '><section class=\"av_textblock_section \"  itemscope=\"itemscope\" itemtype=\"https:\/\/schema.org\/BlogPosting\" itemprop=\"blogPost\" ><div class='avia_textblock  '   itemprop=\"text\" ><p style=\"text-align: center;\"><strong><span style=\"font-size: 18pt;\">\u201cLucinda Primera\u201d es el nombre que tendr\u00e1 nueva barcaza que operar\u00e1 en el Lago O&#8217;higgins<\/span><\/strong><\/p>\n<div id=\"gtx-trans\" style=\"position: absolute; left: -50px; top: 4.31534px;\">\n<div class=\"gtx-trans-icon\"><\/div>\n<\/div>\n<\/div><\/section><\/div><div class=\"flex_column av_one_full  flex_column_div av-zero-column-padding first  avia-builder-el-4  el_after_av_one_full  el_before_av_hr  column-top-margin\" style='border-radius:0px; '><section class=\"av_textblock_section \"  itemscope=\"itemscope\" itemtype=\"https:\/\/schema.org\/BlogPosting\" itemprop=\"blogPost\" ><div class='avia_textblock  '   itemprop=\"text\" ><p style=\"text-align: justify;\">La Secretaria Regional Ministerial de Obras P\u00fablicas Paloma Jara Vald\u00e9s junto al Director Regional de Obras Portuarias del MOP \u00c1lvaro D\u00edaz Contreras informaron que la nueva Barcaza que operar\u00e1 en el Lago O\u00b4higgins se llamar\u00e1 Lucinda Primera, nombre de una mujer y colona del sector que fue elegido en el marco del desarrollo de un proceso participativo con la comunidad.<\/p>\n<p style=\"text-align: justify;\">\u201cLos y las pobladoras de Villa O&#8217;higgins han hablado y ya tenemos un nombre para la nueva nave que va a surcar las aguas de este lago binacional. El nombre es Lucinda I, que ha sido propuesto por los pobladores m\u00e1s antiguos de este lugar de nuestra regi\u00f3n\u201d, destac\u00f3 la Seremi del MOP.<\/p>\n<p style=\"text-align: justify;\">Por su parte, el director de Obras Portuarias del MOP en la Regi\u00f3n de Ays\u00e9n, \u00c1lvaro D\u00edaz Contreras agradeci\u00f3 la participaci\u00f3n de la comunidad en esta instancia hist\u00f3rica, la que ten\u00eda como fin buscar un nombre para la nueva embarcaci\u00f3n que operar\u00e1 en esta zona, la m\u00e1s austral de la Regi\u00f3n de Ays\u00e9n.<\/p>\n<p style=\"text-align: justify;\">\u201cEstamos muy contentos de informar el t\u00e9rmino del proceso participativo que logramos llevar a cabo en conjunto con los ni\u00f1os y ni\u00f1as de la comuna de Lago O\u00b4higgins, con la comunidad y con los pobladores de la cuenca del Lago O\u00b4higgins. Agradecemos la participaci\u00f3n de todos y todas, y los y las invitamos a seguir formando parte de este proceso hist\u00f3rico para la construcci\u00f3n de una nueva embarcaci\u00f3n para el Lago O\u00b4higgins y para toda la comunidad de la cuenca del Lago\u201d.<\/p>\n<p style=\"text-align: justify;\">Con la elecci\u00f3n de este nombre se reconoce a los primeros habitantes del lago O\u00b4Higgins, y parte de la historia de los y las Pioneros y Pioneras del Lago O\u00b4Higgins. Este nombre fue propuesto -entre otras personas- por la pobladora Daniela Tiznado, nieta de Mar\u00eda Lucinda S\u00e1nchez G\u00f3mez.<\/p>\n<p style=\"text-align: justify;\">Lucinda lleg\u00f3 a vivir al sector del predio Once hermanos, en compa\u00f1\u00eda de su esposo Juan Barrientos Barrientos en el a\u00f1o 1924-1926 aproximadamente, ingresando al Lago O\u00b4higgins, por Argentina en su propio bote a remo, \u00fanico medio de transporte de la \u00e9poca. En esos a\u00f1os, se dedicaban principalmente a la crianza de ovejas y labores del campo; en la \u00e9poca de esquila transportaban su lana a Argentina desde donde se prove\u00edan de los v\u00edveres para el a\u00f1o. El matrimonio form\u00f3 una familia que tuvo 11 hijos que nacieron y se criaron ah\u00ed, lo que dio origen al nombre del predio 11 hermanos. Lucinda S\u00e1nchez tambi\u00e9n realizaba labores de partera para los habitantes de Lago O\u00b4higgins. Falleci\u00f3 el a\u00f1o 1979 y su esposo el a\u00f1o 1984, ambos se encuentran sepultados en el predio 11 hermanos, el que actualmente no pertenece a la familia.<\/p>\n<p style=\"text-align: justify;\">Para llegar a esta etapa, el equipo de Obras Portuarias realiz\u00f3 un importante trabajo de difusi\u00f3n entre la comunidad, reuni\u00e9ndose tambi\u00e9n con la Directora Subrogante del Liceo Pioneros del Sur, Bernardita Santis, quien les hizo entrega de m\u00faltiples dibujos de la Barcaza con las propuestas de nombres para la nueva embarcaci\u00f3n que hicieron los y las ni\u00f1as del Liceo, oportunidad en la que la Directora (S) destac\u00f3 la actividad como muy bien pensada.<\/p>\n<p style=\"text-align: justify;\">\u201cLos estudiantes y sobre todo los profesores, nosotros como equipo directivo agradecemos la voluntad que pusieron los docentes de llevar a cabo una actividad que no estaba en su programa, que ten\u00eda que ver con fomentar la participaci\u00f3n, crear una imagen de la Barcaza nueva, buscarle un nombre que fuese pertinente adem\u00e1s al territorio. Y eso yo creo que se produjo de una manera muy espont\u00e1nea, muy natural y recibimos muchos trabajos. La verdad yo qued\u00e9 sorprendida al respecto. Por supuesto muy contentos y siempre que podamos participar en actividades que convoquen y que tengan que ver con la realidad del territorio, siempre vamos a querer participar. Le da significado, le da sentido\u201d, asegur\u00f3 la profesora.<\/p>\n<p style=\"text-align: justify;\">Para Yaline Rivero Alcaldesa Subrogante de la comuna de O&#8217;Higgins, esta instancia de participaci\u00f3n es muy importante. \u201cMe parece s\u00faper bien, sobre todo las instancias en las cuales se incorpora la visi\u00f3n de la comunidad en cualquier elemento que est\u00e9 asociado en este caso a algo p\u00fablico, que es el nombre de la Barcaza que va a navegar en el Lago O\u00b4Higgins y es importante tambi\u00e9n fortalecer la participaci\u00f3n sobre todo de las personas que habitan el Lago, que son los que van a utilizar el servicio cuando ya est\u00e9 instalado. Me parece muy relevante incorporar siempre la participaci\u00f3n ciudadana\u201d.<\/p>\n<p style=\"text-align: justify;\">En tanto, la pobladora de Isla Central, Andrea Arriagada fue una de las vecinas que particip\u00f3 en la convocatoria que realiz\u00f3 la Direcci\u00f3n de Obras Portuarias del MOP en la Regi\u00f3n de Ays\u00e9n para dar un nombre a la nueva embarcaci\u00f3n que operar\u00e1 en el Lago O\u00b4Higgins, se\u00f1al\u00f3: \u201cQuiero manifestar un agradecimiento hacia las personas que trabajan en la Direcci\u00f3n de Obras Portuarias y a la Seremi del MOP en la Regi\u00f3n de Ays\u00e9n, porque convocaron a todos los vecinos y vecinas de la comuna de O&#8217;Higgins para que di\u00e9semos una propuesta de nombre que tendr\u00e1 la nueva nave. Para nosotros que vivimos aqu\u00ed, a\u00f1o redondo, es sumamente importante contar con una infraestructura adecuada para nuestras necesidades, para el traslado de carga mayor de animales, de madera y tambi\u00e9n por la seguridad de nosotros al viajar hacia nuestras casas. As\u00ed que agradezco nuevamente la gesti\u00f3n y esperamos que el nombre que tenga esta embarcaci\u00f3n sea tambi\u00e9n atesorado por todos y cada uno de ustedes. Muchas gracias\u201d,<\/p>\n<p style=\"text-align: justify;\">Actualmente, el proyecto en ejecuci\u00f3n considera en una primera etapa confeccionar los planos de detalle de toda la ingenier\u00eda, de las distintas especialidades que tiene esta embarcaci\u00f3n, especialidades sanitarias, el\u00e9ctricas, mec\u00e1nicas, tambi\u00e9n especialidades que tienen que ver con el piping de tuber\u00edas que permiten el funcionamiento de los distintos equipos principales de la embarcaci\u00f3n. En estos primeros 3 a 4 meses se van a ingresar los planos a la Autoridad Mar\u00edtima para que ellos puedan aprobar esta embarcaci\u00f3n. Es una embarcaci\u00f3n que va a comenzar a navegar idealmente el primer semestre del a\u00f1o 2027, y \u00a0va a estar operando por los pr\u00f3ximos veinte a treinta a\u00f1os en el Lago.<\/p>\n<\/div><\/section><\/div><div  style='height:50px' class='hr hr-invisible   avia-builder-el-6  el_after_av_one_full  el_before_av_social_share '><span class='hr-inner ' ><span class='hr-inner-style'><\/span><\/span><\/div><\/p>\n<div  class='av-social-sharing-box  avia-builder-el-7  el_after_av_hr  el_before_av_hr  '><div class='av-share-box'><h5 class='av-share-link-description av-no-toc '>Compartir esta noticia<\/h5><ul class='av-share-box-list noLightbox'><li class='av-share-link av-social-link-facebook' ><a target=\"_blank\" aria-label=\"Compartir en Facebook\" href='https:\/\/www.facebook.com\/sharer.php?u=https:\/\/radiorevelacionfm.cl\/?p=62640&#038;t=%E2%80%9CLucinda%20Primera%E2%80%9D%20es%20el%20nombre%20que%20tendr%C3%A1%20nueva%20barcaza%20que%20operar%C3%A1%20en%20el%20Lago%20O%E2%80%99higgins' aria-hidden='false' data-av_icon='\ue8f3' data-av_iconfont='entypo-fontello' title='' data-avia-related-tooltip='Compartir en Facebook' rel=\"noopener\"><span class='avia_hidden_link_text'>Compartir en Facebook<\/span><\/a><\/li><li class='av-share-link av-social-link-twitter' ><a target=\"_blank\" aria-label=\"Compartir en Twitter\" href='https:\/\/twitter.com\/share?text=%E2%80%9CLucinda%20Primera%E2%80%9D%20es%20el%20nombre%20que%20tendr%C3%A1%20nueva%20barcaza%20que%20operar%C3%A1%20en%20el%20Lago%20O%E2%80%99higgins&#038;url=https:\/\/radiorevelacionfm.cl\/?p=62640' aria-hidden='false' data-av_icon='\ue8f1' data-av_iconfont='entypo-fontello' title='' data-avia-related-tooltip='Compartir en Twitter' rel=\"noopener\"><span class='avia_hidden_link_text'>Compartir en Twitter<\/span><\/a><\/li><li class='av-share-link av-social-link-whatsapp' ><a target=\"_blank\" aria-label=\"Compartir en Whatsapp\" href='https:\/\/api.whatsapp.com\/send?text=https:\/\/radiorevelacionfm.cl\/?p=62640' aria-hidden='false' data-av_icon='\uf232' data-av_iconfont='entypo-fontello' title='' data-avia-related-tooltip='Compartir en Whatsapp' rel=\"noopener\"><span class='avia_hidden_link_text'>Compartir en Whatsapp<\/span><\/a><\/li><li class='av-share-link av-social-link-linkedin' ><a target=\"_blank\" aria-label=\"Compartir en LinkedIn\" href='https:\/\/linkedin.com\/shareArticle?mini=true&#038;title=%E2%80%9CLucinda%20Primera%E2%80%9D%20es%20el%20nombre%20que%20tendr%C3%A1%20nueva%20barcaza%20que%20operar%C3%A1%20en%20el%20Lago%20O%E2%80%99higgins&#038;url=https:\/\/radiorevelacionfm.cl\/?p=62640' aria-hidden='false' data-av_icon='\ue8fc' data-av_iconfont='entypo-fontello' title='' data-avia-related-tooltip='Compartir en LinkedIn' rel=\"noopener\"><span class='avia_hidden_link_text'>Compartir en LinkedIn<\/span><\/a><\/li><li class='av-share-link av-social-link-mail' ><a  aria-label=\"Compartir por correo\" href='mailto:?subject=%E2%80%9CLucinda%20Primera%E2%80%9D%20es%20el%20nombre%20que%20tendr%C3%A1%20nueva%20barcaza%20que%20operar%C3%A1%20en%20el%20Lago%20O%E2%80%99higgins&#038;body=https:\/\/radiorevelacionfm.cl\/?p=62640' aria-hidden='false' data-av_icon='\ue805' data-av_iconfont='entypo-fontello' title='' data-avia-related-tooltip='Compartir por correo'><span class='avia_hidden_link_text'>Compartir por correo<\/span><\/a><\/li><\/ul><\/div><\/div>\n<div  style='height:50px' class='hr hr-invisible   avia-builder-el-8  el_after_av_social_share  el_before_av_comments_list '><span class='hr-inner ' ><span class='hr-inner-style'><\/span><\/span><\/div>\n<div  class='av-buildercomment  av-blog-meta-html-info-disabled av-blog-meta-tag-disabled  '><\/div>\n","protected":false},"excerpt":{"rendered":"","protected":false},"author":1,"featured_media":62641,"comment_status":"closed","ping_status":"closed","sticky":false,"template":"","format":"standard","meta":{"footnotes":""},"categories":[38],"tags":[],"class_list":["post-62640","post","type-post","status-publish","format-standard","has-post-thumbnail","hentry","category-regional"],"jetpack_featured_media_url":"https:\/\/radiorevelacionfm.cl\/wp-content\/uploads\/2025\/12\/LUCINDA-2-1-1.jpg","_links":{"self":[{"href":"https:\/\/radiorevelacionfm.cl\/index.php?rest_route=\/wp\/v2\/posts\/62640","targetHints":{"allow":["GET"]}}],"collection":[{"href":"https:\/\/radiorevelacionfm.cl\/index.php?rest_route=\/wp\/v2\/posts"}],"about":[{"href":"https:\/\/radiorevelacionfm.cl\/index.php?rest_route=\/wp\/v2\/types\/post"}],"author":[{"embeddable":true,"href":"https:\/\/radiorevelacionfm.cl\/index.php?rest_route=\/wp\/v2\/users\/1"}],"replies":[{"embeddable":true,"href":"https:\/\/radiorevelacionfm.cl\/index.php?rest_route=%2Fwp%2Fv2%2Fcomments&post=62640"}],"version-history":[{"count":2,"href":"https:\/\/radiorevelacionfm.cl\/index.php?rest_route=\/wp\/v2\/posts\/62640\/revisions"}],"predecessor-version":[{"id":62643,"href":"https:\/\/radiorevelacionfm.cl\/index.php?rest_route=\/wp\/v2\/posts\/62640\/revisions\/62643"}],"wp:featuredmedia":[{"embeddable":true,"href":"https:\/\/radiorevelacionfm.cl\/index.php?rest_route=\/wp\/v2\/media\/62641"}],"wp:attachment":[{"href":"https:\/\/radiorevelacionfm.cl\/index.php?rest_route=%2Fwp%2Fv2%2Fmedia&parent=62640"}],"wp:term":[{"taxonomy":"category","embeddable":true,"href":"https:\/\/radiorevelacionfm.cl\/index.php?rest_route=%2Fwp%2Fv2%2Fcategories&post=62640"},{"taxonomy":"post_tag","embeddable":true,"href":"https:\/\/radiorevelacionfm.cl\/index.php?rest_route=%2Fwp%2Fv2%2Ftags&post=62640"}],"curies":[{"name":"wp","href":"https:\/\/api.w.org\/{rel}","templated":true}]}}