{"id":62632,"date":"2025-12-18T15:13:29","date_gmt":"2025-12-18T18:13:29","guid":{"rendered":"https:\/\/radiorevelacionfm.cl\/?p=62632"},"modified":"2025-12-18T15:13:29","modified_gmt":"2025-12-18T18:13:29","slug":"autoridades-destacan-alcances-de-ley-n-21-778-que-estimula-la-actividad-fisica-y-el-deporte-en-los-establecimientos-educacionales","status":"publish","type":"post","link":"https:\/\/radiorevelacionfm.cl\/?p=62632","title":{"rendered":"Autoridades destacan alcances de Ley N\u00b0 21.778 que estimula la actividad f\u00edsica y el deporte en los establecimientos educacionales"},"content":{"rendered":"<div class=\"flex_column av_one_full  flex_column_div av-zero-column-padding first  avia-builder-el-0  el_before_av_one_full  avia-builder-el-first  \" style='border-radius:0px; '><div  class='avia-image-container  av-styling-    avia-builder-el-1  avia-builder-el-no-sibling  avia-align-center '  itemprop=\"image\" itemscope=\"itemscope\" itemtype=\"https:\/\/schema.org\/ImageObject\"  ><div class='avia-image-container-inner'><div class='avia-image-overlay-wrap'><img decoding=\"async\" class='wp-image-62633 avia-img-lazy-loading-not-62633 avia_image' src=\"https:\/\/radiorevelacionfm.cl\/wp-content\/uploads\/2025\/12\/60-minutos2-1-1.jpeg\" alt='' title='60 minutos2 (1) (1)' height=\"600\" width=\"898\"  itemprop=\"thumbnailUrl\" srcset=\"https:\/\/radiorevelacionfm.cl\/wp-content\/uploads\/2025\/12\/60-minutos2-1-1.jpeg 898w, https:\/\/radiorevelacionfm.cl\/wp-content\/uploads\/2025\/12\/60-minutos2-1-1-300x200.jpeg 300w, https:\/\/radiorevelacionfm.cl\/wp-content\/uploads\/2025\/12\/60-minutos2-1-1-768x513.jpeg 768w, https:\/\/radiorevelacionfm.cl\/wp-content\/uploads\/2025\/12\/60-minutos2-1-1-705x471.jpeg 705w, https:\/\/radiorevelacionfm.cl\/wp-content\/uploads\/2025\/12\/60-minutos2-1-1-450x301.jpeg 450w, https:\/\/radiorevelacionfm.cl\/wp-content\/uploads\/2025\/12\/60-minutos2-1-1-600x401.jpeg 600w\" sizes=\"(max-width: 898px) 100vw, 898px\" \/><\/div><\/div><\/div><\/div><div class=\"flex_column av_one_full  flex_column_div av-zero-column-padding first  avia-builder-el-2  el_after_av_one_full  el_before_av_one_full  column-top-margin\" style='border-radius:0px; '><section class=\"av_textblock_section \"  itemscope=\"itemscope\" itemtype=\"https:\/\/schema.org\/BlogPosting\" itemprop=\"blogPost\" ><div class='avia_textblock  '   itemprop=\"text\" ><p style=\"text-align: center;\"><strong><span style=\"font-size: 18pt;\">Autoridades destacan alcances de Ley N\u00b0 21.778 que estimula la actividad f\u00edsica y el deporte en los establecimientos educacionales<\/span><\/strong><\/p>\n<div id=\"gtx-trans\" style=\"position: absolute; left: -50px; top: 4.31534px;\">\n<div class=\"gtx-trans-icon\"><\/div>\n<\/div>\n<\/div><\/section><\/div><div class=\"flex_column av_one_full  flex_column_div av-zero-column-padding first  avia-builder-el-4  el_after_av_one_full  el_before_av_hr  column-top-margin\" style='border-radius:0px; '><section class=\"av_textblock_section \"  itemscope=\"itemscope\" itemtype=\"https:\/\/schema.org\/BlogPosting\" itemprop=\"blogPost\" ><div class='avia_textblock  '   itemprop=\"text\" ><p style=\"font-weight: 400; text-align: justify;\">El mi\u00e9rcoles en la Escuela V\u00edctor Domingo Silva de Coyhaique, las seremis de Educaci\u00f3n Katherine Miqueles, del Deporte Mar\u00eda Eugenia Dur\u00e1n y de Salud Gloria \u00c1guila destacaron el impacto de la Ley N\u00b0 21.778, recientemente promulgada, que asegura 60 minutos de actividad f\u00edsica diaria en los establecimientos educacionales del pa\u00eds, desde la educaci\u00f3n parvularia hasta la ense\u00f1anza media.<\/p>\n<p style=\"font-weight: 400; text-align: justify;\">Se trata de una normativa que empezar\u00e1 su aplicaci\u00f3n en 2027 de manera progresiva y que obligar\u00e1 a los colegios p\u00fablicos y privados a generar una hora de movimiento, actividad f\u00edsica, juegos o deporte durante la jornada escolar. Estos 60 minutos ser\u00e1n adicionales a la asignatura formal de educaci\u00f3n f\u00edsica.<\/p>\n<p style=\"font-weight: 400; text-align: justify;\">Durante la presentaci\u00f3n de la ley, m\u00e1s de un centenar de estudiantes del plantel participaron en\u00a0 actividades f\u00edsicas: Baile Entretenido, Circuito Motriz y Mini deportes con un entusiasmo que augura una excelente puesta en marcha de esta iniciativa.<\/p>\n<p style=\"font-weight: 400; text-align: justify;\">Posteriormente, las autoridades hicieron \u00e9nfasis en el trabajo interministerial para que la normativa, que tuvo una larga tramitaci\u00f3n tras ser ingresada en noviembre de 2017, se transformara en Ley de la Rep\u00fablica. El Presidente Gabriel Boric comprometi\u00f3 el impulso definitivo al proyecto, se\u00f1alando la urgencia de asegurar m\u00e1s actividad f\u00edsica como un derecho y una herramienta concreta para la salud p\u00fablica. Posteriormente, en enero de 2025, el Ejecutivo ingres\u00f3 indicaciones t\u00e9cnicas que facilitaron su implementaci\u00f3n.<\/p>\n<p style=\"font-weight: 400; text-align: justify;\">Al respecto, la Seremi de Educaci\u00f3n Katherine Miqueles expres\u00f3 que: \u201cEstamos dando un paso fundamental para el bienestar de nuestros estudiantes. Con esta ley, aseguramos 60 minutos diarios de actividad f\u00edsica en todos los colegios del pa\u00eds, porque la salud f\u00edsica y mental de las y los estudiantes es una prioridad. La implementaci\u00f3n ser\u00e1 gradual: desde 2027 comenzaremos con educaci\u00f3n parvularia y primer ciclo b\u00e1sico, y al a\u00f1o siguiente se sumar\u00e1 el segundo ciclo y ense\u00f1anza media. Las comunidades educativas definir\u00e1n c\u00f3mo organizar estas actividades, que podr\u00e1n financiarse a trav\u00e9s de los Planes de Mejoramiento Educativo (PME) y recursos SEP. Esta medida no s\u00f3lo combate la obesidad y el sedentarismo, tambi\u00e9n fomenta la convivencia, el bienestar socioemocional y un cambio cultural hacia una vida m\u00e1s activa\u201d,<\/p>\n<p style=\"font-weight: 400; text-align: justify;\">Por su parte, la Seremi Mar\u00eda Eugenia Dur\u00e1n manifest\u00f3 que: \u201cComo Ministerio del Deporte celebramos esta buena noticia que es la promulgaci\u00f3n de esta Ley de los 60 Minutos diarios de actividad f\u00edsica en colegios. Esta ley se alinea con las recomendaciones de la Organizaci\u00f3n Mundial de la salud OMS y es que ni\u00f1as, ni\u00f1os y adolescentes tengan la pr\u00e1ctica diaria de actividad f\u00edsica y movimiento durante 60 minutos todos los d\u00edas. Eso busca esta ley y de paso combatir la inactividad f\u00edsica o sedentarismo que es la gran pandemia mundial, por eso estamos contentos porque se empiece a implementar esta ley. El pr\u00f3ximo a\u00f1o contaremos con una gu\u00eda con recomendaciones para los establecimientos. Hay que se\u00f1alar que estos 60 minutos de actividad f\u00edsica se suman a las clases regulares de educaci\u00f3n f\u00edsica y esperamos que toda las comunidad educativa fortalezca sus conocimientos para implementar estos 60 minutos de actividad f\u00edsica cada d\u00eda\u201d.<\/p>\n<p style=\"font-weight: 400; text-align: justify;\">En tanto, la seremi de Salud, Gloria Aguila se\u00f1al\u00f3 que: \u201cestamos contentos por esta ley se promulga despu\u00e9s de muchos a\u00f1os de trabajo. Nosotros como ministerio siempre hemos promovido la actividad f\u00edsica en los colegios y esta ley viene a aumentar y fortalecer nuestras actividades de promoci\u00f3n y pr\u00e1ctica de estilos saludables en ni\u00f1os y ni\u00f1as de k\u00ednder a Cuarto Medio\u201d.<\/p>\n<p style=\"font-weight: 400; text-align: justify;\">Marco Navarro, director de la Escuela V\u00edctor Domingo Silva expres\u00f3 que: \u201cEsta ley promueve algo que los ni\u00f1os necesitan; moverse jugar, quemar energ\u00eda. Ayudar\u00e1 a combatir la obesidad, mejorar\u00e1 la convivencia educativa y facilitar\u00e1 los aprendizajes de nuestras ni\u00f1as y ni\u00f1os\u201d.<\/p>\n<p style=\"font-weight: 400; text-align: justify;\">Entre sus principales disposiciones la normativa establece que los establecimientos deben disponer de espacios, equipamiento adecuado y condiciones de seguridad, adem\u00e1s de promover la formaci\u00f3n continua de docentes y asistentes de la educaci\u00f3n en metodolog\u00edas activas y estilos de vida saludables.<\/p>\n<p style=\"font-weight: 400; text-align: justify;\">Se consagra adem\u00e1s el principio de no discriminaci\u00f3n para asegurar y garantizar la participaci\u00f3n de ni\u00f1os, ni\u00f1as y adolescentes con discapacidad o necesidades educativas especiales, mediante ajustes de acuerdo a la Ley 20.422.<\/p>\n<p style=\"font-weight: 400; text-align: justify;\">La fiscalizaci\u00f3n del cumplimiento de la norma se integrar\u00e1 a los planes de gesti\u00f3n de convivencia educativa, los que ya son supervisados por la Superintendencia de Educaci\u00f3n.<\/p>\n<p style=\"font-weight: 400; text-align: justify;\">Con su implementaci\u00f3n Chile se suma a pa\u00edses como Finlandia, Francia y China, que han integrado la actividad f\u00edsica y el deporte en el sistema educativo en todas sus etapas.<\/p>\n<\/div><\/section><\/div><div  style='height:50px' class='hr hr-invisible   avia-builder-el-6  el_after_av_one_full  el_before_av_social_share '><span class='hr-inner ' ><span class='hr-inner-style'><\/span><\/span><\/div><\/p>\n<div  class='av-social-sharing-box  avia-builder-el-7  el_after_av_hr  el_before_av_hr  '><div class='av-share-box'><h5 class='av-share-link-description av-no-toc '>Compartir esta noticia<\/h5><ul class='av-share-box-list noLightbox'><li class='av-share-link av-social-link-facebook' ><a target=\"_blank\" aria-label=\"Compartir en Facebook\" href='https:\/\/www.facebook.com\/sharer.php?u=https:\/\/radiorevelacionfm.cl\/?p=62632&#038;t=Autoridades%20destacan%20alcances%20de%20Ley%20N%C2%B0%2021.778%20que%20estimula%20la%20actividad%20f%C3%ADsica%20y%20el%20deporte%20en%20los%20establecimientos%20educacionales' aria-hidden='false' data-av_icon='\ue8f3' data-av_iconfont='entypo-fontello' title='' data-avia-related-tooltip='Compartir en Facebook' rel=\"noopener\"><span class='avia_hidden_link_text'>Compartir en Facebook<\/span><\/a><\/li><li class='av-share-link av-social-link-twitter' ><a target=\"_blank\" aria-label=\"Compartir en Twitter\" href='https:\/\/twitter.com\/share?text=Autoridades%20destacan%20alcances%20de%20Ley%20N%C2%B0%2021.778%20que%20estimula%20la%20actividad%20f%C3%ADsica%20y%20el%20deporte%20en%20los%20establecimientos%20educacionales&#038;url=https:\/\/radiorevelacionfm.cl\/?p=62632' aria-hidden='false' data-av_icon='\ue8f1' data-av_iconfont='entypo-fontello' title='' data-avia-related-tooltip='Compartir en Twitter' rel=\"noopener\"><span class='avia_hidden_link_text'>Compartir en Twitter<\/span><\/a><\/li><li class='av-share-link av-social-link-whatsapp' ><a target=\"_blank\" aria-label=\"Compartir en Whatsapp\" href='https:\/\/api.whatsapp.com\/send?text=https:\/\/radiorevelacionfm.cl\/?p=62632' aria-hidden='false' data-av_icon='\uf232' data-av_iconfont='entypo-fontello' title='' data-avia-related-tooltip='Compartir en Whatsapp' rel=\"noopener\"><span class='avia_hidden_link_text'>Compartir en Whatsapp<\/span><\/a><\/li><li class='av-share-link av-social-link-linkedin' ><a target=\"_blank\" aria-label=\"Compartir en LinkedIn\" href='https:\/\/linkedin.com\/shareArticle?mini=true&#038;title=Autoridades%20destacan%20alcances%20de%20Ley%20N%C2%B0%2021.778%20que%20estimula%20la%20actividad%20f%C3%ADsica%20y%20el%20deporte%20en%20los%20establecimientos%20educacionales&#038;url=https:\/\/radiorevelacionfm.cl\/?p=62632' aria-hidden='false' data-av_icon='\ue8fc' data-av_iconfont='entypo-fontello' title='' data-avia-related-tooltip='Compartir en LinkedIn' rel=\"noopener\"><span class='avia_hidden_link_text'>Compartir en LinkedIn<\/span><\/a><\/li><li class='av-share-link av-social-link-mail' ><a  aria-label=\"Compartir por correo\" href='mailto:?subject=Autoridades%20destacan%20alcances%20de%20Ley%20N%C2%B0%2021.778%20que%20estimula%20la%20actividad%20f%C3%ADsica%20y%20el%20deporte%20en%20los%20establecimientos%20educacionales&#038;body=https:\/\/radiorevelacionfm.cl\/?p=62632' aria-hidden='false' data-av_icon='\ue805' data-av_iconfont='entypo-fontello' title='' data-avia-related-tooltip='Compartir por correo'><span class='avia_hidden_link_text'>Compartir por correo<\/span><\/a><\/li><\/ul><\/div><\/div>\n<div  style='height:50px' class='hr hr-invisible   avia-builder-el-8  el_after_av_social_share  el_before_av_comments_list '><span class='hr-inner ' ><span class='hr-inner-style'><\/span><\/span><\/div>\n<div  class='av-buildercomment  av-blog-meta-html-info-disabled av-blog-meta-tag-disabled  '><\/div>\n","protected":false},"excerpt":{"rendered":"","protected":false},"author":1,"featured_media":62633,"comment_status":"closed","ping_status":"closed","sticky":false,"template":"","format":"standard","meta":{"footnotes":""},"categories":[40,49,46],"tags":[],"class_list":["post-62632","post","type-post","status-publish","format-standard","has-post-thumbnail","hentry","category-deportes","category-educacion","category-salud"],"jetpack_featured_media_url":"https:\/\/radiorevelacionfm.cl\/wp-content\/uploads\/2025\/12\/60-minutos2-1-1.jpeg","_links":{"self":[{"href":"https:\/\/radiorevelacionfm.cl\/index.php?rest_route=\/wp\/v2\/posts\/62632","targetHints":{"allow":["GET"]}}],"collection":[{"href":"https:\/\/radiorevelacionfm.cl\/index.php?rest_route=\/wp\/v2\/posts"}],"about":[{"href":"https:\/\/radiorevelacionfm.cl\/index.php?rest_route=\/wp\/v2\/types\/post"}],"author":[{"embeddable":true,"href":"https:\/\/radiorevelacionfm.cl\/index.php?rest_route=\/wp\/v2\/users\/1"}],"replies":[{"embeddable":true,"href":"https:\/\/radiorevelacionfm.cl\/index.php?rest_route=%2Fwp%2Fv2%2Fcomments&post=62632"}],"version-history":[{"count":2,"href":"https:\/\/radiorevelacionfm.cl\/index.php?rest_route=\/wp\/v2\/posts\/62632\/revisions"}],"predecessor-version":[{"id":62635,"href":"https:\/\/radiorevelacionfm.cl\/index.php?rest_route=\/wp\/v2\/posts\/62632\/revisions\/62635"}],"wp:featuredmedia":[{"embeddable":true,"href":"https:\/\/radiorevelacionfm.cl\/index.php?rest_route=\/wp\/v2\/media\/62633"}],"wp:attachment":[{"href":"https:\/\/radiorevelacionfm.cl\/index.php?rest_route=%2Fwp%2Fv2%2Fmedia&parent=62632"}],"wp:term":[{"taxonomy":"category","embeddable":true,"href":"https:\/\/radiorevelacionfm.cl\/index.php?rest_route=%2Fwp%2Fv2%2Fcategories&post=62632"},{"taxonomy":"post_tag","embeddable":true,"href":"https:\/\/radiorevelacionfm.cl\/index.php?rest_route=%2Fwp%2Fv2%2Ftags&post=62632"}],"curies":[{"name":"wp","href":"https:\/\/api.w.org\/{rel}","templated":true}]}}