{"id":62628,"date":"2025-12-18T14:29:30","date_gmt":"2025-12-18T17:29:30","guid":{"rendered":"https:\/\/radiorevelacionfm.cl\/?p=62628"},"modified":"2025-12-18T14:29:30","modified_gmt":"2025-12-18T17:29:30","slug":"municipio-de-aysen-y-sernatur-refuerzan-llamado-a-empresas-turisticas-a-registrarse-y-mantener-vigente-su-inscripcion-durante-la-temporada-alta","status":"publish","type":"post","link":"https:\/\/radiorevelacionfm.cl\/?p=62628","title":{"rendered":"Municipio de Ays\u00e9n y Sernatur refuerzan llamado a empresas tur\u00edsticas a registrarse y mantener vigente su inscripci\u00f3n durante la temporada alta"},"content":{"rendered":"<div class=\"flex_column av_one_full  flex_column_div av-zero-column-padding first  avia-builder-el-0  el_before_av_one_full  avia-builder-el-first  \" style='border-radius:0px; '><div  class='avia-image-container  av-styling-    avia-builder-el-1  avia-builder-el-no-sibling  avia-align-center '  itemprop=\"image\" itemscope=\"itemscope\" itemtype=\"https:\/\/schema.org\/ImageObject\"  ><div class='avia-image-container-inner'><div class='avia-image-overlay-wrap'><img decoding=\"async\" class='wp-image-62629 avia-img-lazy-loading-not-62629 avia_image' src=\"https:\/\/radiorevelacionfm.cl\/wp-content\/uploads\/2025\/12\/CAMPANA-REGISTRO-001-1-1.jpg\" alt='' title='CAMPA\u00d1A REGISTRO 001 (1) (1)' height=\"755\" width=\"801\"  itemprop=\"thumbnailUrl\" srcset=\"https:\/\/radiorevelacionfm.cl\/wp-content\/uploads\/2025\/12\/CAMPANA-REGISTRO-001-1-1.jpg 801w, https:\/\/radiorevelacionfm.cl\/wp-content\/uploads\/2025\/12\/CAMPANA-REGISTRO-001-1-1-300x283.jpg 300w, https:\/\/radiorevelacionfm.cl\/wp-content\/uploads\/2025\/12\/CAMPANA-REGISTRO-001-1-1-768x724.jpg 768w, https:\/\/radiorevelacionfm.cl\/wp-content\/uploads\/2025\/12\/CAMPANA-REGISTRO-001-1-1-705x665.jpg 705w, https:\/\/radiorevelacionfm.cl\/wp-content\/uploads\/2025\/12\/CAMPANA-REGISTRO-001-1-1-450x424.jpg 450w, https:\/\/radiorevelacionfm.cl\/wp-content\/uploads\/2025\/12\/CAMPANA-REGISTRO-001-1-1-600x566.jpg 600w\" sizes=\"(max-width: 801px) 100vw, 801px\" \/><\/div><\/div><\/div><\/div><div class=\"flex_column av_one_full  flex_column_div av-zero-column-padding first  avia-builder-el-2  el_after_av_one_full  el_before_av_one_full  column-top-margin\" style='border-radius:0px; '><section class=\"av_textblock_section \"  itemscope=\"itemscope\" itemtype=\"https:\/\/schema.org\/BlogPosting\" itemprop=\"blogPost\" ><div class='avia_textblock  '   itemprop=\"text\" ><p style=\"text-align: center;\"><span style=\"font-size: 18pt;\"><b>Municipio de Ays\u00e9n y\u00a0Sernatur\u00a0refuerzan llamado a empresas tur\u00edsticas a registrarse y mantener vigente su inscripci\u00f3n durante la temporada alta<\/b><\/span><\/p>\n<div id=\"gtx-trans\" style=\"position: absolute; left: -50px; top: 4.31534px;\">\n<div class=\"gtx-trans-icon\"><\/div>\n<\/div>\n<\/div><\/section><\/div><div class=\"flex_column av_one_full  flex_column_div av-zero-column-padding first  avia-builder-el-4  el_after_av_one_full  el_before_av_hr  column-top-margin\" style='border-radius:0px; '><section class=\"av_textblock_section \"  itemscope=\"itemscope\" itemtype=\"https:\/\/schema.org\/BlogPosting\" itemprop=\"blogPost\" ><div class='avia_textblock  '   itemprop=\"text\" ><p style=\"text-align: justify;\"><em>La actividad puso \u00e9nfasis en la seguridad y la calidad como base para una buena experiencia de visitantes, especialmente en servicios de alojamiento, turismo aventura y actividades n\u00e1uticas, destacando que cumplir con la normativa fortalece la confianza y la competitividad del destino Ays\u00e9n Patagonia.\u00a0<\/em><\/p>\n<p style=\"text-align: justify;\">En el marco de la campa\u00f1a de registro de prestadores de servicios tur\u00edsticos para la temporada 2025\u20132026, Sernatur Ays\u00e9n y el municipio de Ays\u00e9n realizaron un punto de prensa para reforzar el llamado a registrarse y mantener vigente el registro, cumpliendo con las medidas de seguridad y los est\u00e1ndares exigidos por ley.<\/p>\n<p style=\"text-align: justify;\">La actividad cont\u00f3 con la participaci\u00f3n del director regional de\u00a0Sernatur\u00a0Ays\u00e9n, Claudio Montecinos; Juan Pablo Altamirano, encargado de Turismo del Municipio de Ays\u00e9n; y Rolando Toledo, prestador de turismo n\u00e1utico de la comuna, quienes destacaron la formalizaci\u00f3n como un elemento clave para asegurar experiencias tur\u00edsticas seguras, responsables y de calidad, y continuar fortaleciendo la competitividad del destino Ays\u00e9n Patagonia.<\/p>\n<p style=\"text-align: justify;\">En la ocasi\u00f3n, el director de\u00a0Sernatur\u00a0Ays\u00e9n enfatiz\u00f3 la importancia de cumplir con lo establecido en la Ley de Turismo, ya que permite resguardar condiciones de seguridad en las experiencias tur\u00edsticas que se desarrollan en la regi\u00f3n.\u00a0\u201cPara nosotros es muy importante\u00a0que las empresas de turismo de nuestra regi\u00f3n formalicen sus servicios tur\u00edsticos a trav\u00e9s del ingreso al sistema de registro de\u00a0Sernatur. El\u00a0registro de prestadores de servicios tur\u00edsticos est\u00e1 regulado por la Ley de Turismo, en la cual se determina la obligatoriedad por parte de las empresas de turismo de alojamiento y de turismo de aventura, de mantener actualizado su registro y cumplir con los est\u00e1ndares de seguridad que exige la norma\u201d, recalc\u00f3 el director regional.<\/p>\n<p style=\"text-align: justify;\">Cabe se\u00f1alar que las actividades tur\u00edsticas en Chile se rigen por la Ley de Turismo\u00a0N\u00b0\u00a020.423 y el Decreto\u00a0N.\u00ba\u00a019 del Sistema de Clasificaci\u00f3n, Calidad y Seguridad de los Prestadores de Servicios Tur\u00edsticos, que establecen el registro obligatorio para servicios de alojamiento tur\u00edstico y exigencias de seguridad para actividades de turismo aventura. En el caso del turismo n\u00e1utico, los prestadores deben cumplir, adem\u00e1s, con lo establecido en la circular A-41\/003 de la Direcci\u00f3n General del Territorio Mar\u00edtimo y de Marina Mercante (Directemar), aplicable a actividades deportivas y recreativas desarrolladas en aguas sometidas a soberan\u00eda y jurisdicci\u00f3n nacional, tales como buceo, arriendo de kayaks, rafting, pesca recreativa, motos de agua y paseos n\u00e1uticos, entre otras.<\/p>\n<p style=\"text-align: justify;\">El punto de prensa se llev\u00f3 a cabo en la embarcaci\u00f3n\u00a0Ayacara, que realiza paseos n\u00e1uticos por el r\u00edo Ays\u00e9n y cuenta con sus registros vigentes, cumpliendo as\u00ed con la normativa que regula este tipo de actividad tur\u00edstica. En la actividad, el prestador de servicios n\u00e1uticos, Rolando Toledo, valor\u00f3 la importancia de operar con los est\u00e1ndares exigidos. \u201cAc\u00e1 hay un tema \u00e9tico de trabajo, va m\u00e1s all\u00e1 de la obligaci\u00f3n que, como empresa, debes cumplir, se trata de entregar lo mejor a nuestros clientes y poner el nombre de la regi\u00f3n muy alto, para que no haya accidentes (&#8230;). Al formalizar, adem\u00e1s, se regula la posible competencia desleal de quienes operan de manera irregular y pasan a llevar temas de seguridad, cuando hay accidentes, nos impacta a todos, aunque uno est\u00e9 en regla\u201d, recalc\u00f3 Rolando Toledo.<\/p>\n<p style=\"text-align: justify;\">Desde el Municipio de Ays\u00e9n, el encargado de turismo, Juan Pablo Altamirano, destac\u00f3 que la formalizaci\u00f3n permite visibilizar la oferta y fortalecer el destino comunal. \u201cPara el municipio de Ays\u00e9n es de mucha relevancia contar con servicios tur\u00edsticos que se acojan a la normativa vigente y est\u00e9n inscritos en\u00a0Sernatur, para visibilizarse como una oferta seria para quienes nos visitan y tambi\u00e9n para nuestra comunidad, que puede acceder a estos servicios. De esa forma entregamos seriedad al servicio y destacamos la importancia de nuestra comuna para ser un destino serio y formalizado\u201d, enfatiz\u00f3.<\/p>\n<p style=\"text-align: justify;\">Finalmente,\u00a0Sernatur\u00a0Ays\u00e9n reiter\u00f3 el llamado a las empresas del rubro a iniciar el proceso de inscripci\u00f3n si a\u00fan no est\u00e1n registradas, y a quienes ya lo est\u00e1n, a revisar y actualizar su documentaci\u00f3n para operar de manera segura durante la temporada estival.<\/p>\n<\/div><\/section><\/div><div  style='height:50px' class='hr hr-invisible   avia-builder-el-6  el_after_av_one_full  el_before_av_social_share '><span class='hr-inner ' ><span class='hr-inner-style'><\/span><\/span><\/div><\/p>\n<div  class='av-social-sharing-box  avia-builder-el-7  el_after_av_hr  el_before_av_hr  '><div class='av-share-box'><h5 class='av-share-link-description av-no-toc '>Compartir esta noticia<\/h5><ul class='av-share-box-list noLightbox'><li class='av-share-link av-social-link-facebook' ><a target=\"_blank\" aria-label=\"Compartir en Facebook\" href='https:\/\/www.facebook.com\/sharer.php?u=https:\/\/radiorevelacionfm.cl\/?p=62628&#038;t=Municipio%20de%20Ays%C3%A9n%20y%20Sernatur%20refuerzan%20llamado%20a%20empresas%20tur%C3%ADsticas%20a%20registrarse%20y%20mantener%20vigente%20su%20inscripci%C3%B3n%20durante%20la%20temporada%20alta' aria-hidden='false' data-av_icon='\ue8f3' data-av_iconfont='entypo-fontello' title='' data-avia-related-tooltip='Compartir en Facebook' rel=\"noopener\"><span class='avia_hidden_link_text'>Compartir en Facebook<\/span><\/a><\/li><li class='av-share-link av-social-link-twitter' ><a target=\"_blank\" aria-label=\"Compartir en Twitter\" href='https:\/\/twitter.com\/share?text=Municipio%20de%20Ays%C3%A9n%20y%20Sernatur%20refuerzan%20llamado%20a%20empresas%20tur%C3%ADsticas%20a%20registrarse%20y%20mantener%20vigente%20su%20inscripci%C3%B3n%20durante%20la%20temporada%20alta&#038;url=https:\/\/radiorevelacionfm.cl\/?p=62628' aria-hidden='false' data-av_icon='\ue8f1' data-av_iconfont='entypo-fontello' title='' data-avia-related-tooltip='Compartir en Twitter' rel=\"noopener\"><span class='avia_hidden_link_text'>Compartir en Twitter<\/span><\/a><\/li><li class='av-share-link av-social-link-whatsapp' ><a target=\"_blank\" aria-label=\"Compartir en Whatsapp\" href='https:\/\/api.whatsapp.com\/send?text=https:\/\/radiorevelacionfm.cl\/?p=62628' aria-hidden='false' data-av_icon='\uf232' data-av_iconfont='entypo-fontello' title='' data-avia-related-tooltip='Compartir en Whatsapp' rel=\"noopener\"><span class='avia_hidden_link_text'>Compartir en Whatsapp<\/span><\/a><\/li><li class='av-share-link av-social-link-linkedin' ><a target=\"_blank\" aria-label=\"Compartir en LinkedIn\" href='https:\/\/linkedin.com\/shareArticle?mini=true&#038;title=Municipio%20de%20Ays%C3%A9n%20y%20Sernatur%20refuerzan%20llamado%20a%20empresas%20tur%C3%ADsticas%20a%20registrarse%20y%20mantener%20vigente%20su%20inscripci%C3%B3n%20durante%20la%20temporada%20alta&#038;url=https:\/\/radiorevelacionfm.cl\/?p=62628' aria-hidden='false' data-av_icon='\ue8fc' data-av_iconfont='entypo-fontello' title='' data-avia-related-tooltip='Compartir en LinkedIn' rel=\"noopener\"><span class='avia_hidden_link_text'>Compartir en LinkedIn<\/span><\/a><\/li><li class='av-share-link av-social-link-mail' ><a  aria-label=\"Compartir por correo\" href='mailto:?subject=Municipio%20de%20Ays%C3%A9n%20y%20Sernatur%20refuerzan%20llamado%20a%20empresas%20tur%C3%ADsticas%20a%20registrarse%20y%20mantener%20vigente%20su%20inscripci%C3%B3n%20durante%20la%20temporada%20alta&#038;body=https:\/\/radiorevelacionfm.cl\/?p=62628' aria-hidden='false' data-av_icon='\ue805' data-av_iconfont='entypo-fontello' title='' data-avia-related-tooltip='Compartir por correo'><span class='avia_hidden_link_text'>Compartir por correo<\/span><\/a><\/li><\/ul><\/div><\/div>\n<div  style='height:50px' class='hr hr-invisible   avia-builder-el-8  el_after_av_social_share  el_before_av_comments_list '><span class='hr-inner ' ><span class='hr-inner-style'><\/span><\/span><\/div>\n<div  class='av-buildercomment  av-blog-meta-html-info-disabled av-blog-meta-tag-disabled  '><\/div>\n","protected":false},"excerpt":{"rendered":"","protected":false},"author":1,"featured_media":62629,"comment_status":"closed","ping_status":"closed","sticky":false,"template":"","format":"standard","meta":{"footnotes":""},"categories":[54],"tags":[],"class_list":["post-62628","post","type-post","status-publish","format-standard","has-post-thumbnail","hentry","category-turismo"],"jetpack_featured_media_url":"https:\/\/radiorevelacionfm.cl\/wp-content\/uploads\/2025\/12\/CAMPANA-REGISTRO-001-1-1.jpg","_links":{"self":[{"href":"https:\/\/radiorevelacionfm.cl\/index.php?rest_route=\/wp\/v2\/posts\/62628","targetHints":{"allow":["GET"]}}],"collection":[{"href":"https:\/\/radiorevelacionfm.cl\/index.php?rest_route=\/wp\/v2\/posts"}],"about":[{"href":"https:\/\/radiorevelacionfm.cl\/index.php?rest_route=\/wp\/v2\/types\/post"}],"author":[{"embeddable":true,"href":"https:\/\/radiorevelacionfm.cl\/index.php?rest_route=\/wp\/v2\/users\/1"}],"replies":[{"embeddable":true,"href":"https:\/\/radiorevelacionfm.cl\/index.php?rest_route=%2Fwp%2Fv2%2Fcomments&post=62628"}],"version-history":[{"count":2,"href":"https:\/\/radiorevelacionfm.cl\/index.php?rest_route=\/wp\/v2\/posts\/62628\/revisions"}],"predecessor-version":[{"id":62631,"href":"https:\/\/radiorevelacionfm.cl\/index.php?rest_route=\/wp\/v2\/posts\/62628\/revisions\/62631"}],"wp:featuredmedia":[{"embeddable":true,"href":"https:\/\/radiorevelacionfm.cl\/index.php?rest_route=\/wp\/v2\/media\/62629"}],"wp:attachment":[{"href":"https:\/\/radiorevelacionfm.cl\/index.php?rest_route=%2Fwp%2Fv2%2Fmedia&parent=62628"}],"wp:term":[{"taxonomy":"category","embeddable":true,"href":"https:\/\/radiorevelacionfm.cl\/index.php?rest_route=%2Fwp%2Fv2%2Fcategories&post=62628"},{"taxonomy":"post_tag","embeddable":true,"href":"https:\/\/radiorevelacionfm.cl\/index.php?rest_route=%2Fwp%2Fv2%2Ftags&post=62628"}],"curies":[{"name":"wp","href":"https:\/\/api.w.org\/{rel}","templated":true}]}}